{"id":1015,"date":"2015-01-20T14:22:43","date_gmt":"2015-01-20T14:22:43","guid":{"rendered":"http:\/\/fundacionseguroscaracas.org\/?p=1015"},"modified":"2015-01-20T14:54:35","modified_gmt":"2015-01-20T14:54:35","slug":"cuidado-en-la-via-en-radio","status":"publish","type":"post","link":"https:\/\/fundacionseguroscaracas.com\/?p=1015","title":{"rendered":"\u00abCuidado en la V\u00eda\u00bb en radio"},"content":{"rendered":"<p><a href=\"http:\/\/fundacionseguroscaracas.org\/wp-content\/uploads\/2015\/01\/CuidadoEnLaV\u00edaRadial2.jpg\"><img loading=\"lazy\" decoding=\"async\" class=\"alignright size-full wp-image-1017\" src=\"http:\/\/fundacionseguroscaracas.org\/wp-content\/uploads\/2015\/01\/CuidadoEnLaV\u00edaRadial2.jpg\" alt=\"CuidadoEnLaV\u00edaRadial2\" width=\"314\" height=\"129\" srcset=\"https:\/\/fundacionseguroscaracas.com\/wp-content\/uploads\/2015\/01\/CuidadoEnLaV\u00edaRadial2.jpg 314w, https:\/\/fundacionseguroscaracas.com\/wp-content\/uploads\/2015\/01\/CuidadoEnLaV\u00edaRadial2-250x102.jpg 250w, https:\/\/fundacionseguroscaracas.com\/wp-content\/uploads\/2015\/01\/CuidadoEnLaV\u00edaRadial2-125x51.jpg 125w\" sizes=\"auto, (max-width: 314px) 100vw, 314px\" \/><\/a>A partir de hoy, martes 20 de enero, la <a href=\"http:\/\/fundacionseguroscaracas.org\/2014\/05\/20\/crean-la-red-venezolana-de-seguridad-vial\/\" target=\"_blank\"><em>Red Venezolana de Seguridad Vial<\/em><\/a> pone al aire\u00a0\u00abCuidado en la V\u00eda\u00bb, un programa de\u00a0radio dedicado exclusivamente al tema de la prevenci\u00f3n\u00a0vial.<!--more--><\/p>\n<p>El espacio ser\u00e1 conducido por\u00a0Mar\u00eda Carolina Borges y Roger Eliud L\u00f3pez, ambos con una vasta experiencia en\u00a0lo relacionado a la seguridad vial, y\u00a0se transmitir\u00e1 todos los martes a partir de las\u00a06:30 p.m., a trav\u00e9s de\u00a0toda la Red Nacional de emisoras de <em>Radio Fe y Alegr\u00eda<\/em>, constituida por 27 estaciones.<\/p>\n<p>La se\u00f1al matriz sale desde M\u00e9rida 105.9 FM y se podr\u00e1 escuchar v\u00eda streamming. La se\u00f1al Nacional es 105.7 FM y 1390 AM. En Internet:\u00a0<a style=\"color: #0186ba;\" href=\"http:\/\/radiofeyalegrianoticias.net\/\" target=\"_blank\">http:\/\/radiofeyalegrianoticias.net\/<\/a>\u00a0y\u00a0<a style=\"color: #0186ba;\" href=\"http:\/\/radiofeyalegrianoticias.net\/radios\/\" target=\"_blank\">http:\/\/radiofeyalegrianoticias.net\/radios\/<\/a>.<\/p>\n<p>Esta iniciativa radial cuenta con el\u00a0patrocinio de la <em><strong>Fundaci\u00f3n Seguros Caracas<\/strong><\/em>, como un aporte m\u00e1s a seguir fortaleciendo la cultura de la seguridad vial en nuestro pa\u00eds.<\/p>\n<p><a href=\"http:\/\/fundacionseguroscaracas.org\/wp-content\/uploads\/2015\/01\/CuidadoEnLaV\u00edaRadial.jpg\"><img loading=\"lazy\" decoding=\"async\" class=\"aligncenter size-full wp-image-1016\" src=\"http:\/\/fundacionseguroscaracas.org\/wp-content\/uploads\/2015\/01\/CuidadoEnLaV\u00edaRadial.jpg\" alt=\"CuidadoEnLaV\u00edaRadial\" width=\"640\" height=\"466\" srcset=\"https:\/\/fundacionseguroscaracas.com\/wp-content\/uploads\/2015\/01\/CuidadoEnLaV\u00edaRadial.jpg 640w, https:\/\/fundacionseguroscaracas.com\/wp-content\/uploads\/2015\/01\/CuidadoEnLaV\u00edaRadial-250x182.jpg 250w, https:\/\/fundacionseguroscaracas.com\/wp-content\/uploads\/2015\/01\/CuidadoEnLaV\u00edaRadial-125x91.jpg 125w, https:\/\/fundacionseguroscaracas.com\/wp-content\/uploads\/2015\/01\/CuidadoEnLaV\u00edaRadial-638x466.jpg 638w\" sizes=\"auto, (max-width: 640px) 100vw, 640px\" \/><\/a><\/p>\n","protected":false},"excerpt":{"rendered":"<p>A partir de hoy, martes 20 de enero, la Red Venezolana de Seguridad Vial pone al aire\u00a0\u00abCuidado en la V\u00eda\u00bb, un programa de\u00a0radio dedicado exclusivamente al tema de la prevenci\u00f3n\u00a0vial.<\/p>\n","protected":false},"author":3,"featured_media":0,"comment_status":"open","ping_status":"open","sticky":false,"template":"","format":"standard","meta":{"_monsterinsights_skip_tracking":false,"_monsterinsights_sitenote_active":false,"_monsterinsights_sitenote_note":"","_monsterinsights_sitenote_category":0,"footnotes":""},"categories":[6],"tags":[12],"class_list":["post-1015","post","type-post","status-publish","format-standard","hentry","category-novedades","tag-seguridad-vial"],"aioseo_notices":[],"_links":{"self":[{"href":"https:\/\/fundacionseguroscaracas.com\/index.php?rest_route=\/wp\/v2\/posts\/1015","targetHints":{"allow":["GET"]}}],"collection":[{"href":"https:\/\/fundacionseguroscaracas.com\/index.php?rest_route=\/wp\/v2\/posts"}],"about":[{"href":"https:\/\/fundacionseguroscaracas.com\/index.php?rest_route=\/wp\/v2\/types\/post"}],"author":[{"embeddable":true,"href":"https:\/\/fundacionseguroscaracas.com\/index.php?rest_route=\/wp\/v2\/users\/3"}],"replies":[{"embeddable":true,"href":"https:\/\/fundacionseguroscaracas.com\/index.php?rest_route=%2Fwp%2Fv2%2Fcomments&post=1015"}],"version-history":[{"count":4,"href":"https:\/\/fundacionseguroscaracas.com\/index.php?rest_route=\/wp\/v2\/posts\/1015\/revisions"}],"predecessor-version":[{"id":1025,"href":"https:\/\/fundacionseguroscaracas.com\/index.php?rest_route=\/wp\/v2\/posts\/1015\/revisions\/1025"}],"wp:attachment":[{"href":"https:\/\/fundacionseguroscaracas.com\/index.php?rest_route=%2Fwp%2Fv2%2Fmedia&parent=1015"}],"wp:term":[{"taxonomy":"category","embeddable":true,"href":"https:\/\/fundacionseguroscaracas.com\/index.php?rest_route=%2Fwp%2Fv2%2Fcategories&post=1015"},{"taxonomy":"post_tag","embeddable":true,"href":"https:\/\/fundacionseguroscaracas.com\/index.php?rest_route=%2Fwp%2Fv2%2Ftags&post=1015"}],"curies":[{"name":"wp","href":"https:\/\/api.w.org\/{rel}","templated":true}]}}