{"id":1043,"date":"2015-02-06T03:06:32","date_gmt":"2015-02-06T03:06:32","guid":{"rendered":"http:\/\/fundacionseguroscaracas.org\/?p=1043"},"modified":"2015-02-11T03:28:46","modified_gmt":"2015-02-11T03:28:46","slug":"aqui-se-transportan-ciudadanos","status":"publish","type":"post","link":"https:\/\/fundacionseguroscaracas.com\/?p=1043","title":{"rendered":"\u00abAqu\u00ed se transportan ciudadanos\u00bb"},"content":{"rendered":"<p><a href=\"http:\/\/fundacionseguroscaracas.org\/wp-content\/uploads\/2015\/02\/Aqu\u00edSeTransportanCiudadanos3.jpg\"><img loading=\"lazy\" decoding=\"async\" class=\"alignright size-full wp-image-1045\" src=\"http:\/\/fundacionseguroscaracas.org\/wp-content\/uploads\/2015\/02\/Aqu\u00edSeTransportanCiudadanos3.jpg\" alt=\"Aqu\u00edSeTransportanCiudadanos3\" width=\"306\" height=\"180\" srcset=\"https:\/\/fundacionseguroscaracas.com\/wp-content\/uploads\/2015\/02\/Aqu\u00edSeTransportanCiudadanos3.jpg 306w, https:\/\/fundacionseguroscaracas.com\/wp-content\/uploads\/2015\/02\/Aqu\u00edSeTransportanCiudadanos3-250x147.jpg 250w, https:\/\/fundacionseguroscaracas.com\/wp-content\/uploads\/2015\/02\/Aqu\u00edSeTransportanCiudadanos3-125x73.jpg 125w\" sizes=\"auto, (max-width: 306px) 100vw, 306px\" \/><\/a>La <strong><em>Asociaci\u00f3n Civil Por la Caracas Posible<\/em><\/strong> siempre enfocada a contribuir con la mejora de la calidad de vida de los habitantes del \u00c1rea Metropolitana de Caracas y bajo los lineamientos del proyecto \u201cCaracas Educadora\u201d comenz\u00f3 hoy, junto a la <strong><em>Fundaci\u00f3n Seguros Caracas<\/em><\/strong>, \u00a0la campa\u00f1a <em>\u00abAqu\u00ed se Transportan Ciudadanos\u00bb<\/em>, dirigida a los operadores y usuarios del transporte p\u00fablico.<!--more--><\/p>\n<p>El principal medio de transporte de la ciudad de Caracas, luego del metro, es el transporte colectivo, el cual cubre las principales rutas urbanas y suburbanas de la capital. Este sistema presenta diferentes carencias, pero una de las m\u00e1s notables es el mal trato que reciben los usuarios.<\/p>\n<p>Fredery Calder\u00f3n, presidente de la Caracas Posible, afirma que \u201cactualmente los usuarios y operadores no tienen un comportamiento adecuado,\u00a0 por lo que genera el incumplimiento de las normas y se dificulta la convivencia, debido a que no se reconocen los derechos y los deberes de los involucrados, lo cual crea un caos en el sistema de transporte\u201d adem\u00e1s agreg\u00f3 que estas conductas ponen en riesgo la seguridad vial y personal de los usuarios.<\/p>\n<p>Con el fin de generar sentido de pertenencia y favorecer a la cultura ciudadana, se desarroll\u00f3 un ciclo de talleres, en el municipio Sucre en alianza con el IMAT de la Alcald\u00eda de Sucre, dirigido a los conductores, presidentes de l\u00edneas, propietarios de unidades y colectores. Estos talleres tuvieron tres componentes: Cultura Ciudadana, la cual se define como una propuesta innovadora para prevenir la violencia, generar diversidad, tolerancia y sentido de pertenencia; el protocolo adecuado para servir a las personas con discapacidad, este espacio fue desarrollado por la Asociaci\u00f3n Civil Buena voluntad y por \u00faltimo el trato al adulto mayor impartido por la <em>Fundaci\u00f3n Santo Domingo<\/em>.<\/p>\n<p>Durante el lanzamiento de la campa\u00f1a, tambi\u00e9n se le\u00a0entreg\u00f3\u00a0a los participantes un certificado de formaci\u00f3n y un<em> Cd<\/em> de m\u00fasica para generar un ambiente ameno en el recorrido. Las unidades de transporte que se han sumado a esta iniciativa se encuentran en proceso de rotulaci\u00f3n en el vidrio trasero con la imagen de la campa\u00f1a.<\/p>\n<p>Se espera extender esta iniciativa a otros municipios del \u00c1rea Metropolitana de Caracas. Calder\u00f3n finaliz\u00f3 diciendo que \u201cestamos comprometidos en mejorar la convivencia, y para eso hay que sumar esfuerzos con las alcald\u00edas y\u00a0 otros actores como lo estamos haciendo actualmente con la <em>Fundaci\u00f3n Seguros Caracas,<\/em>\u00a0la Alcald\u00eda de Sucre y los operadores del transporte p\u00fablico\u201d.<\/p>\n<p><a href=\"http:\/\/fundacionseguroscaracas.org\/wp-content\/uploads\/2015\/02\/Aqu\u00edSeTransportanCiudadanos.jpg\"><img loading=\"lazy\" decoding=\"async\" class=\"aligncenter size-full wp-image-1044\" src=\"http:\/\/fundacionseguroscaracas.org\/wp-content\/uploads\/2015\/02\/Aqu\u00edSeTransportanCiudadanos.jpg\" alt=\"Aqu\u00edSeTransportanCiudadanos\" width=\"640\" height=\"454\" srcset=\"https:\/\/fundacionseguroscaracas.com\/wp-content\/uploads\/2015\/02\/Aqu\u00edSeTransportanCiudadanos.jpg 640w, https:\/\/fundacionseguroscaracas.com\/wp-content\/uploads\/2015\/02\/Aqu\u00edSeTransportanCiudadanos-250x177.jpg 250w, https:\/\/fundacionseguroscaracas.com\/wp-content\/uploads\/2015\/02\/Aqu\u00edSeTransportanCiudadanos-125x88.jpg 125w, https:\/\/fundacionseguroscaracas.com\/wp-content\/uploads\/2015\/02\/Aqu\u00edSeTransportanCiudadanos-638x454.jpg 638w\" sizes=\"auto, (max-width: 640px) 100vw, 640px\" \/><\/a><\/p>\n","protected":false},"excerpt":{"rendered":"<p>La Asociaci\u00f3n Civil Por la Caracas Posible siempre enfocada a contribuir con la mejora de la calidad de vida de los habitantes del \u00c1rea Metropolitana de Caracas y bajo los lineamientos del proyecto \u201cCaracas Educadora\u201d comenz\u00f3 hoy, junto a la Fundaci\u00f3n Seguros Caracas, \u00a0la campa\u00f1a \u00abAqu\u00ed se Transportan Ciudadanos\u00bb, dirigida a los operadores y usuarios [&hellip;]<\/p>\n","protected":false},"author":3,"featured_media":0,"comment_status":"open","ping_status":"open","sticky":false,"template":"","format":"standard","meta":{"_monsterinsights_skip_tracking":false,"_monsterinsights_sitenote_active":false,"_monsterinsights_sitenote_note":"","_monsterinsights_sitenote_category":0,"footnotes":""},"categories":[6],"tags":[63,11,12],"class_list":["post-1043","post","type-post","status-publish","format-standard","hentry","category-novedades","tag-asociacion-civil-por-la-caracas-posible","tag-fundacion-seguros-caracas","tag-seguridad-vial"],"aioseo_notices":[],"_links":{"self":[{"href":"https:\/\/fundacionseguroscaracas.com\/index.php?rest_route=\/wp\/v2\/posts\/1043","targetHints":{"allow":["GET"]}}],"collection":[{"href":"https:\/\/fundacionseguroscaracas.com\/index.php?rest_route=\/wp\/v2\/posts"}],"about":[{"href":"https:\/\/fundacionseguroscaracas.com\/index.php?rest_route=\/wp\/v2\/types\/post"}],"author":[{"embeddable":true,"href":"https:\/\/fundacionseguroscaracas.com\/index.php?rest_route=\/wp\/v2\/users\/3"}],"replies":[{"embeddable":true,"href":"https:\/\/fundacionseguroscaracas.com\/index.php?rest_route=%2Fwp%2Fv2%2Fcomments&post=1043"}],"version-history":[{"count":2,"href":"https:\/\/fundacionseguroscaracas.com\/index.php?rest_route=\/wp\/v2\/posts\/1043\/revisions"}],"predecessor-version":[{"id":1047,"href":"https:\/\/fundacionseguroscaracas.com\/index.php?rest_route=\/wp\/v2\/posts\/1043\/revisions\/1047"}],"wp:attachment":[{"href":"https:\/\/fundacionseguroscaracas.com\/index.php?rest_route=%2Fwp%2Fv2%2Fmedia&parent=1043"}],"wp:term":[{"taxonomy":"category","embeddable":true,"href":"https:\/\/fundacionseguroscaracas.com\/index.php?rest_route=%2Fwp%2Fv2%2Fcategories&post=1043"},{"taxonomy":"post_tag","embeddable":true,"href":"https:\/\/fundacionseguroscaracas.com\/index.php?rest_route=%2Fwp%2Fv2%2Ftags&post=1043"}],"curies":[{"name":"wp","href":"https:\/\/api.w.org\/{rel}","templated":true}]}}