{"id":1072,"date":"2015-02-24T01:08:56","date_gmt":"2015-02-24T01:08:56","guid":{"rendered":"http:\/\/fundacionseguroscaracas.org\/?p=1072"},"modified":"2015-03-02T01:24:22","modified_gmt":"2015-03-02T01:24:22","slug":"locos-de-carretera-via-a-oriente","status":"publish","type":"post","link":"https:\/\/fundacionseguroscaracas.com\/?p=1072","title":{"rendered":"Locos de Carretera v\u00eda a Oriente"},"content":{"rendered":"<p><span style=\"color: #606060;\"><a href=\"http:\/\/fundacionseguroscaracas.org\/wp-content\/uploads\/2015\/03\/LocosDeCarreteraVan.jpg\"><img loading=\"lazy\" decoding=\"async\" class=\"alignright size-full wp-image-1074\" src=\"http:\/\/fundacionseguroscaracas.org\/wp-content\/uploads\/2015\/03\/LocosDeCarreteraVan.jpg\" alt=\"LocosDeCarreteraVan\" width=\"338\" height=\"198\" srcset=\"https:\/\/fundacionseguroscaracas.com\/wp-content\/uploads\/2015\/03\/LocosDeCarreteraVan.jpg 338w, https:\/\/fundacionseguroscaracas.com\/wp-content\/uploads\/2015\/03\/LocosDeCarreteraVan-250x146.jpg 250w, https:\/\/fundacionseguroscaracas.com\/wp-content\/uploads\/2015\/03\/LocosDeCarreteraVan-125x73.jpg 125w\" sizes=\"auto, (max-width: 338px) 100vw, 338px\" \/><\/a><span style=\"color: rgb(0, 0, 0);\">Los m\u00fasicos Manuel Alejandro Rangel y Edward Ram\u00edrez retomar\u00e1n la aventura musical \u00a0que iniciaron en agosto del a\u00f1o pasado, titulada\u00a0<\/span><\/span><span style=\"color: #000000;\"><em style=\"color: #606060;\">Locos de Carretera,<\/em> cuando emprendieron una gira de conciertos nada convencional que visit\u00f3 once ciudades en ocho d\u00edas\u00a0 y que, en esta oportunidad\u00a0\u201cpica y se extiende\u201d\u00a0 para llevar una propuesta musical \u00fanica al oriente del pa\u00eds desde el 4 hasta el 15 de marzo.<\/span><br \/>\n<!--more--><\/p>\n<p><span style=\"color: rgb(0, 0, 0);\">Las ciudades incluidas en el cap\u00edtulo Oriente de\u00a0<em style=\"color: #606060;\">Locos de Carretera<\/em>\u00a0son Puerto la Cruz, Matur\u00edn, Ciudad Bol\u00edvar, Puerto Ordaz, \u00a0Cuman\u00e1, R\u00edo Caribe, Car\u00fapano y Margarita.<\/span><br style=\"color: #606060;\" \/><span style=\"color: rgb(0, 0, 0);\">\u00a0<\/span><br style=\"color: #606060;\" \/><span style=\"color: rgb(0, 0, 0);\">Manuel y Edward brindar\u00e1n selectos conciertos a todas las personas del interior del pa\u00eds \u00e1vidas de conocer el movimiento musical que se vive en la actualidad. Al igual que en el cap\u00edtulo anterior de la gira, las actividades planificadas podr\u00e1n ser compartidas en tiempo real a trav\u00e9s de las redes sociales y formar\u00e1n parte de un material audiovisual que registrar\u00e1 todas las an\u00e9cdotas y vivencias del tour. <\/span><\/p>\n<p><span style=\"color: rgb(0, 0, 0);\">En esta oportunidad, el renombrado flautista y fot\u00f3grafo Luis Julio Toro (Ex Ensamble Gurruf\u00edo y conductor del programa Aventuras Sonoras) ser\u00e1 el invitado especial en algunas ciudades.<\/span><\/p>\n<p><em style=\"color: #606060;\">Locos de Carretera,<\/em>\u00a0un\u00a0 viaje musical \u00fanico con el cuatro y las maracas como protagonistas, desde su contexto tradicional org\u00e1nico, hasta la introducci\u00f3n e intervenci\u00f3n de elementos electr\u00f3nicos, demostr\u00f3 con \u00e9xito en el 2014 ser un proyecto ambicioso que lleva la m\u00fasica contempor\u00e1nea que se realiza en el pa\u00eds a m\u00e1s p\u00fablicos y lugares.<\/p>\n<p><span style=\"color: rgb(0, 0, 0);\">\u00a0<\/span><br style=\"color: #606060;\" \/><span style=\"color: rgb(0, 0, 0);\">Tanto Manuel Alejandro Rangel como Edward Ram\u00edrez son dos de los j\u00f3venes m\u00e1s virtuosos de la escena actual. Han compartido con grandes figuras musicales a nivel nacional e internacional y tienen exitosas y prol\u00edficas carreras tanto solistas como en las agrupaciones C4 Tr\u00edo, Los Sinverg\u00fcenzas, Arcano, entre otras.<\/span><br style=\"color: #606060;\" \/><span style=\"color: rgb(0, 0, 0);\">\u00a0<\/span><br style=\"color: #606060;\" \/><span style=\"color: rgb(0, 0, 0);\"><em style=\"color: #606060;\">Locos de Carretera<\/em>\u00a0es un d\u00fao que promete llevar al interior del pa\u00eds una dosis de m\u00fasica y talento sin precedentes con tradici\u00f3n, creatividad y humor.<\/span><\/p>\n<p><span style=\"color: rgb(0, 0, 0);\">Una vez m\u00e1s, <em><strong>Fundaci\u00f3n Seguros Caracas<\/strong><\/em> apoya esta aventura musical de la mano de dos talentosos j\u00f3venes venezolanos.<\/span><\/p>\n<p><a href=\"http:\/\/fundacionseguroscaracas.org\/wp-content\/uploads\/2015\/03\/LocosDeCarretera.jpg\"><img loading=\"lazy\" decoding=\"async\" class=\"aligncenter size-full wp-image-1073\" src=\"http:\/\/fundacionseguroscaracas.org\/wp-content\/uploads\/2015\/03\/LocosDeCarretera.jpg\" alt=\"LocosDeCarretera\" width=\"600\" height=\"480\" srcset=\"https:\/\/fundacionseguroscaracas.com\/wp-content\/uploads\/2015\/03\/LocosDeCarretera.jpg 600w, https:\/\/fundacionseguroscaracas.com\/wp-content\/uploads\/2015\/03\/LocosDeCarretera-250x200.jpg 250w, https:\/\/fundacionseguroscaracas.com\/wp-content\/uploads\/2015\/03\/LocosDeCarretera-125x100.jpg 125w\" sizes=\"auto, (max-width: 600px) 100vw, 600px\" \/><\/a><\/p>\n","protected":false},"excerpt":{"rendered":"<p>Los m\u00fasicos Manuel Alejandro Rangel y Edward Ram\u00edrez retomar\u00e1n la aventura musical \u00a0que iniciaron en agosto del a\u00f1o pasado, titulada\u00a0Locos de Carretera, cuando emprendieron una gira de conciertos nada convencional que visit\u00f3 once ciudades en ocho d\u00edas\u00a0 y que, en esta oportunidad\u00a0\u201cpica y se extiende\u201d\u00a0 para llevar una propuesta musical \u00fanica al oriente del pa\u00eds [&hellip;]<\/p>\n","protected":false},"author":3,"featured_media":0,"comment_status":"open","ping_status":"open","sticky":false,"template":"","format":"standard","meta":{"_monsterinsights_skip_tracking":false,"_monsterinsights_sitenote_active":false,"_monsterinsights_sitenote_note":"","_monsterinsights_sitenote_category":0,"footnotes":""},"categories":[6],"tags":[68,11],"class_list":["post-1072","post","type-post","status-publish","format-standard","hentry","category-novedades","tag-fundacionseguroscaracas","tag-fundacion-seguros-caracas"],"aioseo_notices":[],"_links":{"self":[{"href":"https:\/\/fundacionseguroscaracas.com\/index.php?rest_route=\/wp\/v2\/posts\/1072","targetHints":{"allow":["GET"]}}],"collection":[{"href":"https:\/\/fundacionseguroscaracas.com\/index.php?rest_route=\/wp\/v2\/posts"}],"about":[{"href":"https:\/\/fundacionseguroscaracas.com\/index.php?rest_route=\/wp\/v2\/types\/post"}],"author":[{"embeddable":true,"href":"https:\/\/fundacionseguroscaracas.com\/index.php?rest_route=\/wp\/v2\/users\/3"}],"replies":[{"embeddable":true,"href":"https:\/\/fundacionseguroscaracas.com\/index.php?rest_route=%2Fwp%2Fv2%2Fcomments&post=1072"}],"version-history":[{"count":1,"href":"https:\/\/fundacionseguroscaracas.com\/index.php?rest_route=\/wp\/v2\/posts\/1072\/revisions"}],"predecessor-version":[{"id":1075,"href":"https:\/\/fundacionseguroscaracas.com\/index.php?rest_route=\/wp\/v2\/posts\/1072\/revisions\/1075"}],"wp:attachment":[{"href":"https:\/\/fundacionseguroscaracas.com\/index.php?rest_route=%2Fwp%2Fv2%2Fmedia&parent=1072"}],"wp:term":[{"taxonomy":"category","embeddable":true,"href":"https:\/\/fundacionseguroscaracas.com\/index.php?rest_route=%2Fwp%2Fv2%2Fcategories&post=1072"},{"taxonomy":"post_tag","embeddable":true,"href":"https:\/\/fundacionseguroscaracas.com\/index.php?rest_route=%2Fwp%2Fv2%2Ftags&post=1072"}],"curies":[{"name":"wp","href":"https:\/\/api.w.org\/{rel}","templated":true}]}}