{"id":1098,"date":"2015-03-11T18:41:21","date_gmt":"2015-03-11T18:41:21","guid":{"rendered":"http:\/\/fundacionseguroscaracas.org\/?p=1098"},"modified":"2015-03-11T18:41:21","modified_gmt":"2015-03-11T18:41:21","slug":"la-jazz-at-lincoln-center-orchestra-pospone-conciertos-en-caracas","status":"publish","type":"post","link":"https:\/\/fundacionseguroscaracas.com\/?p=1098","title":{"rendered":"La Jazz at Lincoln Center Orchestra pospone conciertos en Caracas"},"content":{"rendered":"<p><a href=\"http:\/\/fundacionseguroscaracas.org\/wp-content\/uploads\/2015\/03\/WyntonMarsalis.jpg\"><img loading=\"lazy\" decoding=\"async\" class=\"alignright size-full wp-image-1099\" src=\"http:\/\/fundacionseguroscaracas.org\/wp-content\/uploads\/2015\/03\/WyntonMarsalis.jpg\" alt=\"WyntonMarsalis\" width=\"314\" height=\"177\" srcset=\"https:\/\/fundacionseguroscaracas.com\/wp-content\/uploads\/2015\/03\/WyntonMarsalis.jpg 314w, https:\/\/fundacionseguroscaracas.com\/wp-content\/uploads\/2015\/03\/WyntonMarsalis-250x141.jpg 250w, https:\/\/fundacionseguroscaracas.com\/wp-content\/uploads\/2015\/03\/WyntonMarsalis-125x70.jpg 125w\" sizes=\"auto, (max-width: 314px) 100vw, 314px\" \/><\/a>Los conciertos programados con la <em><a href=\"http:\/\/www.jazz.org\/\" target=\"_blank\">Jazz at Lincoln Center Orchestra<\/a>\u00a0(JLCO)<\/em> y el Maestro Wynton Marsalis, como parte de la conmemoraci\u00f3n de los 40 a\u00f1os del <em>Sistema Nacional de Orquestas y Coros Juveniles e Infantiles de Venezuela<\/em>, \u00abhan sido pospuestos\u00bb, inform\u00f3 hoy la <a href=\"http:\/\/fundamusical.org.ve\/\" target=\"_blank\">Fundaci\u00f3n Musical Sim\u00f3n Bol\u00edvar<\/a>.<!--more--><\/p>\n<p>Con el apoyo de la <a href=\"http:\/\/fundacionseguroscaracas.org\/\" target=\"_blank\"><strong><em>Fundaci\u00f3n Seguros<\/em><em> Caracas<\/em><\/strong><\/a>,<strong><em>\u00a0<\/em><\/strong>el afamado trompetista estadounidense y la orquesta de Jazz ten\u00edan programadas tres presentaciones en nuestro pa\u00eds, los d\u00edas 13, 14 y 15 del presente mes,\u00a0con su gira <em>Jazz Across the Americas.<\/em>\u00a0Esta jornada musical\u00a0inclu\u00eda una clase magistral especial con la <em>Sim\u00f3n Bol\u00edvar Big Band Jazz<\/em>, agrupaci\u00f3n que fue aplaudida recientemente por el p\u00fablico de Estados Unidos.<\/p>\n<p>A trav\u00e9s de un comunicado, la <em>Jazz at Lincoln Center<\/em> explic\u00f3 que la medida fue tomada para no desviar \u201cla atenci\u00f3n de la tan merecida celebraci\u00f3n de las cuatro d\u00e9cadas de excelencia de El Sistema\u201d.<\/p>\n<p>A continuaci\u00f3n, el comunicado oficial de la\u00a0<em>Jazz at Lincoln Center<\/em>:<\/p>\n<p>\u00abDespu\u00e9s de considerarlo mucho, <em>Jazz at Lincoln Center<\/em> ha tomado la dif\u00edcil decisi\u00f3n de reprogramar nuestros conciertos y actividades educativas, que se llevar\u00edan a cabo esta semana en Caracas. Desafortunadamente, nuestra presencia en Venezuela, en este momento particular, podr\u00eda desviar la atenci\u00f3n de la tan merecida celebraci\u00f3n de las cuatro d\u00e9cadas de excelencia de El Sistema.<\/p>\n<p>A lo largo de esta \u00faltima d\u00e9cada, nosotros hemos desarrollado una fruct\u00edfera relaci\u00f3n art\u00edstica y educativa con los j\u00f3venes m\u00fasicos de El Sistema, nuestros anfitriones en Venezuela. Esta semana ten\u00edamos programados dos conciertos y 10 actividades educativas para atraer, comprometer e inspirar a miles de estudiantes y miembros de la comunidad.<\/p>\n<p>El impacto del trabajo pionero del Maestro Abreu en educaci\u00f3n musical a trav\u00e9s de El Sistema no debe ser subestimado. De Venezuela hacia el mundo, \u00e9ste se ha convertido en un m\u00e9todo de educaci\u00f3n musical transformador por naturaleza, a escala global, incomparable en calidad. Nosotros en Jazz at Lincoln Center nos esforzamos por encarnar el mismo esp\u00edritu de excelencia y compromiso con la educaci\u00f3n, usando la m\u00fasica y la cultura como una forma de elevar el esp\u00edritu humano. Y esperamos hacer esto junto a nuestros amigos en Caracas en una fecha futura\u00bb.<\/p>\n<p><a href=\"http:\/\/fundacionseguroscaracas.org\/wp-content\/uploads\/2015\/03\/JazzAtLincolnCenter.jpg\"><img loading=\"lazy\" decoding=\"async\" class=\"aligncenter size-full wp-image-1100\" src=\"http:\/\/fundacionseguroscaracas.org\/wp-content\/uploads\/2015\/03\/JazzAtLincolnCenter.jpg\" alt=\"JazzAtLincolnCenter\" width=\"537\" height=\"357\" srcset=\"https:\/\/fundacionseguroscaracas.com\/wp-content\/uploads\/2015\/03\/JazzAtLincolnCenter.jpg 537w, https:\/\/fundacionseguroscaracas.com\/wp-content\/uploads\/2015\/03\/JazzAtLincolnCenter-250x166.jpg 250w, https:\/\/fundacionseguroscaracas.com\/wp-content\/uploads\/2015\/03\/JazzAtLincolnCenter-300x200.jpg 300w, https:\/\/fundacionseguroscaracas.com\/wp-content\/uploads\/2015\/03\/JazzAtLincolnCenter-125x83.jpg 125w\" sizes=\"auto, (max-width: 537px) 100vw, 537px\" \/><\/a><\/p>\n","protected":false},"excerpt":{"rendered":"<p>Los conciertos programados con la Jazz at Lincoln Center Orchestra\u00a0(JLCO) y el Maestro Wynton Marsalis, como parte de la conmemoraci\u00f3n de los 40 a\u00f1os del Sistema Nacional de Orquestas y Coros Juveniles e Infantiles de Venezuela, \u00abhan sido pospuestos\u00bb, inform\u00f3 hoy la Fundaci\u00f3n Musical Sim\u00f3n Bol\u00edvar.<\/p>\n","protected":false},"author":3,"featured_media":0,"comment_status":"open","ping_status":"open","sticky":false,"template":"","format":"standard","meta":{"_monsterinsights_skip_tracking":false,"_monsterinsights_sitenote_active":false,"_monsterinsights_sitenote_note":"","_monsterinsights_sitenote_category":0,"footnotes":""},"categories":[6],"tags":[27,11,71,72],"class_list":["post-1098","post","type-post","status-publish","format-standard","hentry","category-novedades","tag-fundacion-musical-simon-bolivar","tag-fundacion-seguros-caracas","tag-jazz-at-lincoln-center","tag-wynton-marsalis"],"aioseo_notices":[],"_links":{"self":[{"href":"https:\/\/fundacionseguroscaracas.com\/index.php?rest_route=\/wp\/v2\/posts\/1098","targetHints":{"allow":["GET"]}}],"collection":[{"href":"https:\/\/fundacionseguroscaracas.com\/index.php?rest_route=\/wp\/v2\/posts"}],"about":[{"href":"https:\/\/fundacionseguroscaracas.com\/index.php?rest_route=\/wp\/v2\/types\/post"}],"author":[{"embeddable":true,"href":"https:\/\/fundacionseguroscaracas.com\/index.php?rest_route=\/wp\/v2\/users\/3"}],"replies":[{"embeddable":true,"href":"https:\/\/fundacionseguroscaracas.com\/index.php?rest_route=%2Fwp%2Fv2%2Fcomments&post=1098"}],"version-history":[{"count":1,"href":"https:\/\/fundacionseguroscaracas.com\/index.php?rest_route=\/wp\/v2\/posts\/1098\/revisions"}],"predecessor-version":[{"id":1101,"href":"https:\/\/fundacionseguroscaracas.com\/index.php?rest_route=\/wp\/v2\/posts\/1098\/revisions\/1101"}],"wp:attachment":[{"href":"https:\/\/fundacionseguroscaracas.com\/index.php?rest_route=%2Fwp%2Fv2%2Fmedia&parent=1098"}],"wp:term":[{"taxonomy":"category","embeddable":true,"href":"https:\/\/fundacionseguroscaracas.com\/index.php?rest_route=%2Fwp%2Fv2%2Fcategories&post=1098"},{"taxonomy":"post_tag","embeddable":true,"href":"https:\/\/fundacionseguroscaracas.com\/index.php?rest_route=%2Fwp%2Fv2%2Ftags&post=1098"}],"curies":[{"name":"wp","href":"https:\/\/api.w.org\/{rel}","templated":true}]}}