{"id":1118,"date":"2015-03-24T11:59:51","date_gmt":"2015-03-24T11:59:51","guid":{"rendered":"http:\/\/fundacionseguroscaracas.org\/?p=1118"},"modified":"2015-03-25T22:31:46","modified_gmt":"2015-03-25T22:31:46","slug":"rindieron-homenaje-a-zapata-con-boleros-y-operas","status":"publish","type":"post","link":"https:\/\/fundacionseguroscaracas.com\/?p=1118","title":{"rendered":"Rindieron homenaje a Zapata con \u00abBoleros y \u00d3peras\u00bb"},"content":{"rendered":"<p><a href=\"http:\/\/fundacionseguroscaracas.org\/wp-content\/uploads\/2015\/03\/ZapataElHatillo4.jpg\"><img loading=\"lazy\" decoding=\"async\" class=\"alignright size-full wp-image-1119\" src=\"http:\/\/fundacionseguroscaracas.org\/wp-content\/uploads\/2015\/03\/ZapataElHatillo4.jpg\" alt=\"ZapataElHatillo4\" width=\"314\" height=\"160\" srcset=\"https:\/\/fundacionseguroscaracas.com\/wp-content\/uploads\/2015\/03\/ZapataElHatillo4.jpg 314w, https:\/\/fundacionseguroscaracas.com\/wp-content\/uploads\/2015\/03\/ZapataElHatillo4-250x127.jpg 250w, https:\/\/fundacionseguroscaracas.com\/wp-content\/uploads\/2015\/03\/ZapataElHatillo4-125x64.jpg 125w\" sizes=\"auto, (max-width: 314px) 100vw, 314px\" \/><\/a>La Alcald\u00eda de El Hatillo junto con la Galer\u00eda Utop\u00eda 19 y en alianza con la <strong><em>Fundaci\u00f3n Seguros Caracas<\/em><\/strong> y El Nacional, inaugur\u00f3 el pasado viernes 20, la programaci\u00f3n especial en homenaje al caricaturista Pedro Le\u00f3n Zapata con la exposici\u00f3n <a href=\"http:\/\/fundacionseguroscaracas.org\/2015\/03\/17\/galeria-utopia19-y-fsc-presentan-muestra-inedita-de-zapata\/\" target=\"_blank\">\u201c<em>Boleros y \u00d3peras<\/em>\u201d<\/a><!--more-->, que consiste en una serie de cuadros in\u00e9ditos realizados por el maestro entre los a\u00f1os 2007 y 2008.<\/p>\n<p>El acto fue amenizado por\u00a0los humoristas Claudio Nazoa, Laureano M\u00e1rquez, el m\u00fasico Miguel Delgado Est\u00e9vez y Carlos Jorgez, compa\u00f1eros de vida de Zapata, quienes entre boleros y an\u00e9cdotas rindieron homenaje a la memoria de quien fuera uno de los m\u00e1s grandes humoristas y caricaturistas del pa\u00eds.<\/p>\n<p>La inauguraci\u00f3n de \u201cBoleros y \u00d3peras\u201d tuvo lugar en la Galer\u00eda Utop\u00eda 19 y comenz\u00f3 con las palabras de Nicola Bianchi, director del lugar, agradeciendo a los presentes y al maestro Zapata por legar su obra y permitir que fuera celebrada.<\/p>\n<p>El Alcalde del municipio El Hatillo, David Smolansky, tambi\u00e9n asisti\u00f3 a la actividad. All\u00ed se refiri\u00f3 a Zapata como \u201cuna persona que se mantuvo cr\u00edtica ante el poder y nos ense\u00f1\u00f3 a no cercenar al otro por su forma de pensar\u201d.<\/p>\n<p>La jornada cerr\u00f3 con \u00abM\u00fasica para Zapata\u00bb, un concierto ofrecido por El Cuarteto a ese gran venezolano, Pedro Le\u00f3n Zapata.<\/p>\n<p>La programaci\u00f3n de este homenaje se extender\u00e1 hasta el 30 de mayo. \u00a1No te lo pierdas!<\/p>\n<div id=\"attachment_1121\" style=\"width: 650px\" class=\"wp-caption aligncenter\"><a href=\"http:\/\/fundacionseguroscaracas.org\/wp-content\/uploads\/2015\/03\/ZapataElHatillo3.jpg\"><img loading=\"lazy\" decoding=\"async\" aria-describedby=\"caption-attachment-1121\" class=\"wp-image-1121 size-full\" src=\"http:\/\/fundacionseguroscaracas.org\/wp-content\/uploads\/2015\/03\/ZapataElHatillo3.jpg\" alt=\"ZapataElHatillo3\" width=\"640\" height=\"400\" srcset=\"https:\/\/fundacionseguroscaracas.com\/wp-content\/uploads\/2015\/03\/ZapataElHatillo3.jpg 640w, https:\/\/fundacionseguroscaracas.com\/wp-content\/uploads\/2015\/03\/ZapataElHatillo3-250x156.jpg 250w, https:\/\/fundacionseguroscaracas.com\/wp-content\/uploads\/2015\/03\/ZapataElHatillo3-125x78.jpg 125w, https:\/\/fundacionseguroscaracas.com\/wp-content\/uploads\/2015\/03\/ZapataElHatillo3-638x400.jpg 638w\" sizes=\"auto, (max-width: 640px) 100vw, 640px\" \/><\/a><\/p>\n<p id=\"caption-attachment-1121\" class=\"wp-caption-text\">Familiares y amigos se hicieron presentes en la Galer\u00eda Utop\u00eda 19. Fotos cortes\u00eda Alcald\u00eda El Hatillo<\/p>\n<\/div>\n<p>&nbsp;<\/p>\n<div id=\"attachment_1122\" style=\"width: 650px\" class=\"wp-caption aligncenter\"><a href=\"http:\/\/fundacionseguroscaracas.org\/wp-content\/uploads\/2015\/03\/ZapataElHatillo.jpg\"><img loading=\"lazy\" decoding=\"async\" aria-describedby=\"caption-attachment-1122\" class=\"wp-image-1122 size-full\" src=\"http:\/\/fundacionseguroscaracas.org\/wp-content\/uploads\/2015\/03\/ZapataElHatillo.jpg\" alt=\"Gerardo Perozo, de Fundac\u00f3n Seguros Caracas, junto a Claudio Nazoa y el alcalde de El Hatillo, David Smolansky.\" width=\"640\" height=\"400\" srcset=\"https:\/\/fundacionseguroscaracas.com\/wp-content\/uploads\/2015\/03\/ZapataElHatillo.jpg 640w, https:\/\/fundacionseguroscaracas.com\/wp-content\/uploads\/2015\/03\/ZapataElHatillo-250x156.jpg 250w, https:\/\/fundacionseguroscaracas.com\/wp-content\/uploads\/2015\/03\/ZapataElHatillo-125x78.jpg 125w, https:\/\/fundacionseguroscaracas.com\/wp-content\/uploads\/2015\/03\/ZapataElHatillo-638x400.jpg 638w\" sizes=\"auto, (max-width: 640px) 100vw, 640px\" \/><\/a><\/p>\n<p id=\"caption-attachment-1122\" class=\"wp-caption-text\">Gerardo Perozo, de Fundaci\u00f3n Seguros Caracas, junto a Claudio Nazoa y el alcalde de El Hatillo, David Smolansky.<\/p>\n<\/div>\n<div id=\"attachment_1123\" style=\"width: 650px\" class=\"wp-caption aligncenter\"><a href=\"http:\/\/fundacionseguroscaracas.org\/wp-content\/uploads\/2015\/03\/ZapataElHatillo2.jpg\"><img loading=\"lazy\" decoding=\"async\" aria-describedby=\"caption-attachment-1123\" class=\"size-full wp-image-1123\" src=\"http:\/\/fundacionseguroscaracas.org\/wp-content\/uploads\/2015\/03\/ZapataElHatillo2.jpg\" alt=\"Laureano M\u00e1rquez tambi\u00e9n puso su cuota de humor durante el homenaje a Zapata.\" width=\"640\" height=\"400\" srcset=\"https:\/\/fundacionseguroscaracas.com\/wp-content\/uploads\/2015\/03\/ZapataElHatillo2.jpg 640w, https:\/\/fundacionseguroscaracas.com\/wp-content\/uploads\/2015\/03\/ZapataElHatillo2-250x156.jpg 250w, https:\/\/fundacionseguroscaracas.com\/wp-content\/uploads\/2015\/03\/ZapataElHatillo2-125x78.jpg 125w, https:\/\/fundacionseguroscaracas.com\/wp-content\/uploads\/2015\/03\/ZapataElHatillo2-638x400.jpg 638w\" sizes=\"auto, (max-width: 640px) 100vw, 640px\" \/><\/a><\/p>\n<p id=\"caption-attachment-1123\" class=\"wp-caption-text\">Laureano M\u00e1rquez tambi\u00e9n puso su cuota de humor durante el homenaje a Zapata.<\/p>\n<\/div>\n<div id=\"attachment_1124\" style=\"width: 595px\" class=\"wp-caption aligncenter\"><a href=\"http:\/\/fundacionseguroscaracas.org\/wp-content\/uploads\/2015\/03\/ZapataElCuarteto.jpg\"><img loading=\"lazy\" decoding=\"async\" aria-describedby=\"caption-attachment-1124\" class=\"wp-image-1124 size-full\" src=\"http:\/\/fundacionseguroscaracas.org\/wp-content\/uploads\/2015\/03\/ZapataElCuarteto.jpg\" alt=\"Los m\u00fasico de El Cuarteto se lucieron.\" width=\"585\" height=\"330\" srcset=\"https:\/\/fundacionseguroscaracas.com\/wp-content\/uploads\/2015\/03\/ZapataElCuarteto.jpg 585w, https:\/\/fundacionseguroscaracas.com\/wp-content\/uploads\/2015\/03\/ZapataElCuarteto-250x141.jpg 250w, https:\/\/fundacionseguroscaracas.com\/wp-content\/uploads\/2015\/03\/ZapataElCuarteto-125x71.jpg 125w\" sizes=\"auto, (max-width: 585px) 100vw, 585px\" \/><\/a><\/p>\n<p id=\"caption-attachment-1124\" class=\"wp-caption-text\">Los m\u00fasicos de El Cuarteto se lucieron.<\/p>\n<\/div>\n","protected":false},"excerpt":{"rendered":"<p>La Alcald\u00eda de El Hatillo junto con la Galer\u00eda Utop\u00eda 19 y en alianza con la Fundaci\u00f3n Seguros Caracas y El Nacional, inaugur\u00f3 el pasado viernes 20, la programaci\u00f3n especial en homenaje al caricaturista Pedro Le\u00f3n Zapata con la exposici\u00f3n \u201cBoleros y \u00d3peras\u201d<\/p>\n","protected":false},"author":3,"featured_media":0,"comment_status":"open","ping_status":"open","sticky":false,"template":"","format":"standard","meta":{"_monsterinsights_skip_tracking":false,"_monsterinsights_sitenote_active":false,"_monsterinsights_sitenote_note":"","_monsterinsights_sitenote_category":0,"footnotes":""},"categories":[6],"tags":[11,73],"class_list":["post-1118","post","type-post","status-publish","format-standard","hentry","category-novedades","tag-fundacion-seguros-caracas","tag-zapata"],"aioseo_notices":[],"_links":{"self":[{"href":"https:\/\/fundacionseguroscaracas.com\/index.php?rest_route=\/wp\/v2\/posts\/1118","targetHints":{"allow":["GET"]}}],"collection":[{"href":"https:\/\/fundacionseguroscaracas.com\/index.php?rest_route=\/wp\/v2\/posts"}],"about":[{"href":"https:\/\/fundacionseguroscaracas.com\/index.php?rest_route=\/wp\/v2\/types\/post"}],"author":[{"embeddable":true,"href":"https:\/\/fundacionseguroscaracas.com\/index.php?rest_route=\/wp\/v2\/users\/3"}],"replies":[{"embeddable":true,"href":"https:\/\/fundacionseguroscaracas.com\/index.php?rest_route=%2Fwp%2Fv2%2Fcomments&post=1118"}],"version-history":[{"count":4,"href":"https:\/\/fundacionseguroscaracas.com\/index.php?rest_route=\/wp\/v2\/posts\/1118\/revisions"}],"predecessor-version":[{"id":1128,"href":"https:\/\/fundacionseguroscaracas.com\/index.php?rest_route=\/wp\/v2\/posts\/1118\/revisions\/1128"}],"wp:attachment":[{"href":"https:\/\/fundacionseguroscaracas.com\/index.php?rest_route=%2Fwp%2Fv2%2Fmedia&parent=1118"}],"wp:term":[{"taxonomy":"category","embeddable":true,"href":"https:\/\/fundacionseguroscaracas.com\/index.php?rest_route=%2Fwp%2Fv2%2Fcategories&post=1118"},{"taxonomy":"post_tag","embeddable":true,"href":"https:\/\/fundacionseguroscaracas.com\/index.php?rest_route=%2Fwp%2Fv2%2Ftags&post=1118"}],"curies":[{"name":"wp","href":"https:\/\/api.w.org\/{rel}","templated":true}]}}