{"id":1281,"date":"2015-05-11T11:50:51","date_gmt":"2015-05-11T11:50:51","guid":{"rendered":"http:\/\/fundacionseguroscaracas.org\/?p=1281"},"modified":"2015-06-10T19:15:25","modified_gmt":"2015-06-10T19:15:25","slug":"el-iii-encuentro-de-seguridad-vial-sera-en-julio","status":"publish","type":"post","link":"https:\/\/fundacionseguroscaracas.com\/?p=1281","title":{"rendered":"El III Encuentro de Seguridad Vial  ser\u00e1 en octubre"},"content":{"rendered":"<p><a href=\"http:\/\/fundacionseguroscaracas.org\/wp-content\/uploads\/2015\/05\/SeguridadVialSemaforo.jpg\"><img loading=\"lazy\" decoding=\"async\" class=\"alignright size-full wp-image-1282\" src=\"http:\/\/fundacionseguroscaracas.org\/wp-content\/uploads\/2015\/05\/SeguridadVialSemaforo.jpg\" alt=\"SeguridadVialSemaforo\" width=\"314\" height=\"235\" srcset=\"https:\/\/fundacionseguroscaracas.com\/wp-content\/uploads\/2015\/05\/SeguridadVialSemaforo.jpg 314w, https:\/\/fundacionseguroscaracas.com\/wp-content\/uploads\/2015\/05\/SeguridadVialSemaforo-250x187.jpg 250w, https:\/\/fundacionseguroscaracas.com\/wp-content\/uploads\/2015\/05\/SeguridadVialSemaforo-125x94.jpg 125w\" sizes=\"auto, (max-width: 314px) 100vw, 314px\" \/><\/a>\u00bfTiene usted una experiencia comunitaria en educaci\u00f3n o en prevenci\u00f3n vial? Ya se acerca la oportunidad para compartirla y para aprender de otras iniciativas ciudadanas e institucionales.<\/p>\n<p>La noticia de hoy es que ya tenemos fecha, ya podemos comenzar a prepararnos para participar en el \u00ab<strong>III Encuentro Nacional de Seguridad Vial<\/strong>\u00ab, convocado por la alianza entre <em>La Escuela de Ciudadanos<\/em>, <em>la Red de Madres, Padres y Representantes<\/em> y <em>Mi Condominio.com<\/em>, con el patrocinio de la <a href=\"http:\/\/fundacionseguroscaracas.org\/\" target=\"_blank\"><em>Fundaci\u00f3n Seguros Caracas<\/em><\/a>.<!--more--><\/p>\n<p>El III\u00a0Encuentro\u00a0se realizar\u00e1 en Caracas, en el auditorio y los espacios del Grupo \u00daltimas Noticias (ubicados en La Urbina, en el municipio Sucre, muy cerca del Centro Comunitario de Caracas). Los objetivos, que compartimos en la <em>Red Venezolana de Seguridad Vial<\/em>, que acord\u00f3 la fecha, temario y log\u00edstica en su reciente reuni\u00f3n de comienzos de mayo, son:<\/p>\n<p><span style=\"color: #000000;\">\u221a\u00a0<\/span>Producir un encuentro e intercambio entre diferentes actores relacionados con la seguridad vial en Venezuela.<\/p>\n<p><span style=\"color: #000000;\">\u221a\u00a0<\/span>Presentar a la Red Venezolana de Seguridad Vial, como punto de encuentro y articulaci\u00f3n.<\/p>\n<p><span style=\"color: #000000;\">\u221a\u00a0<\/span>Presentar el Plan Nacional de Seguridad Vial del Instituto Nacional de Transporte Terrestre, en el marco del Decenio de la Seguridad Vial.<\/p>\n<p><span style=\"color: #000000;\">\u221a\u00a0<\/span>Presentar la propuesta de Reglamento de la Ley de Transporte Terrestre. Preparada por la Red Venezolana de Seguridad Vial.<\/p>\n<p><span style=\"color: #000000;\">\u221a\u00a0<\/span>Estimular la firma de un acuerdo (como ha ocurrido en los 2 encuentros anteriores). Estimular una alianza nacional por la seguridad vial, en sinton\u00eda con el Decenio de la Seguridad Vial. Con objetivos claros, fundamentalmente para crear el ambiente para el cumplimiento de las normas y la aplicaci\u00f3n de sanciones a los infractores.<\/p>\n<p><span style=\"color: #000000;\">\u221a\u00a0<\/span>Proponer y promover la celebraci\u00f3n del Mes de la Seguridad Vial 2015. Y tomar previsiones desde ya para la celebraci\u00f3n en 2016 y 2017. As\u00ed como el dise\u00f1o del IV Encuentro, que se realizar\u00eda en el a\u00f1o 2017.<\/p>\n<p><span style=\"color: #000000;\">\u221a\u00a0<\/span>Estimular y reconocer a empresas, medios, asociaciones, expertos y entes p\u00fablicos.<\/p>\n<p><span style=\"color: #000000;\">\u221a\u00a0<\/span>Crear un espacio de presentaci\u00f3n de instituciones y empresas, de productos y servicios relacionados con la seguridad vial. Expo Seguridad Vial.<\/p>\n<p>Estos objetivos se plasman en un temario, para los d\u00edas jueves 15\u00a0y viernes 16 de octubre. Comenzaremos, el jueves en la ma\u00f1ana, con la instalaci\u00f3n, la presentaci\u00f3n del encuentro y, muy importante, la presentaci\u00f3n de los participantes.<\/p>\n<p>Se presentar\u00e1 el Plan Nacional de Seguridad Vial, el mismo jueves en la ma\u00f1ana, en sinton\u00eda con el documento del Decenio de la Seguridad Vial. Estar\u00e1 a cargo de los voceros del INTT, con comentarios de otros entes oficiales y expertos.<\/p>\n<p>Vamos a conocer, dedicaremos a ello toda la tarde del jueves 9, las experiencias en educaci\u00f3n y en prevenci\u00f3n de empresas, asociaciones civiles, agrupaciones comunitarias, medios de comunicaci\u00f3n, universidades y agrupaciones comunitarias.<\/p>\n<p>Se\u00a0har\u00e1 p\u00fablica la propuesta de reglamento de la Ley de Transporte Terrestre, con la posibilidad de hacer aportes y sumarse a las iniciativas para promoverla, el viernes 10 en la ma\u00f1ana.<\/p>\n<p>Vamos a destacar las coincidencias y acuerdos de los presentes para generar un compromiso con el cumplimiento de los lineamientos internacionales del Decenio de la Seguridad Vial y con el Plan Nacional del INTT. Ello ocurrir\u00e1 en una sesi\u00f3n el viernes en la ma\u00f1ana.<\/p>\n<p>Y, finalmente el viernes en la tarde, presentaremos la agenda resultante del evento para los a\u00f1os 2015-2017, destacando el mes de la seguridad vial. En la clausura se har\u00e1n los reconocimientos necesarios y se convocar\u00e1 para el IV Encuentro, a realizarse en 2017.<\/p>\n<p>El III Encuentro ser\u00e1 transmitido a trav\u00e9s de Internet y Radio Comunidad.com le dar\u00e1 una cobertura muy especial, incluso transmitiendo desde el evento. Quien desee participar, compartir iniciativas y experiencias o estar presente en la exposici\u00f3n de instituciones y empresas, puede escribirnos a\u00a0<a style=\"color: #0186ba;\" href=\"mailto:esantana@micondominio.com\" rel=\"noreferrer\">esantana@micondominio.com<\/a>. Ya lo sabe, tome nota y reserve la fecha. Desde ya, puede seguir la cuenta @cuidadoenlav\u00eda y visitar el canal Red Venezolana de Seguridad Vial en YouTube.<\/p>\n<p><em>El\u00edas Santana\/Micondominio.com.<\/em><\/p>\n","protected":false},"excerpt":{"rendered":"<p>\u00bfTiene usted una experiencia comunitaria en educaci\u00f3n o en prevenci\u00f3n vial? Ya se acerca la oportunidad para compartirla y para aprender de otras iniciativas ciudadanas e institucionales. La noticia de hoy es que ya tenemos fecha, ya podemos comenzar a prepararnos para participar en el \u00abIII Encuentro Nacional de Seguridad Vial\u00ab, convocado por la alianza [&hellip;]<\/p>\n","protected":false},"author":3,"featured_media":0,"comment_status":"open","ping_status":"open","sticky":false,"template":"","format":"standard","meta":{"_monsterinsights_skip_tracking":false,"_monsterinsights_sitenote_active":false,"_monsterinsights_sitenote_note":"","_monsterinsights_sitenote_category":0,"footnotes":""},"categories":[6],"tags":[11,66,12],"class_list":["post-1281","post","type-post","status-publish","format-standard","hentry","category-novedades","tag-fundacion-seguros-caracas","tag-red-venezolana-de-seguridad-vial","tag-seguridad-vial"],"aioseo_notices":[],"_links":{"self":[{"href":"https:\/\/fundacionseguroscaracas.com\/index.php?rest_route=\/wp\/v2\/posts\/1281","targetHints":{"allow":["GET"]}}],"collection":[{"href":"https:\/\/fundacionseguroscaracas.com\/index.php?rest_route=\/wp\/v2\/posts"}],"about":[{"href":"https:\/\/fundacionseguroscaracas.com\/index.php?rest_route=\/wp\/v2\/types\/post"}],"author":[{"embeddable":true,"href":"https:\/\/fundacionseguroscaracas.com\/index.php?rest_route=\/wp\/v2\/users\/3"}],"replies":[{"embeddable":true,"href":"https:\/\/fundacionseguroscaracas.com\/index.php?rest_route=%2Fwp%2Fv2%2Fcomments&post=1281"}],"version-history":[{"count":3,"href":"https:\/\/fundacionseguroscaracas.com\/index.php?rest_route=\/wp\/v2\/posts\/1281\/revisions"}],"predecessor-version":[{"id":1338,"href":"https:\/\/fundacionseguroscaracas.com\/index.php?rest_route=\/wp\/v2\/posts\/1281\/revisions\/1338"}],"wp:attachment":[{"href":"https:\/\/fundacionseguroscaracas.com\/index.php?rest_route=%2Fwp%2Fv2%2Fmedia&parent=1281"}],"wp:term":[{"taxonomy":"category","embeddable":true,"href":"https:\/\/fundacionseguroscaracas.com\/index.php?rest_route=%2Fwp%2Fv2%2Fcategories&post=1281"},{"taxonomy":"post_tag","embeddable":true,"href":"https:\/\/fundacionseguroscaracas.com\/index.php?rest_route=%2Fwp%2Fv2%2Ftags&post=1281"}],"curies":[{"name":"wp","href":"https:\/\/api.w.org\/{rel}","templated":true}]}}