{"id":1316,"date":"2015-05-25T04:30:48","date_gmt":"2015-05-25T04:30:48","guid":{"rendered":"http:\/\/fundacionseguroscaracas.org\/?p=1316"},"modified":"2015-05-26T04:43:06","modified_gmt":"2015-05-26T04:43:06","slug":"a-gualberto-ibarreto-le-rendiran-homenaje-en-junio","status":"publish","type":"post","link":"https:\/\/fundacionseguroscaracas.com\/?p=1316","title":{"rendered":"A Gualberto Ibarreto le rendir\u00e1n homenaje en junio"},"content":{"rendered":"<p><a href=\"http:\/\/fundacionseguroscaracas.org\/wp-content\/uploads\/2015\/05\/HomenajeAGualbertoIbarreto.jpg\"><img loading=\"lazy\" decoding=\"async\" class=\"alignright size-full wp-image-1317\" src=\"http:\/\/fundacionseguroscaracas.org\/wp-content\/uploads\/2015\/05\/HomenajeAGualbertoIbarreto.jpg\" alt=\"HomenajeAGualbertoIbarreto\" width=\"314\" height=\"177\" srcset=\"https:\/\/fundacionseguroscaracas.com\/wp-content\/uploads\/2015\/05\/HomenajeAGualbertoIbarreto.jpg 314w, https:\/\/fundacionseguroscaracas.com\/wp-content\/uploads\/2015\/05\/HomenajeAGualbertoIbarreto-250x141.jpg 250w, https:\/\/fundacionseguroscaracas.com\/wp-content\/uploads\/2015\/05\/HomenajeAGualbertoIbarreto-125x70.jpg 125w\" sizes=\"auto, (max-width: 314px) 100vw, 314px\" \/><\/a>En \u00abGualberto Ibarreto es uno solo: Tributo a la voz de Venezuela\u00bb, este admirado int\u00e9rprete, quien ha brillado merecidamente en el firmamento de la m\u00fasica y el espect\u00e1culo del pa\u00eds, recibir\u00e1 el homenaje de grandes artistas quienes con estilos muy distintos, representativos de distintas generaciones y tendencias, conjugar\u00e1n sus talentos en torno a la irremplazable obra musical que el querido \u00abPich\u00f3n\u00bb ha legado, en un concierto irrepetible que se celebrar\u00e1 en el Centro Cultural BOD con tres \u00fanicas funciones el s\u00e1bado 27 de junio a las 7:00 pm, y el domingo 28 a las 11:00 am y 6:00 pm.<!--more--><\/p>\n<p>Legendario por trayectoria propia, Gualberto Ibarreto es sin duda alguna una de las grandes querencias de Venezuela. Artista de estilo \u00fanico, con sombrero de paja, franela de rayas, alpargatas, incomparable sentido del humor, inseparable cuatro y una magn\u00edfica voz, con registro de bar\u00edtono y belleza singular, se dio a conocer hace m\u00e1s de cuarenta a\u00f1os conquistando entonces \u2013y para siempre\u2013, un lugar prominente en la memoria e imaginario afectivo de todos.<\/p>\n<p>Ronald Borjas, Jos\u00e9 Alejandro Delgado, Emilio Lovera, Francisco Pacheco, Lilia Vera, Nancy Toro, Laura Guevara, Amaranta, Cecilia Todd, Cheo Hurtado, Iv\u00e1n P\u00e9rez Rossi y Fabiola Jos\u00e9, entre otros, ofrecer\u00e1n sus personal\u00edsimas interpretaciones de buena parte del amplio repertorio de este cantante en cuya voz se hicieron famosos temas como \u00abMar\u00eda Antonia\u00bb, \u00abAnhelante\u00bb, \u00abGu\u00e1cara\u00bb, \u00abPresagio\u00bb, \u00abLa Carta\u00bb, \u00abMi abuela\u00bb, \u00abEra ella\u00bb o \u00abLadr\u00f3n de tu Amor\u00bb, por solo mencionar algunos.<\/p>\n<p><a href=\"http:\/\/fundacionseguroscaracas.org\/2012\/09\/07\/bautizan-cd-gualberto-c4\/\" target=\"_blank\">C4 Tr\u00edo, agrupaci\u00f3n con la que Ibarreto\u00a0fue nominado a los Latin Grammy 2013 gracias al disco que hicieran en conjunto<\/a>\u00a0patrocinado por la\u00a0<strong><em>Fundaci\u00f3n Seguros Caracas<\/em><\/strong>, tendr\u00e1 una participaci\u00f3n destacada en el evento, al igual que otros reconocidos instrumentistas como el contrabajista David Pe\u00f1a y el cuatrista Jorge Glem, productor y asesor musical del evento, respectivamente; el mandolinista Jorge Torres y el guitarrista Gustavo Caruc\u00ed, quien tendr\u00e1 a su cago la direcci\u00f3n musical.<\/p>\n<p><em>Fuente: El Universal<\/em><\/p>\n","protected":false},"excerpt":{"rendered":"<p>En \u00abGualberto Ibarreto es uno solo: Tributo a la voz de Venezuela\u00bb, este admirado int\u00e9rprete, quien ha brillado merecidamente en el firmamento de la m\u00fasica y el espect\u00e1culo del pa\u00eds, recibir\u00e1 el homenaje de grandes artistas quienes con estilos muy distintos, representativos de distintas generaciones y tendencias, conjugar\u00e1n sus talentos en torno a la irremplazable [&hellip;]<\/p>\n","protected":false},"author":3,"featured_media":0,"comment_status":"open","ping_status":"open","sticky":false,"template":"","format":"standard","meta":{"_monsterinsights_skip_tracking":false,"_monsterinsights_sitenote_active":false,"_monsterinsights_sitenote_note":"","_monsterinsights_sitenote_category":0,"footnotes":""},"categories":[6],"tags":[30,11,31],"class_list":["post-1316","post","type-post","status-publish","format-standard","hentry","category-novedades","tag-c4-trio","tag-fundacion-seguros-caracas","tag-gualberto-ibarreto"],"aioseo_notices":[],"_links":{"self":[{"href":"https:\/\/fundacionseguroscaracas.com\/index.php?rest_route=\/wp\/v2\/posts\/1316","targetHints":{"allow":["GET"]}}],"collection":[{"href":"https:\/\/fundacionseguroscaracas.com\/index.php?rest_route=\/wp\/v2\/posts"}],"about":[{"href":"https:\/\/fundacionseguroscaracas.com\/index.php?rest_route=\/wp\/v2\/types\/post"}],"author":[{"embeddable":true,"href":"https:\/\/fundacionseguroscaracas.com\/index.php?rest_route=\/wp\/v2\/users\/3"}],"replies":[{"embeddable":true,"href":"https:\/\/fundacionseguroscaracas.com\/index.php?rest_route=%2Fwp%2Fv2%2Fcomments&post=1316"}],"version-history":[{"count":2,"href":"https:\/\/fundacionseguroscaracas.com\/index.php?rest_route=\/wp\/v2\/posts\/1316\/revisions"}],"predecessor-version":[{"id":1319,"href":"https:\/\/fundacionseguroscaracas.com\/index.php?rest_route=\/wp\/v2\/posts\/1316\/revisions\/1319"}],"wp:attachment":[{"href":"https:\/\/fundacionseguroscaracas.com\/index.php?rest_route=%2Fwp%2Fv2%2Fmedia&parent=1316"}],"wp:term":[{"taxonomy":"category","embeddable":true,"href":"https:\/\/fundacionseguroscaracas.com\/index.php?rest_route=%2Fwp%2Fv2%2Fcategories&post=1316"},{"taxonomy":"post_tag","embeddable":true,"href":"https:\/\/fundacionseguroscaracas.com\/index.php?rest_route=%2Fwp%2Fv2%2Ftags&post=1316"}],"curies":[{"name":"wp","href":"https:\/\/api.w.org\/{rel}","templated":true}]}}