{"id":1320,"date":"2015-05-28T15:24:13","date_gmt":"2015-05-28T15:24:13","guid":{"rendered":"http:\/\/fundacionseguroscaracas.org\/?p=1320"},"modified":"2015-05-28T15:24:13","modified_gmt":"2015-05-28T15:24:13","slug":"clausura-boleros-y-operas-de-zapata","status":"publish","type":"post","link":"https:\/\/fundacionseguroscaracas.com\/?p=1320","title":{"rendered":"Clausura \u00abBoleros y \u00f3peras\u00bb de Zapata"},"content":{"rendered":"<p><a href=\"http:\/\/fundacionseguroscaracas.org\/wp-content\/uploads\/2015\/05\/BolerosYOperasZapata2.jpg\"><img loading=\"lazy\" decoding=\"async\" class=\"alignright size-full wp-image-1321\" src=\"http:\/\/fundacionseguroscaracas.org\/wp-content\/uploads\/2015\/05\/BolerosYOperasZapata2.jpg\" alt=\"BolerosYOperasZapata2\" width=\"257\" height=\"186\" srcset=\"https:\/\/fundacionseguroscaracas.com\/wp-content\/uploads\/2015\/05\/BolerosYOperasZapata2.jpg 257w, https:\/\/fundacionseguroscaracas.com\/wp-content\/uploads\/2015\/05\/BolerosYOperasZapata2-250x181.jpg 250w, https:\/\/fundacionseguroscaracas.com\/wp-content\/uploads\/2015\/05\/BolerosYOperasZapata2-125x90.jpg 125w\" sizes=\"auto, (max-width: 257px) 100vw, 257px\" \/><\/a>Este s\u00e1bado 30 de mayo, a las 11 de la ma\u00f1ana, finaliza <em><a href=\"http:\/\/fundacionseguroscaracas.org\/2015\/03\/17\/galeria-utopia19-y-fsc-presentan-muestra-inedita-de-zapata\/\" target=\"_blank\">\u00abBoleros y \u00d3peras\u00bb<\/a><\/em>, proyecto expositivo de <em>Pedro Le\u00f3n Zapata<\/em> que se estuvo presentando en los espacios de <em><a href=\"http:\/\/galeriautopia19.blogspot.com\/\" target=\"_blank\">Galer\u00eda Utop\u00eda19<\/a><\/em> desde el pasado mes de marzo, y cont\u00f3 con el respaldo de la <strong><em><a href=\"http:\/\/fundacionseguroscaracas.org\/2015\/03\/24\/rindieron-homenaje-a-zapata-con-boleros-y-operas\/\" target=\"_blank\">Fundaci\u00f3n Seguros Caracas<\/a><\/em><\/strong>.<\/p>\n<p>Esta propuesta, coordinada por la esposa del maestro, Mara Comerlati, sus hijos y el centro cultural, fue m\u00e1s all\u00e1 de la exhibici\u00f3n de las obras, logrando reunir a amigos y allegados de\u00a0Zapata, quienes participaron en diversas actividades alusivas.<!--more--><\/p>\n<p>\u00abApenas unos trazos, un par de figuras, y all\u00ed est\u00e1 resumido todo un universo de miles de letras y melod\u00edas, innumerables discos y pel\u00edculas, serenatas infinitas, a\u00f1oranzas, suspiros, servilletas in\u00fatiles, cantores de fama y riqueza, y an\u00f3nimos desafinados de botiqu\u00edn. Apenas un cuadro y all\u00ed est\u00e1, pleno, el esp\u00edritu de esa inmensa instituci\u00f3n sentimental de los latinoamericanos. Tal capacidad de s\u00edntesis y elocuencia es una de las caracter\u00edsticas fundamentales del genio creador de Pedro Le\u00f3n Zapata\u00bb, escribi\u00f3 C\u00e9sar Miguel Rond\u00f3n en el cat\u00e1logo de la exposici\u00f3n, p\u00e1ginas en las que tambi\u00e9n reflexiona sobre la relaci\u00f3n especial entre el caricaturista, su obra y el bolero.<\/p>\n<p>El broche de oro de esta celebraci\u00f3n al legado de Zapata ser\u00e1 musicalizado en clave de bolero con \u00abEn la vida hay amores\u00bb, presentaci\u00f3n en la que Betsayda Machado y Andr\u00e9s Barrios cantan al amor y al desamor, bajo la direcci\u00f3n musical de Miguel Delgado Est\u00e9vez. El concierto se enmarcar\u00e1 en el formato \u201cboler\u00f3pera\u201d, creado por Rond\u00f3n, quien ese d\u00eda ser\u00e1 el narrador de esta historia llena de nostalgia, humor y alegr\u00eda.<\/p>\n<p>El director de la galer\u00eda, Nicola Bianchi, manifest\u00f3 su satisfacci\u00f3n en la v\u00edspera del final del proyecto: \u00abLa masiva respuesta brindada por el p\u00fablico seguidor de Zapata en visitas a la exposici\u00f3n <em>Boleros y \u00d3peras<\/em>, as\u00ed como en su participaci\u00f3n en los conversatorios semanales que se realizaron en las instalaciones de Utop\u00eda 19, permitieron brindar una mirada 360 grados a la vida y obra de este artista visual, expandiendo el conocimiento sobre este &#8216;conductor&#8217; insigne de nuestro pa\u00eds\u00bb.<\/p>\n<p><a href=\"http:\/\/fundacionseguroscaracas.org\/wp-content\/uploads\/2015\/05\/BolerosYOperasZapata.jpg\"><img loading=\"lazy\" decoding=\"async\" class=\"aligncenter size-full wp-image-1322\" src=\"http:\/\/fundacionseguroscaracas.org\/wp-content\/uploads\/2015\/05\/BolerosYOperasZapata.jpg\" alt=\"BolerosYOperasZapata\" width=\"480\" height=\"269\" srcset=\"https:\/\/fundacionseguroscaracas.com\/wp-content\/uploads\/2015\/05\/BolerosYOperasZapata.jpg 480w, https:\/\/fundacionseguroscaracas.com\/wp-content\/uploads\/2015\/05\/BolerosYOperasZapata-250x140.jpg 250w, https:\/\/fundacionseguroscaracas.com\/wp-content\/uploads\/2015\/05\/BolerosYOperasZapata-125x70.jpg 125w\" sizes=\"auto, (max-width: 480px) 100vw, 480px\" \/><\/a><\/p>\n<p>Para la <strong><em>Fundaci\u00f3n Seguros Caracas<\/em><\/strong>, el balance de esta iniciativa fue positivo. \u00abMe pareci\u00f3 maravilloso y fue algo porque se conecta tambi\u00e9n con nuestro proyecto Conductores 2, el cual tuvo su origen en el mural de Zapata, y eso fue una feliz coincidencia\u00bb, afirm\u00f3 el gerente general de la organizaci\u00f3n, Gerardo Perozo, quien agreg\u00f3 que \u00abesta experiencia es m\u00e1s significativa, porque se trata de Pedro Le\u00f3n, y fue un homenaje muy sentido. Uno no se acostumbra a su desaparici\u00f3n y, gracias a sus familiares y amigos, daba la impresi\u00f3n de que todo se realiz\u00f3 estando \u00e9l presente. Para la Fundaci\u00f3n fue una oportunidad maravillosa, porque somos amigos de las buenas ideas y una exposici\u00f3n de Zapata siempre ser\u00e1 una buena idea\u00bb.<\/p>\n<p>La muestra <em>\u00abBoleros y \u00d3peras\u00bb<\/em> cont\u00f3 con la curadur\u00eda de Susana Benko, mientras que los textos del cat\u00e1logo corrieron por cuenta de C\u00e9sar Miguel Rond\u00f3n y Antonio Costante. Tambi\u00e9n apoyaron este homenaje la Alcald\u00eda de El Hatillo y el diario El Nacional.<\/p>\n","protected":false},"excerpt":{"rendered":"<p>Este s\u00e1bado 30 de mayo, a las 11 de la ma\u00f1ana, finaliza \u00abBoleros y \u00d3peras\u00bb, proyecto expositivo de Pedro Le\u00f3n Zapata que se estuvo presentando en los espacios de Galer\u00eda Utop\u00eda19 desde el pasado mes de marzo, y cont\u00f3 con el respaldo de la Fundaci\u00f3n Seguros Caracas. Esta propuesta, coordinada por la esposa del maestro, [&hellip;]<\/p>\n","protected":false},"author":3,"featured_media":0,"comment_status":"open","ping_status":"open","sticky":false,"template":"","format":"standard","meta":{"_monsterinsights_skip_tracking":false,"_monsterinsights_sitenote_active":false,"_monsterinsights_sitenote_note":"","_monsterinsights_sitenote_category":0,"footnotes":""},"categories":[6],"tags":[78,11,75,73],"class_list":["post-1320","post","type-post","status-publish","format-standard","hentry","category-novedades","tag-el-hatillo","tag-fundacion-seguros-caracas","tag-galeria-utopia-19","tag-zapata"],"aioseo_notices":[],"_links":{"self":[{"href":"https:\/\/fundacionseguroscaracas.com\/index.php?rest_route=\/wp\/v2\/posts\/1320","targetHints":{"allow":["GET"]}}],"collection":[{"href":"https:\/\/fundacionseguroscaracas.com\/index.php?rest_route=\/wp\/v2\/posts"}],"about":[{"href":"https:\/\/fundacionseguroscaracas.com\/index.php?rest_route=\/wp\/v2\/types\/post"}],"author":[{"embeddable":true,"href":"https:\/\/fundacionseguroscaracas.com\/index.php?rest_route=\/wp\/v2\/users\/3"}],"replies":[{"embeddable":true,"href":"https:\/\/fundacionseguroscaracas.com\/index.php?rest_route=%2Fwp%2Fv2%2Fcomments&post=1320"}],"version-history":[{"count":5,"href":"https:\/\/fundacionseguroscaracas.com\/index.php?rest_route=\/wp\/v2\/posts\/1320\/revisions"}],"predecessor-version":[{"id":1327,"href":"https:\/\/fundacionseguroscaracas.com\/index.php?rest_route=\/wp\/v2\/posts\/1320\/revisions\/1327"}],"wp:attachment":[{"href":"https:\/\/fundacionseguroscaracas.com\/index.php?rest_route=%2Fwp%2Fv2%2Fmedia&parent=1320"}],"wp:term":[{"taxonomy":"category","embeddable":true,"href":"https:\/\/fundacionseguroscaracas.com\/index.php?rest_route=%2Fwp%2Fv2%2Fcategories&post=1320"},{"taxonomy":"post_tag","embeddable":true,"href":"https:\/\/fundacionseguroscaracas.com\/index.php?rest_route=%2Fwp%2Fv2%2Ftags&post=1320"}],"curies":[{"name":"wp","href":"https:\/\/api.w.org\/{rel}","templated":true}]}}