{"id":1394,"date":"2015-07-23T14:55:46","date_gmt":"2015-07-23T14:55:46","guid":{"rendered":"http:\/\/fundacionseguroscaracas.org\/?p=1394"},"modified":"2015-07-28T14:58:07","modified_gmt":"2015-07-28T14:58:07","slug":"la-seguridad-vial-es-tarea-de-todos","status":"publish","type":"post","link":"https:\/\/fundacionseguroscaracas.com\/?p=1394","title":{"rendered":"La seguridad vial es tarea de todos"},"content":{"rendered":"<p><span style=\"color: #000000;\"><a href=\"http:\/\/fundacionseguroscaracas.org\/wp-content\/uploads\/2015\/07\/Mar\u00edaCBorges.jpg\"><img loading=\"lazy\" decoding=\"async\" class=\"alignright size-full wp-image-1395\" src=\"http:\/\/fundacionseguroscaracas.org\/wp-content\/uploads\/2015\/07\/Mar\u00edaCBorges.jpg\" alt=\"Mar\u00edaCBorges\" width=\"314\" height=\"184\" srcset=\"https:\/\/fundacionseguroscaracas.com\/wp-content\/uploads\/2015\/07\/Mar\u00edaCBorges.jpg 314w, https:\/\/fundacionseguroscaracas.com\/wp-content\/uploads\/2015\/07\/Mar\u00edaCBorges-250x146.jpg 250w, https:\/\/fundacionseguroscaracas.com\/wp-content\/uploads\/2015\/07\/Mar\u00edaCBorges-125x73.jpg 125w\" sizes=\"auto, (max-width: 314px) 100vw, 314px\" \/><\/a>\u00bfUsas el cintur\u00f3n de seguridad al manejar? Eso es lo primero que te pregunta<\/span><b style=\"color: #000000;\">\u00a0<\/b>Mar\u00eda C. Borges<span style=\"color: #000000;\">, una abogada dedicada a impulsar la educaci\u00f3n y la seguridad vial en el pa\u00eds.<\/span><\/p>\n<p><span style=\"color: #000000;\">\u00abTodos tenemos responsabilidad compartida en abordar el problema de los accidentes de tr\u00e1nsito y en promover la divulgaci\u00f3n de informaci\u00f3n sobre el tema. Se ha incrementado el n\u00famero de fallecidos y lesionados a causa de accidentes de tr\u00e1nsito\u00bb, se\u00f1al\u00f3.<\/span><!--more--><\/p>\n<div style=\"color: #000000;\">Borges tiene su blog (<a href=\"https:\/\/seguridadvialvenezuela2013.wordpress.com\/2015\/02\/03\/nuevo-programa-radial-cuidado-en-la-via\/\">www.seguridadvialvenezuela2013.wordpress.com<\/a>) y dicta charlas para sensibilizar.<\/div>\n<p><span style=\"color: #000000;\">\u00abPara m\u00ed, la responsabilidad es cuando podemos responder por lo que hacemos o dejamos de hacer\u00bb, afirm\u00f3 Borges.<\/span><\/p>\n<div style=\"color: #000000;\"><span style=\"color: #000000;\">En su blog se describe como \u00abmujer\u00a0que trabaja en la promoci\u00f3n de la Seguridad Vial en Venezuela, buscando su propio bienestar y el de las personas que la rodean, aplicando los conocimientos de la Psicolog\u00eda Positiva.\u00a0<em style=\"font-style: italic; color: #222222;\">Abogada<\/em>\u00a0que tiene una meta, ofrecer informaci\u00f3n, datos relevantes, noticias que traten sobre la cultura vial de los venezolanos; todo enmarcado en el Decenio de Acci\u00f3n para la Seguridad Vial en el mundo 2011-2020.<\/span><\/div>\n<div style=\"color: #000000;\"><\/div>\n<div style=\"color: #000000;\">Borges tiene una participaci\u00f3n muy activa dentro de la <strong><em><a href=\"http:\/\/fundacionseguroscaracas.org\/2014\/05\/20\/crean-la-red-venezolana-de-seguridad-vial\/\" target=\"_blank\">Red Venezolana de Seguridad Vial<\/a><\/em><\/strong>.<\/div>\n<div style=\"color: #000000;\"><\/div>\n<div style=\"color: #000000;\"><em>Fuente: \u00daltimas Noticias<\/em><\/div>\n","protected":false},"excerpt":{"rendered":"<p>\u00bfUsas el cintur\u00f3n de seguridad al manejar? Eso es lo primero que te pregunta\u00a0Mar\u00eda C. Borges, una abogada dedicada a impulsar la educaci\u00f3n y la seguridad vial en el pa\u00eds. \u00abTodos tenemos responsabilidad compartida en abordar el problema de los accidentes de tr\u00e1nsito y en promover la divulgaci\u00f3n de informaci\u00f3n sobre el tema. Se ha [&hellip;]<\/p>\n","protected":false},"author":3,"featured_media":0,"comment_status":"open","ping_status":"open","sticky":false,"template":"","format":"standard","meta":{"_monsterinsights_skip_tracking":false,"_monsterinsights_sitenote_active":false,"_monsterinsights_sitenote_note":"","_monsterinsights_sitenote_category":0,"footnotes":""},"categories":[6],"tags":[11,66,12],"class_list":["post-1394","post","type-post","status-publish","format-standard","hentry","category-novedades","tag-fundacion-seguros-caracas","tag-red-venezolana-de-seguridad-vial","tag-seguridad-vial"],"aioseo_notices":[],"_links":{"self":[{"href":"https:\/\/fundacionseguroscaracas.com\/index.php?rest_route=\/wp\/v2\/posts\/1394","targetHints":{"allow":["GET"]}}],"collection":[{"href":"https:\/\/fundacionseguroscaracas.com\/index.php?rest_route=\/wp\/v2\/posts"}],"about":[{"href":"https:\/\/fundacionseguroscaracas.com\/index.php?rest_route=\/wp\/v2\/types\/post"}],"author":[{"embeddable":true,"href":"https:\/\/fundacionseguroscaracas.com\/index.php?rest_route=\/wp\/v2\/users\/3"}],"replies":[{"embeddable":true,"href":"https:\/\/fundacionseguroscaracas.com\/index.php?rest_route=%2Fwp%2Fv2%2Fcomments&post=1394"}],"version-history":[{"count":1,"href":"https:\/\/fundacionseguroscaracas.com\/index.php?rest_route=\/wp\/v2\/posts\/1394\/revisions"}],"predecessor-version":[{"id":1396,"href":"https:\/\/fundacionseguroscaracas.com\/index.php?rest_route=\/wp\/v2\/posts\/1394\/revisions\/1396"}],"wp:attachment":[{"href":"https:\/\/fundacionseguroscaracas.com\/index.php?rest_route=%2Fwp%2Fv2%2Fmedia&parent=1394"}],"wp:term":[{"taxonomy":"category","embeddable":true,"href":"https:\/\/fundacionseguroscaracas.com\/index.php?rest_route=%2Fwp%2Fv2%2Fcategories&post=1394"},{"taxonomy":"post_tag","embeddable":true,"href":"https:\/\/fundacionseguroscaracas.com\/index.php?rest_route=%2Fwp%2Fv2%2Ftags&post=1394"}],"curies":[{"name":"wp","href":"https:\/\/api.w.org\/{rel}","templated":true}]}}