{"id":1432,"date":"2015-09-03T00:17:37","date_gmt":"2015-09-03T00:17:37","guid":{"rendered":"http:\/\/fundacionseguroscaracas.org\/?p=1432"},"modified":"2015-09-14T00:27:32","modified_gmt":"2015-09-14T00:27:32","slug":"a-disfrutar-de-el-hatillo-jazz-festival","status":"publish","type":"post","link":"https:\/\/fundacionseguroscaracas.com\/?p=1432","title":{"rendered":"A disfrutar de \u00abEl Hatillo Jazz Festival\u00bb"},"content":{"rendered":"<p><a href=\"http:\/\/fundacionseguroscaracas.org\/wp-content\/uploads\/2015\/09\/El-Hatillo-jazz-caja.jpg\"><img loading=\"lazy\" decoding=\"async\" class=\"alignright size-full wp-image-1433\" src=\"http:\/\/fundacionseguroscaracas.org\/wp-content\/uploads\/2015\/09\/El-Hatillo-jazz-caja.jpg\" alt=\"El-Hatillo-jazz-caja\" width=\"300\" height=\"250\" srcset=\"https:\/\/fundacionseguroscaracas.com\/wp-content\/uploads\/2015\/09\/El-Hatillo-jazz-caja.jpg 300w, https:\/\/fundacionseguroscaracas.com\/wp-content\/uploads\/2015\/09\/El-Hatillo-jazz-caja-250x208.jpg 250w, https:\/\/fundacionseguroscaracas.com\/wp-content\/uploads\/2015\/09\/El-Hatillo-jazz-caja-125x104.jpg 125w\" sizes=\"auto, (max-width: 300px) 100vw, 300px\" \/><\/a>La alcald\u00eda del municipio El Hatillo junto a EBG producciones invitan a la d\u00e9cimo segunda edici\u00f3n de <em>\u00abEl Hatillo Jazz Festival\u00bb<\/em>, ocho d\u00edas de actividades culturales, intercambios art\u00edsticos, m\u00fasica en vivo y disfrute del espacio p\u00fablico.<\/p>\n<p>Esta nueva edici\u00f3n de uno de los eventos culturales m\u00e1s ic\u00f3nicos de Caracas es posible gracias al apoyo de la <strong><em>Fundaci\u00f3n Seguros Caracas<\/em><\/strong>, las embajadas de USA, Italia, Francia y Espa\u00f1a, entre otros organismo y empresas privadas. El Hatillo Jazz Festival conjuga la participaci\u00f3n ciudadana, seguridad, cultura y entretenimiento.<!--more--><\/p>\n<p>La gala inaugural de \u00abEl Hatillo Jazz Festival\u00bb ser\u00e1 el pr\u00f3ximo 6 de septiembre de 2015, con un concierto que re\u00fane a diversos exponentes del jazz nacional e internacional en un mismo lugar, entre ellos: Antonio Flinta Trio (Italia), Antonio Serrano y Federico Lechner (Espa\u00f1a), Martin Bejarano (USA) acompa\u00f1ado de Pablo Gil, Carlos Sanoja y Abelardo Bola\u00f1o por Venezuela; desde las 4:00pm en el Anfiteatro de El Hatillo los asistentes podr\u00e1n disfrutar de un concierto cargado de virtuosismo y excelentes representantes del g\u00e9nero.<\/p>\n<p>Este concierto le abrir\u00e1 paso a un sinf\u00edn de actividades que brindar\u00e1 el Festival: talleres formativos de instrumentaci\u00f3n e improvisaci\u00f3n, proyecciones de pel\u00edculas, conciertos en el Anfiteatro de El Hatillo con artistas de la talla de Aquiles B\u00e1ez Trio y Betzaida Machado con su proyecto San Miguel (11 de Septiembre), la Sim\u00f3n Bol\u00edvar Big Band Jazz (12 de septiembre), y conciertos en la Plaza Bol\u00edvar con artistas como Jowee Omilcil Trio (Francia), Diego Paredes Quartet, Quintillo ensamble y\u00a0 Los Chac\u00f3n. Esto es solo parte de las actividades que trae para este 2015 \u00abEl Hatillo Jazz Festival\u00bb.<\/p>\n<p>El alcalde del municipio, David Smolansky, expres\u00f3: \u00abEl Hatillo Jazz Festival, as\u00ed como toda la oferta cultural, tur\u00edstica y deportiva que impulsamos desde Vive El Hatillo, invita a todos nuestros vecinos y visitantes a disfrutar del espacio p\u00fablico y del encuentro ciudadano que tanta falta le hace a Caracas y Venezuela. El a\u00f1o pasado, cuando reactivamos el festival tras 6 a\u00f1os de ausencia, lo disfrutaron m\u00e1s de 5.000 personas y estamos seguros que este a\u00f1o ser\u00e1n muchas m\u00e1s.\u00bb<\/p>\n<p>Para adquirir las entradas del Anfiteatro de El Hatillo entra a<a href=\"http:\/\/www.tuticket.com\/\">www.tuticket.com<\/a>.\u00a0Conoce las novedades que trae El Hatillo Jazz Festival siguiendo las redes sociales: @ViveElHatillo y @ElHatillo. Este festival forma parte de la programaci\u00f3n impulsada por la Alcald\u00eda El Hatillo, a trav\u00e9s de su plataforma Vive El Hatillo, la primera plataforma de Venezuela que consolida toda la oferta cultural, tur\u00edstica y deportiva de un municipio.<\/p>\n<p><em>Fuente: El Universal<\/em><\/p>\n","protected":false},"excerpt":{"rendered":"<p>La alcald\u00eda del municipio El Hatillo junto a EBG producciones invitan a la d\u00e9cimo segunda edici\u00f3n de \u00abEl Hatillo Jazz Festival\u00bb, ocho d\u00edas de actividades culturales, intercambios art\u00edsticos, m\u00fasica en vivo y disfrute del espacio p\u00fablico. Esta nueva edici\u00f3n de uno de los eventos culturales m\u00e1s ic\u00f3nicos de Caracas es posible gracias al apoyo de [&hellip;]<\/p>\n","protected":false},"author":3,"featured_media":0,"comment_status":"open","ping_status":"open","sticky":false,"template":"","format":"standard","meta":{"_monsterinsights_skip_tracking":false,"_monsterinsights_sitenote_active":false,"_monsterinsights_sitenote_note":"","_monsterinsights_sitenote_category":0,"footnotes":""},"categories":[6],"tags":[84,11],"class_list":["post-1432","post","type-post","status-publish","format-standard","hentry","category-novedades","tag-el-hatillo-jazz-festival","tag-fundacion-seguros-caracas"],"aioseo_notices":[],"_links":{"self":[{"href":"https:\/\/fundacionseguroscaracas.com\/index.php?rest_route=\/wp\/v2\/posts\/1432","targetHints":{"allow":["GET"]}}],"collection":[{"href":"https:\/\/fundacionseguroscaracas.com\/index.php?rest_route=\/wp\/v2\/posts"}],"about":[{"href":"https:\/\/fundacionseguroscaracas.com\/index.php?rest_route=\/wp\/v2\/types\/post"}],"author":[{"embeddable":true,"href":"https:\/\/fundacionseguroscaracas.com\/index.php?rest_route=\/wp\/v2\/users\/3"}],"replies":[{"embeddable":true,"href":"https:\/\/fundacionseguroscaracas.com\/index.php?rest_route=%2Fwp%2Fv2%2Fcomments&post=1432"}],"version-history":[{"count":0,"href":"https:\/\/fundacionseguroscaracas.com\/index.php?rest_route=\/wp\/v2\/posts\/1432\/revisions"}],"wp:attachment":[{"href":"https:\/\/fundacionseguroscaracas.com\/index.php?rest_route=%2Fwp%2Fv2%2Fmedia&parent=1432"}],"wp:term":[{"taxonomy":"category","embeddable":true,"href":"https:\/\/fundacionseguroscaracas.com\/index.php?rest_route=%2Fwp%2Fv2%2Fcategories&post=1432"},{"taxonomy":"post_tag","embeddable":true,"href":"https:\/\/fundacionseguroscaracas.com\/index.php?rest_route=%2Fwp%2Fv2%2Ftags&post=1432"}],"curies":[{"name":"wp","href":"https:\/\/api.w.org\/{rel}","templated":true}]}}