{"id":1438,"date":"2015-09-21T09:28:01","date_gmt":"2015-09-21T09:28:01","guid":{"rendered":"http:\/\/fundacionseguroscaracas.org\/?p=1438"},"modified":"2015-09-22T05:31:13","modified_gmt":"2015-09-22T05:31:13","slug":"foro-de-movilidad-y-accesibilidad-en-caracas","status":"publish","type":"post","link":"https:\/\/fundacionseguroscaracas.com\/?p=1438","title":{"rendered":"Foro de Movilidad y Accesibilidad en Caracas"},"content":{"rendered":"<p><a href=\"http:\/\/fundacionseguroscaracas.org\/wp-content\/uploads\/2015\/09\/Foro-Movilidad-y-Accesibilidad-ANIH2.jpg\"><img loading=\"lazy\" decoding=\"async\" class=\"alignright size-full wp-image-1439\" src=\"http:\/\/fundacionseguroscaracas.org\/wp-content\/uploads\/2015\/09\/Foro-Movilidad-y-Accesibilidad-ANIH2.jpg\" alt=\"Foro Movilidad y Accesibilidad ANIH2\" width=\"314\" height=\"177\" srcset=\"https:\/\/fundacionseguroscaracas.com\/wp-content\/uploads\/2015\/09\/Foro-Movilidad-y-Accesibilidad-ANIH2.jpg 314w, https:\/\/fundacionseguroscaracas.com\/wp-content\/uploads\/2015\/09\/Foro-Movilidad-y-Accesibilidad-ANIH2-250x141.jpg 250w, https:\/\/fundacionseguroscaracas.com\/wp-content\/uploads\/2015\/09\/Foro-Movilidad-y-Accesibilidad-ANIH2-125x70.jpg 125w\" sizes=\"auto, (max-width: 314px) 100vw, 314px\" \/><\/a>Este 24 de septiembre se realizar\u00e1 el Foro de Movilidad y Accesibilidad, con el cual se estar\u00e1 dando inicio al mes de las Seguridad Vial en Venezuela.<\/p>\n<p>El evento es organizado por la Academia Nacional de la Ingenier\u00eda y el H\u00e1bitat con el apoyo de la Facultad de Ingenier\u00eda de la Universidad Central de Venezuela, y contar\u00e1 con interesantes ponencias de la mano de expertos en la materia, quienes estar\u00e1n ofreciendo diversos puntos de vistas y propuestas.<!--more--><span id=\"more-2671\"><\/span><\/p>\n<p>Representantes del Instituto Nacional de Tr\u00e1nsito Terrestre presentar\u00e1n el Plan nacional de seguridad vial. Por su parte, la coordinadora del Observatorio de Seguridad Vial, Mayerlin Fag\u00fandez, disertar\u00e1 \u00a0sobre las \u201cPercepciones sobre movilidad y accesibilidad en Venezuela\u201d.<\/p>\n<p>El Ministerio del Poder Popular para Transporte Terrestre y Obras P\u00fablicas (MPPTTyOP) dar\u00e1 a conocer los planes y programas nacionales, y el arquitecto Tom\u00e1s expondr\u00e1 sobre \u201cBarra\u00a0Sistemas BRT en Am\u00e9rica Latina y posibilidades en Caracas\u201d.<\/p>\n<p>El tema de \u201cEl reto urbano y la soluci\u00f3n tecnol\u00f3gica\u201d estar\u00e1 a cargo del Co-Fundador de Vikua, Juan Pocaterra. El gerente general de la <strong><em>Fundaci\u00f3n Seguros Caracas<\/em><\/strong>, Gerardo Perozo, hablar\u00e1 sobre \u201cSeguridad vial: un aporte desde el sector privado\u201d.<\/p>\n<p>La invitaci\u00f3n es para este jueves, en la Sala Francisco de Miranda (Sala E) de la UCV, de 8:30 am a 1:00 pm.<\/p>\n<p>Para mayor informaci\u00f3n e inscripci\u00f3n: foromovilidadyaccesibilidad@gmail.com.<\/p>\n<p><a href=\"http:\/\/fundacionseguroscaracas.org\/wp-content\/uploads\/2015\/09\/Foro-Movilidad-y-Accesibilidad-ANIH-.jpg\"><img loading=\"lazy\" decoding=\"async\" class=\"aligncenter size-full wp-image-1440\" src=\"http:\/\/fundacionseguroscaracas.org\/wp-content\/uploads\/2015\/09\/Foro-Movilidad-y-Accesibilidad-ANIH-.jpg\" alt=\"Foro Movilidad y Accesibilidad ANIH\" width=\"600\" height=\"776\" srcset=\"https:\/\/fundacionseguroscaracas.com\/wp-content\/uploads\/2015\/09\/Foro-Movilidad-y-Accesibilidad-ANIH-.jpg 600w, https:\/\/fundacionseguroscaracas.com\/wp-content\/uploads\/2015\/09\/Foro-Movilidad-y-Accesibilidad-ANIH--250x323.jpg 250w, https:\/\/fundacionseguroscaracas.com\/wp-content\/uploads\/2015\/09\/Foro-Movilidad-y-Accesibilidad-ANIH--125x162.jpg 125w\" sizes=\"auto, (max-width: 600px) 100vw, 600px\" \/><\/a><\/p>\n","protected":false},"excerpt":{"rendered":"<p>Este 24 de septiembre se realizar\u00e1 el Foro de Movilidad y Accesibilidad, con el cual se estar\u00e1 dando inicio al mes de las Seguridad Vial en Venezuela. El evento es organizado por la Academia Nacional de la Ingenier\u00eda y el H\u00e1bitat con el apoyo de la Facultad de Ingenier\u00eda de la Universidad Central de Venezuela, [&hellip;]<\/p>\n","protected":false},"author":3,"featured_media":0,"comment_status":"open","ping_status":"open","sticky":false,"template":"","format":"standard","meta":{"_monsterinsights_skip_tracking":false,"_monsterinsights_sitenote_active":false,"_monsterinsights_sitenote_note":"","_monsterinsights_sitenote_category":0,"footnotes":""},"categories":[6],"tags":[11,65,36,12],"class_list":["post-1438","post","type-post","status-publish","format-standard","hentry","category-novedades","tag-fundacion-seguros-caracas","tag-intt","tag-observatorio-de-seguridad-vial","tag-seguridad-vial"],"aioseo_notices":[],"_links":{"self":[{"href":"https:\/\/fundacionseguroscaracas.com\/index.php?rest_route=\/wp\/v2\/posts\/1438","targetHints":{"allow":["GET"]}}],"collection":[{"href":"https:\/\/fundacionseguroscaracas.com\/index.php?rest_route=\/wp\/v2\/posts"}],"about":[{"href":"https:\/\/fundacionseguroscaracas.com\/index.php?rest_route=\/wp\/v2\/types\/post"}],"author":[{"embeddable":true,"href":"https:\/\/fundacionseguroscaracas.com\/index.php?rest_route=\/wp\/v2\/users\/3"}],"replies":[{"embeddable":true,"href":"https:\/\/fundacionseguroscaracas.com\/index.php?rest_route=%2Fwp%2Fv2%2Fcomments&post=1438"}],"version-history":[{"count":0,"href":"https:\/\/fundacionseguroscaracas.com\/index.php?rest_route=\/wp\/v2\/posts\/1438\/revisions"}],"wp:attachment":[{"href":"https:\/\/fundacionseguroscaracas.com\/index.php?rest_route=%2Fwp%2Fv2%2Fmedia&parent=1438"}],"wp:term":[{"taxonomy":"category","embeddable":true,"href":"https:\/\/fundacionseguroscaracas.com\/index.php?rest_route=%2Fwp%2Fv2%2Fcategories&post=1438"},{"taxonomy":"post_tag","embeddable":true,"href":"https:\/\/fundacionseguroscaracas.com\/index.php?rest_route=%2Fwp%2Fv2%2Ftags&post=1438"}],"curies":[{"name":"wp","href":"https:\/\/api.w.org\/{rel}","templated":true}]}}