{"id":1453,"date":"2015-10-16T11:19:30","date_gmt":"2015-10-16T11:19:30","guid":{"rendered":"http:\/\/fundacionseguroscaracas.org\/?p=1453"},"modified":"2015-10-19T05:21:19","modified_gmt":"2015-10-19T05:21:19","slug":"caraquenos-pierden-un-mes-al-ano-en-el-transito","status":"publish","type":"post","link":"https:\/\/fundacionseguroscaracas.com\/?p=1453","title":{"rendered":"Caraque\u00f1os pierden un mes al a\u00f1o en el tr\u00e1nsito"},"content":{"rendered":"<p><a href=\"http:\/\/fundacionseguroscaracas.org\/wp-content\/uploads\/2015\/10\/ForoAfiche.png\"><img loading=\"lazy\" decoding=\"async\" class=\"alignright size-full wp-image-1454\" src=\"http:\/\/fundacionseguroscaracas.org\/wp-content\/uploads\/2015\/10\/ForoAfiche.png\" alt=\"ForoAfiche\" width=\"301\" height=\"215\" srcset=\"https:\/\/fundacionseguroscaracas.com\/wp-content\/uploads\/2015\/10\/ForoAfiche.png 301w, https:\/\/fundacionseguroscaracas.com\/wp-content\/uploads\/2015\/10\/ForoAfiche-250x179.png 250w, https:\/\/fundacionseguroscaracas.com\/wp-content\/uploads\/2015\/10\/ForoAfiche-125x89.png 125w\" sizes=\"auto, (max-width: 301px) 100vw, 301px\" \/><\/a>32 d\u00edas al a\u00f1o, pierden los caraque\u00f1os debido al tr\u00e1nsito vehicular, revel\u00f3 ayer la presidenta del Instituto Metropolitano de Urbanismo Taller Caracas, Zulma Bol\u00edvar, durante el Foro \u201cCaos Vial, Propuestas y Soluciones\u201d, organizado por la Comisi\u00f3n Permanente de Transporte y Vialidad del Cabildo Metropolitano de Caracas.<!--more--><\/p>\n<p>El evento, presidido por el concejal metropolitano Jos\u00e9 Gregorio Caribas cont\u00f3 con la participaci\u00f3n de la urbanista Bol\u00edvar; la presidenta de la Sociedad Venezolana de Ingenier\u00eda de Transporte y Vialidad, Juana Arteaga; el soci\u00f3logo Omar Hern\u00e1ndez; el director de Vik\u00faa, Juan Jos\u00e9 Pocaterra; y el gerente general de la <a href=\"http:\/\/fundacionseguroscaracas.org\/\" target=\"_blank\"><strong><em>Fundaci\u00f3n Seguros Caracas<\/em><\/strong><\/a>, Gerardo Perozo.<img decoding=\"async\" class=\"wp-more-tag mce-wp-more\" title=\"More...\" src=\"data:image\/gif;base64,R0lGODlhAQABAIAAAAAAAP\/\/\/yH5BAEAAAAALAAAAAABAAEAAAIBRAA7\" alt=\"\" data-mce-placeholder=\"1\" \/><\/p>\n<p>Todos los ponentes, quienes aportaron diversos puntos de vistas y propuestas, coincidieron en que para mejorar el tema de la vialidad y movilidad es necesaria la concertaci\u00f3n entre las autoridades.<\/p>\n<div id=\"attachment_1455\" style=\"width: 324px\" class=\"wp-caption alignleft\"><a href=\"http:\/\/fundacionseguroscaracas.org\/wp-content\/uploads\/2015\/10\/ForoCaos.jpg\"><img loading=\"lazy\" decoding=\"async\" aria-describedby=\"caption-attachment-1455\" class=\"size-full wp-image-1455\" src=\"http:\/\/fundacionseguroscaracas.org\/wp-content\/uploads\/2015\/10\/ForoCaos.jpg\" alt=\"Zulma Bol\u00edvar durante su ponencia\" width=\"314\" height=\"197\" srcset=\"https:\/\/fundacionseguroscaracas.com\/wp-content\/uploads\/2015\/10\/ForoCaos.jpg 314w, https:\/\/fundacionseguroscaracas.com\/wp-content\/uploads\/2015\/10\/ForoCaos-250x157.jpg 250w, https:\/\/fundacionseguroscaracas.com\/wp-content\/uploads\/2015\/10\/ForoCaos-125x78.jpg 125w\" sizes=\"auto, (max-width: 314px) 100vw, 314px\" \/><\/a><\/p>\n<p id=\"caption-attachment-1455\" class=\"wp-caption-text\">Zulma Bol\u00edvar durante su ponencia.<\/p>\n<\/div>\n<p>Durante su ponencia \u201cEl transporte privado y p\u00fablico como sistema de movilidad\u201d, Bol\u00edvar destac\u00f3 que, a diferencia de nuestra ciudad capital, en el mundo entero se est\u00e1 promoviendo el uso de la bicicleta como un servicio p\u00fablico: \u201cGastamos m\u00e1s de un mes de nuestras vidas al a\u00f1o en colas, cuando al menos en 22 ciudades de Am\u00e9rica Latina se usa un sistema p\u00fablico de bicicletas o se ambientan los espacios p\u00fablicos para el traslado de los ciudadanos\u201d.<\/p>\n<p>Entre algunas de las recomendaciones en materia de movilidad, se\u00f1al\u00f3: Evitar viajes motorizados largos e innecesarios; cambiar tendencia de viajes individuales en veh\u00edculo motorizado; y, mejorar gesti\u00f3n operativa de las actividades de transporte.<\/p>\n<div id=\"attachment_1456\" style=\"width: 324px\" class=\"wp-caption alignright\"><a href=\"http:\/\/fundacionseguroscaracas.org\/wp-content\/uploads\/2015\/10\/ForoCaos2.jpg\"><img loading=\"lazy\" decoding=\"async\" aria-describedby=\"caption-attachment-1456\" class=\"size-full wp-image-1456\" src=\"http:\/\/fundacionseguroscaracas.org\/wp-content\/uploads\/2015\/10\/ForoCaos2.jpg\" alt=\"El soci\u00f3logo Omar Hern\u00e1ndez\" width=\"314\" height=\"197\" srcset=\"https:\/\/fundacionseguroscaracas.com\/wp-content\/uploads\/2015\/10\/ForoCaos2.jpg 314w, https:\/\/fundacionseguroscaracas.com\/wp-content\/uploads\/2015\/10\/ForoCaos2-250x157.jpg 250w, https:\/\/fundacionseguroscaracas.com\/wp-content\/uploads\/2015\/10\/ForoCaos2-125x78.jpg 125w\" sizes=\"auto, (max-width: 314px) 100vw, 314px\" \/><\/a><\/p>\n<p id=\"caption-attachment-1456\" class=\"wp-caption-text\">El soci\u00f3logo Omar Hern\u00e1ndez.<\/p>\n<\/div>\n<p>Por su parte, la Ing. Arteaga rechaz\u00f3 que no exista un plan nacional que regule el transporte y la vialidad, que se coloquen puentes de guerra para acceder a las autopistas cuando deber\u00eda ser a trav\u00e9s de distribuidores y que no se ense\u00f1e educaci\u00f3n vial en las escuelas, entre otros.<\/p>\n<p>El Dr. Omar Hern\u00e1ndez disert\u00f3 sobre la importancia de los valores culturales en el comportamiento del ciudadano en las v\u00edas: \u201cLa seguridad vial comporta otorgar prioridad a valores terminales que privilegien la disciplina, la seguridad, el bien com\u00fan, la convivencia social y la obediencia, principalmente\u201d.<\/p>\n<p>El representante de Vik\u00faa, empresa dedicada a generar soluciones a problemas relacionados con el\u00a0tr\u00e1nsito, transporte y seguridad, bajo el amplio concepto de\u00a0ciudades inteligentes, destac\u00f3 que la aplicaci\u00f3n de tecnolog\u00eda es una herramienta necesaria para la movilidad, pues tiene la finalidad de mejorar la calidad de vida del ciudadano, el norte hacia donde deben apuntar el gobierno y el sector privado.<\/p>\n<p>\u201cMejorar la calidad de vida no solo depende de la aplicaci\u00f3n de una pol\u00edtica p\u00fablica que emerja desde la autoridad. Como ciudadano tambi\u00e9n se puede participar, si se trabaja desde el punto de vista de la econom\u00eda colaborativa que conecta a las personas y promueva el crecimiento econ\u00f3mico\u201d, indic\u00f3 Pocaterra.<\/p>\n<div id=\"attachment_1458\" style=\"width: 520px\" class=\"wp-caption aligncenter\"><a href=\"http:\/\/fundacionseguroscaracas.org\/wp-content\/uploads\/2015\/10\/ForoCaos4.jpg\"><img loading=\"lazy\" decoding=\"async\" aria-describedby=\"caption-attachment-1458\" class=\"size-full wp-image-1458\" src=\"http:\/\/fundacionseguroscaracas.org\/wp-content\/uploads\/2015\/10\/ForoCaos4.jpg\" alt=\"Gerardo Perozo, gerente general de Fundaci\u00f3n Seguros Caracas\" width=\"510\" height=\"346\" srcset=\"https:\/\/fundacionseguroscaracas.com\/wp-content\/uploads\/2015\/10\/ForoCaos4.jpg 510w, https:\/\/fundacionseguroscaracas.com\/wp-content\/uploads\/2015\/10\/ForoCaos4-250x170.jpg 250w, https:\/\/fundacionseguroscaracas.com\/wp-content\/uploads\/2015\/10\/ForoCaos4-125x85.jpg 125w\" sizes=\"auto, (max-width: 510px) 100vw, 510px\" \/><\/a><\/p>\n<p id=\"caption-attachment-1458\" class=\"wp-caption-text\">Gerardo Perozo, gerente general de Fundaci\u00f3n Seguros Caracas<\/p>\n<\/div>\n<p>Finalmente, Gerardo Perozo hizo un breve recuento sobre los importantes aportes que desde sus inicios ha venido haciendo la <strong><em>Fundaci\u00f3n Seguros Caracas<\/em><\/strong> al tema de la seguridad vial, a trav\u00e9s de diferentes programas, entre los cuales se destacan las <a href=\"http:\/\/fundacionseguroscaracas.org\/category\/publicidad\/\" target=\"_blank\">campa\u00f1as<\/a> como recursos informativos y educativos, la <a href=\"http:\/\/fundacionseguroscaracas.org\/2014\/11\/18\/guia-para-los-afectados-y-victimas-de-hechos-viales-en-venezuela\/\" target=\"_blank\"><em>Gu\u00eda para los afectados y v\u00edctimas de hechos viales en Venezuela<\/em><\/a>, la <a href=\"http:\/\/fundacionseguroscaracas.org\/2014\/11\/18\/aportes-viales-revista-tecnica-de-la-fundacion-seguros-caracas-no-1\/\" target=\"_blank\"><em>Revista Aportes Viales<\/em><\/a>, entre otros.<\/p>\n<p>Se\u00f1al\u00f3 que del presupuesto para donaciones, el 47 por ciento se ha destinado a organizaciones dedicadas a la seguridad vial. Asimismo, destac\u00f3 la importancia que tienen las alianzas con organismos p\u00fablicos y privados para la promoci\u00f3n de la educaci\u00f3n vial.<\/p>\n<div id=\"attachment_1459\" style=\"width: 614px\" class=\"wp-caption aligncenter\"><a href=\"http:\/\/fundacionseguroscaracas.org\/wp-content\/uploads\/2015\/10\/ForoCaos5.jpg\"><img loading=\"lazy\" decoding=\"async\" aria-describedby=\"caption-attachment-1459\" class=\"size-full wp-image-1459\" src=\"http:\/\/fundacionseguroscaracas.org\/wp-content\/uploads\/2015\/10\/ForoCaos5.jpg\" alt=\"Juana Arteaga, Zulma Bol\u00edvar, Jos\u00e9 G. Caribas, Gerardo Perozo, Omar Hern\u00e1ndez y Juan J. Pocaterra.\" width=\"604\" height=\"443\" srcset=\"https:\/\/fundacionseguroscaracas.com\/wp-content\/uploads\/2015\/10\/ForoCaos5.jpg 604w, https:\/\/fundacionseguroscaracas.com\/wp-content\/uploads\/2015\/10\/ForoCaos5-250x183.jpg 250w, https:\/\/fundacionseguroscaracas.com\/wp-content\/uploads\/2015\/10\/ForoCaos5-125x92.jpg 125w\" sizes=\"auto, (max-width: 604px) 100vw, 604px\" \/><\/a><\/p>\n<p id=\"caption-attachment-1459\" class=\"wp-caption-text\">Juana Arteaga, Zulma Bol\u00edvar, Jos\u00e9 G. Caribas, Gerardo Perozo, Omar Hern\u00e1ndez y Juan J. Pocaterra.<\/p>\n<\/div>\n","protected":false},"excerpt":{"rendered":"<p>32 d\u00edas al a\u00f1o, pierden los caraque\u00f1os debido al tr\u00e1nsito vehicular, revel\u00f3 ayer la presidenta del Instituto Metropolitano de Urbanismo Taller Caracas, Zulma Bol\u00edvar, durante el Foro \u201cCaos Vial, Propuestas y Soluciones\u201d, organizado por la Comisi\u00f3n Permanente de Transporte y Vialidad del Cabildo Metropolitano de Caracas.<\/p>\n","protected":false},"author":3,"featured_media":0,"comment_status":"open","ping_status":"open","sticky":false,"template":"","format":"standard","meta":{"_monsterinsights_skip_tracking":false,"_monsterinsights_sitenote_active":false,"_monsterinsights_sitenote_note":"","_monsterinsights_sitenote_category":0,"footnotes":""},"categories":[6],"tags":[32,11,85,12],"class_list":["post-1453","post","type-post","status-publish","format-standard","hentry","category-novedades","tag-educacion-vial","tag-fundacion-seguros-caracas","tag-movilidad","tag-seguridad-vial"],"aioseo_notices":[],"_links":{"self":[{"href":"https:\/\/fundacionseguroscaracas.com\/index.php?rest_route=\/wp\/v2\/posts\/1453","targetHints":{"allow":["GET"]}}],"collection":[{"href":"https:\/\/fundacionseguroscaracas.com\/index.php?rest_route=\/wp\/v2\/posts"}],"about":[{"href":"https:\/\/fundacionseguroscaracas.com\/index.php?rest_route=\/wp\/v2\/types\/post"}],"author":[{"embeddable":true,"href":"https:\/\/fundacionseguroscaracas.com\/index.php?rest_route=\/wp\/v2\/users\/3"}],"replies":[{"embeddable":true,"href":"https:\/\/fundacionseguroscaracas.com\/index.php?rest_route=%2Fwp%2Fv2%2Fcomments&post=1453"}],"version-history":[{"count":0,"href":"https:\/\/fundacionseguroscaracas.com\/index.php?rest_route=\/wp\/v2\/posts\/1453\/revisions"}],"wp:attachment":[{"href":"https:\/\/fundacionseguroscaracas.com\/index.php?rest_route=%2Fwp%2Fv2%2Fmedia&parent=1453"}],"wp:term":[{"taxonomy":"category","embeddable":true,"href":"https:\/\/fundacionseguroscaracas.com\/index.php?rest_route=%2Fwp%2Fv2%2Fcategories&post=1453"},{"taxonomy":"post_tag","embeddable":true,"href":"https:\/\/fundacionseguroscaracas.com\/index.php?rest_route=%2Fwp%2Fv2%2Ftags&post=1453"}],"curies":[{"name":"wp","href":"https:\/\/api.w.org\/{rel}","templated":true}]}}