{"id":1469,"date":"2015-10-27T17:05:36","date_gmt":"2015-10-27T17:05:36","guid":{"rendered":"http:\/\/fundacionseguroscaracas.org\/?p=1469"},"modified":"2015-11-04T04:49:03","modified_gmt":"2015-11-04T04:49:03","slug":"foro-para-un-llamado-de-atencion","status":"publish","type":"post","link":"https:\/\/fundacionseguroscaracas.com\/?p=1469","title":{"rendered":"Foro para un llamado de atenci\u00f3n"},"content":{"rendered":"<p><a href=\"http:\/\/fundacionseguroscaracas.org\/wp-content\/uploads\/2015\/11\/ForoCAF.png\"><img loading=\"lazy\" decoding=\"async\" class=\"alignright size-full wp-image-1470\" src=\"http:\/\/fundacionseguroscaracas.org\/wp-content\/uploads\/2015\/11\/ForoCAF.png\" alt=\"ForoCAF\" width=\"325\" height=\"222\" srcset=\"https:\/\/fundacionseguroscaracas.com\/wp-content\/uploads\/2015\/11\/ForoCAF.png 325w, https:\/\/fundacionseguroscaracas.com\/wp-content\/uploads\/2015\/11\/ForoCAF-250x171.png 250w, https:\/\/fundacionseguroscaracas.com\/wp-content\/uploads\/2015\/11\/ForoCAF-125x85.png 125w\" sizes=\"auto, (max-width: 325px) 100vw, 325px\" \/><\/a>Con el fin de llamar la atenci\u00f3n de la sociedad civil y de las autoridades p\u00fablicas sobre el problema que constituye la inseguridad vial mundialmente, se realizar\u00e1 el Foro de seguridad vial los d\u00edas 29 y 30 de octubre, en Caracas.<\/p>\n<p>Esta iniciativa de la Corporaci\u00f3n Andina de Fomento (CAF), la Alcald\u00eda de Sucre y el Instituto Aut\u00f3nomo de Transporte y Estrategia Superficial (IMAT) permitir\u00e1 reflexionar sobre la importancia de prevenir siniestros viales y las consecuencias que ellos acarrean.<!--more--><\/p>\n<p>El Foro contar\u00e1 con la participaci\u00f3n de especialistas nacionales e internacionales, quienes aportar\u00e1n sus conocimientos y compartir\u00e1n experiencias que pueden servir como referencia para la toma de decisiones y planificaci\u00f3n que fortalezcan el tema de la seguridad vial en Venezuela.<\/p>\n<p>Entre los ponentes, estar\u00e1n Hilda M. G\u00f3mez, especialista de CAF en seguridad vial; Mayerlin Fag\u00fandez, coordinadora del Observatorio de Seguridad Vial; Ary Bustamante, catedr\u00e1tico y consultor colombiano; El\u00edas Santana, director de la Escuela de Ciudadanos; \u00c1ngel L\u00f3pez, ex &#8211; director de Movilidad del Ayuntamiento de Barcelona; y el gerente general de <em><strong><a href=\"http:\/\/fundacionseguroscaracas.org\/\" target=\"_blank\">Fundaci\u00f3n Seguros Caracas<\/a><\/strong><\/em>, Gerardo Perozo, quien estar\u00e1 exponiendo sobre la Responsabilidad social y seguridad vial.<\/p>\n<p>La cita es en la sede de la CAF, en Altamira, Caracas.<\/p>\n","protected":false},"excerpt":{"rendered":"<p>Con el fin de llamar la atenci\u00f3n de la sociedad civil y de las autoridades p\u00fablicas sobre el problema que constituye la inseguridad vial mundialmente, se realizar\u00e1 el Foro de seguridad vial los d\u00edas 29 y 30 de octubre, en Caracas. Esta iniciativa de la Corporaci\u00f3n Andina de Fomento (CAF), la Alcald\u00eda de Sucre y [&hellip;]<\/p>\n","protected":false},"author":3,"featured_media":0,"comment_status":"open","ping_status":"open","sticky":false,"template":"","format":"standard","meta":{"_monsterinsights_skip_tracking":false,"_monsterinsights_sitenote_active":false,"_monsterinsights_sitenote_note":"","_monsterinsights_sitenote_category":0,"footnotes":""},"categories":[6],"tags":[89,11,90,12],"class_list":["post-1469","post","type-post","status-publish","format-standard","hentry","category-novedades","tag-caf","tag-fundacion-seguros-caracas","tag-imat","tag-seguridad-vial"],"aioseo_notices":[],"_links":{"self":[{"href":"https:\/\/fundacionseguroscaracas.com\/index.php?rest_route=\/wp\/v2\/posts\/1469","targetHints":{"allow":["GET"]}}],"collection":[{"href":"https:\/\/fundacionseguroscaracas.com\/index.php?rest_route=\/wp\/v2\/posts"}],"about":[{"href":"https:\/\/fundacionseguroscaracas.com\/index.php?rest_route=\/wp\/v2\/types\/post"}],"author":[{"embeddable":true,"href":"https:\/\/fundacionseguroscaracas.com\/index.php?rest_route=\/wp\/v2\/users\/3"}],"replies":[{"embeddable":true,"href":"https:\/\/fundacionseguroscaracas.com\/index.php?rest_route=%2Fwp%2Fv2%2Fcomments&post=1469"}],"version-history":[{"count":0,"href":"https:\/\/fundacionseguroscaracas.com\/index.php?rest_route=\/wp\/v2\/posts\/1469\/revisions"}],"wp:attachment":[{"href":"https:\/\/fundacionseguroscaracas.com\/index.php?rest_route=%2Fwp%2Fv2%2Fmedia&parent=1469"}],"wp:term":[{"taxonomy":"category","embeddable":true,"href":"https:\/\/fundacionseguroscaracas.com\/index.php?rest_route=%2Fwp%2Fv2%2Fcategories&post=1469"},{"taxonomy":"post_tag","embeddable":true,"href":"https:\/\/fundacionseguroscaracas.com\/index.php?rest_route=%2Fwp%2Fv2%2Ftags&post=1469"}],"curies":[{"name":"wp","href":"https:\/\/api.w.org\/{rel}","templated":true}]}}