{"id":1481,"date":"2015-11-03T06:48:31","date_gmt":"2015-11-03T06:48:31","guid":{"rendered":"http:\/\/fundacionseguroscaracas.org\/?p=1481"},"modified":"2015-11-04T15:05:47","modified_gmt":"2015-11-04T15:05:47","slug":"trabajo-conjunto-fortalece-la-seguridad-vial","status":"publish","type":"post","link":"https:\/\/fundacionseguroscaracas.com\/?p=1481","title":{"rendered":"Trabajo conjunto fortalece la seguridad vial"},"content":{"rendered":"<p><a href=\"http:\/\/fundacionseguroscaracas.org\/wp-content\/uploads\/2015\/11\/CafGral.jpg\"><img loading=\"lazy\" decoding=\"async\" class=\"alignright size-full wp-image-1482\" src=\"http:\/\/fundacionseguroscaracas.org\/wp-content\/uploads\/2015\/11\/CafGral.jpg\" alt=\"CafGral\" width=\"314\" height=\"213\" srcset=\"https:\/\/fundacionseguroscaracas.com\/wp-content\/uploads\/2015\/11\/CafGral.jpg 314w, https:\/\/fundacionseguroscaracas.com\/wp-content\/uploads\/2015\/11\/CafGral-250x170.jpg 250w, https:\/\/fundacionseguroscaracas.com\/wp-content\/uploads\/2015\/11\/CafGral-125x85.jpg 125w\" sizes=\"auto, (max-width: 314px) 100vw, 314px\" \/><\/a>El\u00a0<em><a href=\"http:\/\/fundacionseguroscaracas.org\/2015\/10\/27\/foro-para-un-llamado-de-atencion\/\" target=\"_blank\">Foro de Seguridad Vial<\/a><\/em>, que se realiz\u00f3 los d\u00edas 29 y 30 de octubre pasado, se constituy\u00f3 en un espacio donde confluyeron ideas y propuestas de expertos nacionales e internacionales para la toma de decisiones y planificaci\u00f3n de medidas que fortalezcan el tema de la seguridad vial en Venezuela.<\/p>\n<p>Esta iniciativa de la Corporaci\u00f3n Andina de Fomento (CAF), la Alcald\u00eda de Sucre y el Instituto Aut\u00f3nomo de Transporte y Estrategia Superficial (IMAT) permiti\u00f3 a los asistentes reflexionar sobre la importancia de prevenir siniestros viales y las consecuencias que ellos acarrean.<!--more--><\/p>\n<p>El\u00a0llamado de los participantes fue\u00a0reflexionar sobre\u00a0la necesidad de aunar esfuerzos desde todos los \u00e1mbitos posibles: gubernamentales, privados, acad\u00e9micos, para generar acciones que logren posicionar este tema de acuerdo con el creciente impacto que tiene sobre la sociedad.<\/p>\n<div id=\"attachment_1483\" style=\"width: 324px\" class=\"wp-caption alignleft\"><a href=\"http:\/\/fundacionseguroscaracas.org\/wp-content\/uploads\/2015\/11\/CafAry.jpg\"><img loading=\"lazy\" decoding=\"async\" aria-describedby=\"caption-attachment-1483\" class=\"wp-image-1483 size-full\" src=\"http:\/\/fundacionseguroscaracas.org\/wp-content\/uploads\/2015\/11\/CafAry.jpg\" alt=\"CafAry\" width=\"314\" height=\"189\" srcset=\"https:\/\/fundacionseguroscaracas.com\/wp-content\/uploads\/2015\/11\/CafAry.jpg 314w, https:\/\/fundacionseguroscaracas.com\/wp-content\/uploads\/2015\/11\/CafAry-250x150.jpg 250w, https:\/\/fundacionseguroscaracas.com\/wp-content\/uploads\/2015\/11\/CafAry-125x75.jpg 125w\" sizes=\"auto, (max-width: 314px) 100vw, 314px\" \/><\/a><\/p>\n<p id=\"caption-attachment-1483\" class=\"wp-caption-text\">Ary Bustamante, experto colombiano.<\/p>\n<\/div>\n<p>La especialista de CAF en seguridad vial, Hilda Mar\u00eda G\u00f3mez, revel\u00f3 que \u00a0un estudio comparativo entre el sistema a\u00e9reo y el sistema vial realizado en el a\u00f1o 2012, arroj\u00f3 que en el primero se registraron 75 incidentes, mientras que en el segundo ocurrieron 1,2 millones incidentes.<\/p>\n<p>\u00abA la hora de planificarlas, hay que tener en cuenta a todos los usuarios de las v\u00edas. Los responsables de la infraestructura vial son co-responsables de la seguridad de los usuarios\u00bb, acot\u00f3 G\u00f3mez durante su ponencia, titulada \u00abLa seguridad de las infraestructuras en Am\u00e9rica Latina\u00bb.<\/p>\n<div id=\"attachment_1488\" style=\"width: 218px\" class=\"wp-caption alignright\"><img loading=\"lazy\" decoding=\"async\" aria-describedby=\"caption-attachment-1488\" class=\"wp-image-1488 size-full\" src=\"http:\/\/fundacionseguroscaracas.org\/wp-content\/uploads\/2015\/11\/CeliaHerrera.jpg\" alt=\"CeliaHerrera\" width=\"208\" height=\"235\" srcset=\"https:\/\/fundacionseguroscaracas.com\/wp-content\/uploads\/2015\/11\/CeliaHerrera.jpg 208w, https:\/\/fundacionseguroscaracas.com\/wp-content\/uploads\/2015\/11\/CeliaHerrera-125x141.jpg 125w\" sizes=\"auto, (max-width: 208px) 100vw, 208px\" \/><\/p>\n<p id=\"caption-attachment-1488\" class=\"wp-caption-text\">Ing. Celia Herrera.<\/p>\n<\/div>\n<p>Ary Bustamante, catedr\u00e1tico y consultor colombiano, quien expuso sobre \u00abV\u00edas seguras (principios de v\u00edas perdonadoras y de auditor\u00edas de seguridad vial)\u00bb, se\u00f1al\u00f3 que el 94% de siniestralidad tiene un factor humano: \u00abSi podemos hacer v\u00edas seguras es factible reducir ese 94%. La infraestructura tienen que ver mucho con la siniestralidad. Lo costoso es la p\u00e9rdida de vidas humanas\u00bb.<\/p>\n<p>\u00abLa infraestructura vial en Venezuela\u00bb fue el tema expuesto por la directora de la Escuela de Ingenier\u00eda Civil de la Universidad Central de Venezuela, Celia Herrera,<\/p>\n<div id=\"attachment_1489\" style=\"width: 245px\" class=\"wp-caption alignleft\"><img loading=\"lazy\" decoding=\"async\" aria-describedby=\"caption-attachment-1489\" class=\"wp-image-1489 size-full\" src=\"http:\/\/fundacionseguroscaracas.org\/wp-content\/uploads\/2015\/11\/GerardoPerozo.jpg\" alt=\"GerardoPerozo\" width=\"235\" height=\"261\" srcset=\"https:\/\/fundacionseguroscaracas.com\/wp-content\/uploads\/2015\/11\/GerardoPerozo.jpg 235w, https:\/\/fundacionseguroscaracas.com\/wp-content\/uploads\/2015\/11\/GerardoPerozo-125x139.jpg 125w\" sizes=\"auto, (max-width: 235px) 100vw, 235px\" \/><\/p>\n<p id=\"caption-attachment-1489\" class=\"wp-caption-text\">Gerardo Perozo.<\/p>\n<\/div>\n<p>quien hizo un an\u00e1lisis de obras que en materia vial se han hecho en los dos \u00faltimos a\u00f1os en el pa\u00eds y las cuales \u00abpotencian la ocurrencia de siniestros viales\u00bb: \u00abHemos involucionado en materia de transporte y vialidad. A\u00a0la hora de dise\u00f1ar v\u00edas hay que partir del hecho de que la vida humana es primordial. La seguridad vial debe ser un proyecto colectivo que nos involucre a todos\u00bb.<\/p>\n<p>El gerente general de <strong><em><a href=\"http:\/\/fundacionseguroscaracas.org\/\" target=\"_blank\">Fundaci\u00f3n Seguros Caracas<\/a><\/em><\/strong>, Gerardo Perozo, trat\u00f3 el tema de la \u00abResponsabilidad social y seguridad vial\u00bb. Destac\u00f3 la importante labor que ha venido desarrollando la instituci\u00f3n que dirige para impulsar el tema de la educaci\u00f3n y la seguridad vial,\u00a0que se ha materializado en diversos programas. Resalt\u00f3 el convenio con la Univeridad Metropolitana para ofrecer cursos gratuitos en l\u00ednea, relacionados con el tema de la seguridad vial: Sistema de Transporte Terrestre, Marco Legal de Seguridad Vial y Educaci\u00f3n Ciudadana y Seguridad.<\/p>\n<div id=\"attachment_1486\" style=\"width: 434px\" class=\"wp-caption aligncenter\"><a href=\"http:\/\/fundacionseguroscaracas.org\/wp-content\/uploads\/2015\/11\/CafAuditorio.jpg\"><img loading=\"lazy\" decoding=\"async\" aria-describedby=\"caption-attachment-1486\" class=\"size-full wp-image-1486\" src=\"http:\/\/fundacionseguroscaracas.org\/wp-content\/uploads\/2015\/11\/CafAuditorio.jpg\" alt=\"Asistentes al Foro de Segurodad Vial en la CAF\" width=\"424\" height=\"313\" srcset=\"https:\/\/fundacionseguroscaracas.com\/wp-content\/uploads\/2015\/11\/CafAuditorio.jpg 424w, https:\/\/fundacionseguroscaracas.com\/wp-content\/uploads\/2015\/11\/CafAuditorio-250x185.jpg 250w, https:\/\/fundacionseguroscaracas.com\/wp-content\/uploads\/2015\/11\/CafAuditorio-125x92.jpg 125w\" sizes=\"auto, (max-width: 424px) 100vw, 424px\" \/><\/a><\/p>\n<p id=\"caption-attachment-1486\" class=\"wp-caption-text\">Asistentes al Foro de Seguridad Vial en la CAF.<\/p>\n<\/div>\n","protected":false},"excerpt":{"rendered":"<p>El\u00a0Foro de Seguridad Vial, que se realiz\u00f3 los d\u00edas 29 y 30 de octubre pasado, se constituy\u00f3 en un espacio donde confluyeron ideas y propuestas de expertos nacionales e internacionales para la toma de decisiones y planificaci\u00f3n de medidas que fortalezcan el tema de la seguridad vial en Venezuela. Esta iniciativa de la Corporaci\u00f3n Andina [&hellip;]<\/p>\n","protected":false},"author":3,"featured_media":0,"comment_status":"open","ping_status":"open","sticky":false,"template":"","format":"standard","meta":{"_monsterinsights_skip_tracking":false,"_monsterinsights_sitenote_active":false,"_monsterinsights_sitenote_note":"","_monsterinsights_sitenote_category":0,"footnotes":""},"categories":[6],"tags":[89,11,90,12],"class_list":["post-1481","post","type-post","status-publish","format-standard","hentry","category-novedades","tag-caf","tag-fundacion-seguros-caracas","tag-imat","tag-seguridad-vial"],"aioseo_notices":[],"_links":{"self":[{"href":"https:\/\/fundacionseguroscaracas.com\/index.php?rest_route=\/wp\/v2\/posts\/1481","targetHints":{"allow":["GET"]}}],"collection":[{"href":"https:\/\/fundacionseguroscaracas.com\/index.php?rest_route=\/wp\/v2\/posts"}],"about":[{"href":"https:\/\/fundacionseguroscaracas.com\/index.php?rest_route=\/wp\/v2\/types\/post"}],"author":[{"embeddable":true,"href":"https:\/\/fundacionseguroscaracas.com\/index.php?rest_route=\/wp\/v2\/users\/3"}],"replies":[{"embeddable":true,"href":"https:\/\/fundacionseguroscaracas.com\/index.php?rest_route=%2Fwp%2Fv2%2Fcomments&post=1481"}],"version-history":[{"count":1,"href":"https:\/\/fundacionseguroscaracas.com\/index.php?rest_route=\/wp\/v2\/posts\/1481\/revisions"}],"predecessor-version":[{"id":1487,"href":"https:\/\/fundacionseguroscaracas.com\/index.php?rest_route=\/wp\/v2\/posts\/1481\/revisions\/1487"}],"wp:attachment":[{"href":"https:\/\/fundacionseguroscaracas.com\/index.php?rest_route=%2Fwp%2Fv2%2Fmedia&parent=1481"}],"wp:term":[{"taxonomy":"category","embeddable":true,"href":"https:\/\/fundacionseguroscaracas.com\/index.php?rest_route=%2Fwp%2Fv2%2Fcategories&post=1481"},{"taxonomy":"post_tag","embeddable":true,"href":"https:\/\/fundacionseguroscaracas.com\/index.php?rest_route=%2Fwp%2Fv2%2Ftags&post=1481"}],"curies":[{"name":"wp","href":"https:\/\/api.w.org\/{rel}","templated":true}]}}