{"id":1543,"date":"2015-12-14T16:24:38","date_gmt":"2015-12-14T16:24:38","guid":{"rendered":"http:\/\/fundacionseguroscaracas.org\/?p=1543"},"modified":"2015-12-21T17:14:23","modified_gmt":"2015-12-21T17:14:23","slug":"evento-enriquecedor-y-constructivo","status":"publish","type":"post","link":"https:\/\/fundacionseguroscaracas.com\/?p=1543","title":{"rendered":"Evento enriquecedor y constructivo"},"content":{"rendered":"<p><a href=\"http:\/\/fundacionseguroscaracas.org\/wp-content\/uploads\/2015\/12\/IIIESV2.jpg\" rel=\"attachment wp-att-1544\"><img loading=\"lazy\" decoding=\"async\" class=\"alignright size-full wp-image-1544\" src=\"http:\/\/fundacionseguroscaracas.org\/wp-content\/uploads\/2015\/12\/IIIESV2.jpg\" alt=\"IIIESV2\" width=\"314\" height=\"202\" srcset=\"https:\/\/fundacionseguroscaracas.com\/wp-content\/uploads\/2015\/12\/IIIESV2.jpg 314w, https:\/\/fundacionseguroscaracas.com\/wp-content\/uploads\/2015\/12\/IIIESV2-250x161.jpg 250w, https:\/\/fundacionseguroscaracas.com\/wp-content\/uploads\/2015\/12\/IIIESV2-125x80.jpg 125w\" sizes=\"auto, (max-width: 314px) 100vw, 314px\" \/><\/a>Los asistentes al\u00a0<em style=\"font-style: italic;\"><a style=\"color: #1fa2e1;\" href=\"http:\/\/fundacionseguroscaracas.org\/2015\/11\/26\/aplicar-sanciones-piden-en-iii-encuentro-de-seguridad-vial\/\" target=\"_blank\">III Encuentro Comunitario de Seguridad Vial<\/a>,<\/em>\u00a0que se realiz\u00f3 el pasado mes de noviembre en Caracas, se manifestaron satisfechos con la iniciativa que reuni\u00f3 a expertos en el \u00e1rea de la educaci\u00f3n y la seguridad vial.<\/p>\n<p>En muchos casos, era la primera vez que asist\u00edan, pero todos coincid\u00edan en que les gustar\u00eda repetir la experiencia.<\/p>\n<p>A continuaci\u00f3n, algunos de los testimonios que pudimos recoger al finalizar la jornada:<!--more--><\/p>\n<p>Isabel Guzm\u00e1n, del\u00a0Instituto Nacional de Transporte Terrestre: \u00abMe ha parecido el evento muy constructivos para todos. Lo que se quiere es reforzar lo que tienen los organismos para que todos unidos vean las soluciones de lo que se quiere tratar que es la educaci\u00f3n vial\u00bb.<\/p>\n<p>Rosmery Espinoza, abogada independiente: \u00abSoy de Maracay y estoy muy satisfecha de las conferencias. Los felicito. Espero que estas conferencias no queden en palabras, en letras muertas sino que se hagan realidad. A <strong><em>Fundaci\u00f3n Seguros Caracas<\/em><\/strong> en particular la felicito. Tengo el gusto y el placer de tener mi carro asegurado en <em>Seguros Caracas\u00bb<\/em>.<\/p>\n<p>Tom\u00e1s Monje, del Instituto de Movilidad Urbana de Chacao: \u00abMe ha parecido una jornada bastante interesante, lo que nos ha permitido escuchar algunas propuestas y de alguna manera eso nos puede servir a futuro para ir solucionando todos esos problemas que a diario vivimos en nuestra ciudad. El tema de la educaci\u00f3n vial es hacia donde debemos ir para que nuestros muchachos en un futuro tengan una mejor condici\u00f3n de vida. Nos llevamos bastantes cosas muy buenas para implementar en nuestras \u00e1reas de influencia, nuestro trabajo, nuestra vida diaria\u00bb.<\/p>\n<div id=\"attachment_1546\" style=\"width: 303px\" class=\"wp-caption alignleft\"><a href=\"http:\/\/fundacionseguroscaracas.org\/wp-content\/uploads\/2015\/12\/MotorizadoIvan.jpg\" rel=\"attachment wp-att-1546\"><img loading=\"lazy\" decoding=\"async\" aria-describedby=\"caption-attachment-1546\" class=\"wp-image-1546 size-full\" src=\"http:\/\/fundacionseguroscaracas.org\/wp-content\/uploads\/2015\/12\/MotorizadoIvan.jpg\" alt=\"MotorizadoIvan\" width=\"293\" height=\"190\" srcset=\"https:\/\/fundacionseguroscaracas.com\/wp-content\/uploads\/2015\/12\/MotorizadoIvan.jpg 293w, https:\/\/fundacionseguroscaracas.com\/wp-content\/uploads\/2015\/12\/MotorizadoIvan-250x162.jpg 250w, https:\/\/fundacionseguroscaracas.com\/wp-content\/uploads\/2015\/12\/MotorizadoIvan-125x81.jpg 125w\" sizes=\"auto, (max-width: 293px) 100vw, 293px\" \/><\/a><\/p>\n<p id=\"caption-attachment-1546\" class=\"wp-caption-text\">Iv\u00e1n Navarro durante el III Encuentro.<\/p>\n<\/div>\n<p>Iv\u00e1n Rafael Navarro, presidente de la Asociaci\u00f3n Civil de Motorizados del Estado Aragua y creador del C\u00f3digo de \u00c9tica del Motociclista: \u00abEs un evento bastante enriquecedor, porque aprendemos todos y de una u otra forma coadyuvamos en ver qu\u00e9 podemos aportar cada uno desde sus espacios para buscar la manera de ver c\u00f3mo solucionamos entre todos la seguridad vial en nuestro pa\u00eds. Yo he tenido la oportunidad de estar en los dos encuentros anteriores y me ha parecido bastante fruct\u00edfero porque la participaci\u00f3n de todos y de uno ha sido muy valiosa en cuanto a dar a conocer lo que uno est\u00e1 haciendo y uno conoce muchas personas que trabajan el tema\u00bb.<\/p>\n<p>Alberto Forte, director de los Param\u00e9dicos en la Autopista: \u00abMe parece s\u00faper excelente, porque es algo necesario para el pa\u00eds y por el bien del futuro de nuestros hijos. Creo que la ense\u00f1anza en la educaci\u00f3n inicial es prioritario para un cambio radical a futuro\u00bb.<\/p>\n","protected":false},"excerpt":{"rendered":"<p>Los asistentes al\u00a0III Encuentro Comunitario de Seguridad Vial,\u00a0que se realiz\u00f3 el pasado mes de noviembre en Caracas, se manifestaron satisfechos con la iniciativa que reuni\u00f3 a expertos en el \u00e1rea de la educaci\u00f3n y la seguridad vial. En muchos casos, era la primera vez que asist\u00edan, pero todos coincid\u00edan en que les gustar\u00eda repetir la [&hellip;]<\/p>\n","protected":false},"author":3,"featured_media":0,"comment_status":"open","ping_status":"open","sticky":false,"template":"","format":"standard","meta":{"_monsterinsights_skip_tracking":false,"_monsterinsights_sitenote_active":false,"_monsterinsights_sitenote_note":"","_monsterinsights_sitenote_category":0,"footnotes":""},"categories":[6],"tags":[11,65,93,66,12],"class_list":["post-1543","post","type-post","status-publish","format-standard","hentry","category-novedades","tag-fundacion-seguros-caracas","tag-intt","tag-motorizados","tag-red-venezolana-de-seguridad-vial","tag-seguridad-vial"],"aioseo_notices":[],"_links":{"self":[{"href":"https:\/\/fundacionseguroscaracas.com\/index.php?rest_route=\/wp\/v2\/posts\/1543","targetHints":{"allow":["GET"]}}],"collection":[{"href":"https:\/\/fundacionseguroscaracas.com\/index.php?rest_route=\/wp\/v2\/posts"}],"about":[{"href":"https:\/\/fundacionseguroscaracas.com\/index.php?rest_route=\/wp\/v2\/types\/post"}],"author":[{"embeddable":true,"href":"https:\/\/fundacionseguroscaracas.com\/index.php?rest_route=\/wp\/v2\/users\/3"}],"replies":[{"embeddable":true,"href":"https:\/\/fundacionseguroscaracas.com\/index.php?rest_route=%2Fwp%2Fv2%2Fcomments&post=1543"}],"version-history":[{"count":0,"href":"https:\/\/fundacionseguroscaracas.com\/index.php?rest_route=\/wp\/v2\/posts\/1543\/revisions"}],"wp:attachment":[{"href":"https:\/\/fundacionseguroscaracas.com\/index.php?rest_route=%2Fwp%2Fv2%2Fmedia&parent=1543"}],"wp:term":[{"taxonomy":"category","embeddable":true,"href":"https:\/\/fundacionseguroscaracas.com\/index.php?rest_route=%2Fwp%2Fv2%2Fcategories&post=1543"},{"taxonomy":"post_tag","embeddable":true,"href":"https:\/\/fundacionseguroscaracas.com\/index.php?rest_route=%2Fwp%2Fv2%2Ftags&post=1543"}],"curies":[{"name":"wp","href":"https:\/\/api.w.org\/{rel}","templated":true}]}}