{"id":1571,"date":"2016-02-11T17:35:05","date_gmt":"2016-02-11T17:35:05","guid":{"rendered":"http:\/\/fundacionseguroscaracas.org\/?p=1571"},"modified":"2016-02-25T02:36:52","modified_gmt":"2016-02-25T02:36:52","slug":"fundacion-seguros-caracas-no-para-y-ii","status":"publish","type":"post","link":"https:\/\/fundacionseguroscaracas.com\/?p=1571","title":{"rendered":"Fundaci\u00f3n Seguros Caracas no para (y II)"},"content":{"rendered":"<p><a href=\"http:\/\/fundacionseguroscaracas.org\/wp-content\/uploads\/2016\/02\/FSCLOGO.png\" rel=\"attachment wp-att-1572\"><img loading=\"lazy\" decoding=\"async\" class=\"alignright size-full wp-image-1572\" src=\"http:\/\/fundacionseguroscaracas.org\/wp-content\/uploads\/2016\/02\/FSCLOGO.png\" alt=\"FSCLOGO\" width=\"314\" height=\"177\" srcset=\"https:\/\/fundacionseguroscaracas.com\/wp-content\/uploads\/2016\/02\/FSCLOGO.png 314w, https:\/\/fundacionseguroscaracas.com\/wp-content\/uploads\/2016\/02\/FSCLOGO-250x141.png 250w, https:\/\/fundacionseguroscaracas.com\/wp-content\/uploads\/2016\/02\/FSCLOGO-125x70.png 125w\" sizes=\"auto, (max-width: 314px) 100vw, 314px\" \/><\/a>Durante el segundo semestre del a\u00f1o pasado, la <strong><em>Fundaci\u00f3n Seguros Caracas<\/em><\/strong> no disminuy\u00f3 el ritmo que ten\u00eda la primera mitad del a\u00f1o y continuamos realizando y participando en diversas actividades relacionadas con la promoci\u00f3n de la seguridad vial y la cultura:<!--more--><\/p>\n<p>En <strong>julio<\/strong> iniciamos una nueva convocatoria para participar en el \u201c<a href=\"http:\/\/fundacionseguroscaracas.org\/2015\/07\/09\/echa-tu-cuento\/\" target=\"_blank\">Concurso de Cr\u00f3nicas Fundaci\u00f3n Seguros Caracas 2015: Que la ciudad eche su cuento<\/a>\u201d, que permite a los habitantes de una ciudad compartir esas historias de las cuales son testigos d\u00eda a d\u00eda.<\/p>\n<p>Este mismo mes, se present\u00f3\u00a0la\u00a0\u201c<a href=\"http:\/\/fundacionseguroscaracas.org\/2015\/07\/14\/5-de-cada-10-desconocen-normas-viales\/\" target=\"_blank\">I Encuesta sobre h\u00e1bitos y actitudes en Seguridad Vial<\/a>\u201d, que arroj\u00f3,entre otros datos, que 5 de cada 10 encuestados afirman que conocen poco de normas viales y peatonales, lo que representa un 45% de las personas. La presentaci\u00f3n estuvo a cargo de Mayerlin Fag\u00fandez, coordinadora general del Observatorio de Seguridad Vial en Venezuela (OSV), organismo creado en el 2012, <a href=\"http:\/\/fundacionseguroscaracas.org\/wp-content\/uploads\/2016\/02\/encuestamayerlinfagundez.jpg\" rel=\"attachment wp-att-1573\"><img loading=\"lazy\" decoding=\"async\" class=\"alignleft size-full wp-image-1573\" src=\"http:\/\/fundacionseguroscaracas.org\/wp-content\/uploads\/2016\/02\/encuestamayerlinfagundez.jpg\" alt=\"encuestamayerlinfagundez\" width=\"314\" height=\"173\" srcset=\"https:\/\/fundacionseguroscaracas.com\/wp-content\/uploads\/2016\/02\/encuestamayerlinfagundez.jpg 314w, https:\/\/fundacionseguroscaracas.com\/wp-content\/uploads\/2016\/02\/encuestamayerlinfagundez-250x138.jpg 250w, https:\/\/fundacionseguroscaracas.com\/wp-content\/uploads\/2016\/02\/encuestamayerlinfagundez-125x69.jpg 125w\" sizes=\"auto, (max-width: 314px) 100vw, 314px\" \/><\/a>gracias a la alianza de la Asociaci\u00f3n Civil Paz Activa con la <em>Fundaci\u00f3n Seguros Caracas<\/em> y tiene como objetivo velar por la seguridad vial, mejora de la infraestructura y la educaci\u00f3n vial, as\u00ed como crear conciencia en la sociedad.<\/p>\n<p>A finales de julio, el\u00a0Observatorio de Seguridad Vial (OSV) present\u00f3 el\u00a0\u201c<a href=\"http:\/\/fundacionseguroscaracas.org\/2015\/07\/31\/presentan-iii-informe-sobre-seguridad-vial-en-venezuela\/\" target=\"_blank\">III Informe sobre la Situaci\u00f3n de Seguridad Vial en Venezuela: Observando desde la Sociedad Civil 2014<\/a>\u2033, que contiene el an\u00e1lisis del Anuario de Mortalidad del a\u00f1o 2012, la revisi\u00f3n del Anuario del Instituto de Tr\u00e1nsito Terrestre 2013 y el estudio hemerogr\u00e1fico que desarrolla cada a\u00f1o el Observatorio de Seguridad Vial<\/p>\n<p>Julio tambi\u00e9n nos trajo el\u00a0ganador del\u00a0\u201c<a href=\"http:\/\/fundacionseguroscaracas.org\/2015\/07\/22\/alberto-andres-gonzalez-gana-ii-concurso-nacional-de-composicion\/\" target=\"_blank\">II Concurso Nacional de Composici\u00f3n Sim\u00f3n Bol\u00edvar \u2013 Fundaci\u00f3n Seguros Caracas<\/a>\u201d. En esta oportunidad, el honor recay\u00f3 en el joven\u00a0compositor venezolano Alberto Andr\u00e9s Gonz\u00e1lez.<\/p>\n<p>Durante el mes de <strong>agosto<\/strong>,\u00a0la <em>Fundaci\u00f3n Seguros Caracas<\/em> inaugur\u00f3 la exposici\u00f3n fotogr\u00e1fica \u201c<a href=\"http:\/\/fundacionseguroscaracas.org\/2015\/08\/24\/homenaje-al-mas-genial-de-los-gusanos\/\" target=\"_blank\">Luis Brito: La envolvente visi\u00f3n del m\u00e1s genial de los gusanos<\/a>\u201d, un sentido homenaje al fot\u00f3grafo y gran colaborador de esta casa,quien falleci\u00f3 en marzo.<\/p>\n<p>En el mes de <strong>septiembre<\/strong>, la alcald\u00eda del municipio El Hatillo junto a EBG producciones celebraron, con el apoyo de la <em>Fundaci\u00f3n Seguros Caracas<\/em>, la d\u00e9cimo segunda edici\u00f3n de \u201c<a href=\"http:\/\/fundacionseguroscaracas.org\/2015\/09\/03\/a-disfrutar-de-el-hatillo-jazz-festival\/\" target=\"_blank\">El Hatillo Jazz Festival<\/a>\u201d, ocho d\u00edas de actividades culturales, donde hubo intercambios art\u00edsticos, m\u00fasica en vivo y disfrute del espacio p\u00fablico.<\/p>\n<p><a href=\"http:\/\/fundacionseguroscaracas.org\/wp-content\/uploads\/2015\/10\/CronicaCuento.jpg\" rel=\"attachment wp-att-1449\"><img loading=\"lazy\" decoding=\"async\" class=\"alignright size-full wp-image-1449\" src=\"http:\/\/fundacionseguroscaracas.org\/wp-content\/uploads\/2015\/10\/CronicaCuento.jpg\" alt=\"CronicaCuento\" width=\"314\" height=\"158\" srcset=\"https:\/\/fundacionseguroscaracas.com\/wp-content\/uploads\/2015\/10\/CronicaCuento.jpg 314w, https:\/\/fundacionseguroscaracas.com\/wp-content\/uploads\/2015\/10\/CronicaCuento-250x126.jpg 250w, https:\/\/fundacionseguroscaracas.com\/wp-content\/uploads\/2015\/10\/CronicaCuento-125x63.jpg 125w\" sizes=\"auto, (max-width: 314px) 100vw, 314px\" \/><\/a>En <strong>octubre<\/strong> conocimos el veredicto del <a href=\"http:\/\/fundacionseguroscaracas.org\/2015\/07\/11\/concurso-de-cronicas-fundacion-seguros-caracas-2015-que-la-ciudad-eche-su-cuento\/\" target=\"_blank\"><em>Concurso de Cr\u00f3nicas Fundaci\u00f3n Seguros Caracas: Que la ciudad eche su cuento<\/em><\/a>, que por decisi\u00f3n un\u00e1nime de los miembros del jurado result\u00f3 ganadora\u00a0Gusmar Sosa Crespo con su\u00a0\u201cCr\u00f3nica de un aborto no concretado\u201d.<\/p>\n<p>El mes de <strong>noviembre<\/strong> fue muy importante,\u00a0pues adem\u00e1s de la cantidad de actividades en las que participamos, la <em>Fundaci\u00f3n Seguros Caracas<\/em> y la <em>Universidad Metropolitana<\/em>\u00a0iniciaron el camino para la consolidaci\u00f3n de una alianza que en apenas un mes ya se vislumbraba exitosa: los <a href=\"http:\/\/fundacionseguroscaracas.org\/2015\/11\/18\/seguridad-vial-on-line\/\" target=\"_blank\">cursos on line sobre seguridad vial<\/a>.<\/p>\n<div id=\"stcpDiv\">La <em>Fundaci\u00f3n Seguros Caracas<\/em> inaugur\u00f3 la <a href=\"http:\/\/fundacionseguroscaracas.org\/2015\/11\/13\/la-fundacion-seguros-caracas-inauguro-cancha-en-la-escuela-el-vivero\/\" target=\"_blank\">cancha de la escuela El Vivero<\/a>, gracias al apoyo de Seguros Caracas de Liberty Mutual, la Fundaci\u00f3n el Arbor, el personal docente de la instituci\u00f3n y todos los ingenieros y obreros que durante 4 a\u00f1os trabajaron en el proyecto.<\/div>\n<div><\/div>\n<div>Los <a href=\"http:\/\/fundacionseguroscaracas.org\/2015\/10\/30\/unos-locos-sueltos-en-los-llanos\/\" target=\"_blank\">Locos de Carretera<\/a> contin\u00faan su\u00a0aventura musical con el cuatro y las maracas como protagonistas y con el poyo de <em>Fundaci\u00f3n Seguros Caracas<\/em>. Pero en esta oportunidad se dirigieron\u00a0hacia varias\u00a0ciudades de\u00a0los llanos venezolanos.<\/div>\n<div><\/div>\n<div>El\u00a0<em><strong><a href=\"http:\/\/fundacionseguroscaracas.org\/2015\/11\/26\/aplicar-sanciones-piden-en-iii-encuentro-de-seguridad-vial\/\" target=\"_blank\">III Encuentro Comunitario de Seguridad Vial<\/a><\/strong><\/em>, que tuvo como banderas la alianza y el compromiso, cerr\u00f3 las actividades del pen\u00faltimo mes del 2015.\u00a0Esta edici\u00f3n cont\u00f3 por primera vez con la participaci\u00f3n activa de la\u00a0<a href=\"http:\/\/fundacionseguroscaracas.org\/2014\/05\/20\/crean-la-red-venezolana-de-seguridad-vial\/\"><em>Red Venezolana de Seguridad Vial<\/em><\/a>\u00a0(RVSV).\u00a0Esta iniciativa de\u00a0<em>La Escuela de Ciudadanos<\/em>, en alianza con\u00a0<em>Mi Condominio.com<\/em>, la\u00a0<em>Red de Madres, Padres &amp; Representantes<\/em>, la\u00a0<em>Agencia Comunidad &amp; Comunicaci\u00f3n<\/em>\u00a0y la\u00a0<em>Fundaci\u00f3n Medicina Familiar,<\/em>\u00a0cont\u00f3 con el patrocinio y acompa\u00f1amiento de la\u00a0<em><strong>Fundaci\u00f3n Seguros Caracas<\/strong><\/em>\u00a0y la participaci\u00f3n especial de\u00a0<em>Radio Comunidad.com.<\/em><\/div>\n<div><\/div>\n<div id=\"attachment_1533\" style=\"width: 650px\" class=\"wp-caption aligncenter\"><a href=\"http:\/\/fundacionseguroscaracas.org\/wp-content\/uploads\/2015\/12\/IIIEncuentroPanor\u00e1mica.jpg\" rel=\"attachment wp-att-1533\"><img loading=\"lazy\" decoding=\"async\" aria-describedby=\"caption-attachment-1533\" class=\"size-full wp-image-1533\" src=\"http:\/\/fundacionseguroscaracas.org\/wp-content\/uploads\/2015\/12\/IIIEncuentroPanor\u00e1mica.jpg\" alt=\"Una panor\u00e1mica del III Encuentro Comunitario de Seguridad Vial, donde convergieron entes p\u00fablicos y privados.\" width=\"640\" height=\"315\" srcset=\"https:\/\/fundacionseguroscaracas.com\/wp-content\/uploads\/2015\/12\/IIIEncuentroPanor\u00e1mica.jpg 640w, https:\/\/fundacionseguroscaracas.com\/wp-content\/uploads\/2015\/12\/IIIEncuentroPanor\u00e1mica-250x123.jpg 250w, https:\/\/fundacionseguroscaracas.com\/wp-content\/uploads\/2015\/12\/IIIEncuentroPanor\u00e1mica-125x62.jpg 125w, https:\/\/fundacionseguroscaracas.com\/wp-content\/uploads\/2015\/12\/IIIEncuentroPanor\u00e1mica-638x315.jpg 638w\" sizes=\"auto, (max-width: 640px) 100vw, 640px\" \/><\/a><\/p>\n<p id=\"caption-attachment-1533\" class=\"wp-caption-text\">Una panor\u00e1mica del III Encuentro Comunitario de Seguridad Vial, donde convergieron entes p\u00fablicos y privados.<\/p>\n<\/div>\n<p>Y para cerrar el a\u00f1o 2015, en <strong>diciembre<\/strong> la <em>Fundaci\u00f3n Seguros Caracas<\/em> realiz\u00f3 un <a href=\"http:\/\/fundacionseguroscaracas.org\/2015\/12\/17\/ganate-un-combo-de-recetarios-de-scannone\/\" target=\"_blank\">concurso por Instagram<\/a> que consist\u00eda en\u00a0compartir una foto del libro rojo y participar por un combo de recetarios de Don Armando Scannone autografiados por el mismo autor.<\/p>\n<p>\u00a1Este a\u00f1o 2016 seguimos activados!<\/p>\n","protected":false},"excerpt":{"rendered":"<p>Durante el segundo semestre del a\u00f1o pasado, la Fundaci\u00f3n Seguros Caracas no disminuy\u00f3 el ritmo que ten\u00eda la primera mitad del a\u00f1o y continuamos realizando y participando en diversas actividades relacionadas con la promoci\u00f3n de la seguridad vial y la cultura:<\/p>\n","protected":false},"author":3,"featured_media":0,"comment_status":"open","ping_status":"open","sticky":false,"template":"","format":"standard","meta":{"_monsterinsights_skip_tracking":false,"_monsterinsights_sitenote_active":false,"_monsterinsights_sitenote_note":"","_monsterinsights_sitenote_category":0,"footnotes":""},"categories":[6],"tags":[11,77,12],"class_list":["post-1571","post","type-post","status-publish","format-standard","hentry","category-novedades","tag-fundacion-seguros-caracas","tag-responsabilidad-social","tag-seguridad-vial"],"aioseo_notices":[],"_links":{"self":[{"href":"https:\/\/fundacionseguroscaracas.com\/index.php?rest_route=\/wp\/v2\/posts\/1571","targetHints":{"allow":["GET"]}}],"collection":[{"href":"https:\/\/fundacionseguroscaracas.com\/index.php?rest_route=\/wp\/v2\/posts"}],"about":[{"href":"https:\/\/fundacionseguroscaracas.com\/index.php?rest_route=\/wp\/v2\/types\/post"}],"author":[{"embeddable":true,"href":"https:\/\/fundacionseguroscaracas.com\/index.php?rest_route=\/wp\/v2\/users\/3"}],"replies":[{"embeddable":true,"href":"https:\/\/fundacionseguroscaracas.com\/index.php?rest_route=%2Fwp%2Fv2%2Fcomments&post=1571"}],"version-history":[{"count":0,"href":"https:\/\/fundacionseguroscaracas.com\/index.php?rest_route=\/wp\/v2\/posts\/1571\/revisions"}],"wp:attachment":[{"href":"https:\/\/fundacionseguroscaracas.com\/index.php?rest_route=%2Fwp%2Fv2%2Fmedia&parent=1571"}],"wp:term":[{"taxonomy":"category","embeddable":true,"href":"https:\/\/fundacionseguroscaracas.com\/index.php?rest_route=%2Fwp%2Fv2%2Fcategories&post=1571"},{"taxonomy":"post_tag","embeddable":true,"href":"https:\/\/fundacionseguroscaracas.com\/index.php?rest_route=%2Fwp%2Fv2%2Ftags&post=1571"}],"curies":[{"name":"wp","href":"https:\/\/api.w.org\/{rel}","templated":true}]}}