{"id":1610,"date":"2016-04-15T14:53:20","date_gmt":"2016-04-15T14:53:20","guid":{"rendered":"http:\/\/fundacionseguroscaracas.org\/?p=1610"},"modified":"2016-05-02T15:46:38","modified_gmt":"2016-05-02T15:46:38","slug":"seguros-caracas-presente-en-semana-santa","status":"publish","type":"post","link":"https:\/\/fundacionseguroscaracas.com\/?p=1610","title":{"rendered":"Seguros Caracas presente en Semana Santa"},"content":{"rendered":"<p><a href=\"http:\/\/fundacionseguroscaracas.org\/wp-content\/uploads\/2016\/05\/SemanaSanta5.jpg\"><img loading=\"lazy\" decoding=\"async\" class=\"alignright size-full wp-image-1611\" src=\"http:\/\/fundacionseguroscaracas.org\/wp-content\/uploads\/2016\/05\/SemanaSanta5.jpg\" alt=\"SemanaSanta5\" width=\"314\" height=\"156\" srcset=\"https:\/\/fundacionseguroscaracas.com\/wp-content\/uploads\/2016\/05\/SemanaSanta5.jpg 314w, https:\/\/fundacionseguroscaracas.com\/wp-content\/uploads\/2016\/05\/SemanaSanta5-250x124.jpg 250w, https:\/\/fundacionseguroscaracas.com\/wp-content\/uploads\/2016\/05\/SemanaSanta5-125x62.jpg 125w\" sizes=\"auto, (max-width: 314px) 100vw, 314px\" \/><\/a>En Semana Santa, los viajeros del oriente\u00a0 y centro del pa\u00eds contaron nuevamente con la presencia de <em>Seguros Caracas<\/em> en las v\u00edas, a trav\u00e9s del \u00a0Operativo de Asistencia Vial que se realiz\u00f3 en las zonas de Guacara y Lecher\u00edas, y que consisti\u00f3 en brindar atenci\u00f3n inmediata a las solicitudes de asistencia vial de sus asegurados y efectuar campa\u00f1a de educaci\u00f3n vial.<!--more--><\/p>\n<p>El operativo estuvo a cargo de las Gerencias de Proveedores de Asistencia, encabezado por Bladimir Tiamo; Control y Servicios, con Dilia Charris; y, Operaciones, con Aldrin Chacon; as\u00ed como con todo el personal de Guardia de la Direcci\u00f3n para cubrir los dos puntos de alto tr\u00e1fico en la Zona de Oriente ubicado en Lecher\u00edas y en la Zona Centro \u00a0en Guacara.<\/p>\n<p><a href=\"http:\/\/fundacionseguroscaracas.org\/wp-content\/uploads\/2016\/05\/SemanaSanta2.jpg\"><img loading=\"lazy\" decoding=\"async\" class=\"alignleft size-full wp-image-1612\" src=\"http:\/\/fundacionseguroscaracas.org\/wp-content\/uploads\/2016\/05\/SemanaSanta2.jpg\" alt=\"SemanaSanta2\" width=\"318\" height=\"393\" srcset=\"https:\/\/fundacionseguroscaracas.com\/wp-content\/uploads\/2016\/05\/SemanaSanta2.jpg 318w, https:\/\/fundacionseguroscaracas.com\/wp-content\/uploads\/2016\/05\/SemanaSanta2-250x309.jpg 250w, https:\/\/fundacionseguroscaracas.com\/wp-content\/uploads\/2016\/05\/SemanaSanta2-125x154.jpg 125w\" sizes=\"auto, (max-width: 318px) 100vw, 318px\" \/><\/a>Tambi\u00e9n contaron con el apoyo de las autoridades de Tr\u00e1nsito Terrestre, Polic\u00eda Nacional, Bomberos, Protecci\u00f3n Civil y Autoridades de la Alcald\u00edas correspondientes.<\/p>\n<p>Con los puntos de Control, se asisti\u00f3 al 71 % de los Servicios de ambas localidades con un tiempo promedio de asignaci\u00f3n de 15 Minutos. Durante el operativo se entregaron diez mil bolsas ecol\u00f3gicas y nueve mil volantes de la <strong><em>Fundaci\u00f3n Seguros Caracas<\/em><\/strong>; se recibieron 20 solicitudes de P\u00f3lizas de RCV; se prest\u00f3 el \u00a0apoyo a Bomberos y Defensa Civil en el traslado de carpas y equipos; el punto de control en Guacara, funcion\u00f3 como lugar de hidrataci\u00f3n, espera y trasbordo para los asegurados.<\/p>\n<p>Seguros Caracas agradece todo el apoyo a los Directores de Zona y \u00a0Gerentes Regionales y ejecutivos de las Regionales: Jos\u00e9 Luis Cede\u00f1o, Juan Carlos Silva, Gustavo Castillo, Marlene Brice\u00f1o, Delises Guzm\u00e1n y \u00a0Celsa Lavado. Asimismo, a la Direcci\u00f3n de Comercializaci\u00f3n y Mercadeo: Jorge Alcubilla, Oskaret Zambrano, Maribel Ramos, as\u00ed como a la Direcci\u00f3n de Finanzas: Nelly Rivas y C\u00e9sar Vel\u00e1squez por el apoyo de log\u00edstica que garantiz\u00f3 el alcance de los objetivos de los Operativos. El agradecimiento se hizo extensivo a la <em><strong>Fundaci\u00f3n Seguros Caracas<\/strong><\/em>, encabezada por Gerardo Perozo, por el aporte de material de Prevenci\u00f3n y Seguridad Vial.<\/p>\n<p>El \u00e9xito del operativo fue total, tal y como lo fue durante el asueto de Carnavales.<\/p>\n<p><a href=\"http:\/\/fundacionseguroscaracas.org\/wp-content\/uploads\/2016\/05\/SemanaSanta9.jpg\"><img loading=\"lazy\" decoding=\"async\" class=\"aligncenter size-full wp-image-1613\" src=\"http:\/\/fundacionseguroscaracas.org\/wp-content\/uploads\/2016\/05\/SemanaSanta9.jpg\" alt=\"SemanaSanta9\" width=\"640\" height=\"306\" srcset=\"https:\/\/fundacionseguroscaracas.com\/wp-content\/uploads\/2016\/05\/SemanaSanta9.jpg 640w, https:\/\/fundacionseguroscaracas.com\/wp-content\/uploads\/2016\/05\/SemanaSanta9-250x120.jpg 250w, https:\/\/fundacionseguroscaracas.com\/wp-content\/uploads\/2016\/05\/SemanaSanta9-125x60.jpg 125w, https:\/\/fundacionseguroscaracas.com\/wp-content\/uploads\/2016\/05\/SemanaSanta9-638x306.jpg 638w\" sizes=\"auto, (max-width: 640px) 100vw, 640px\" \/><\/a><\/p>\n<p><a href=\"http:\/\/fundacionseguroscaracas.org\/wp-content\/uploads\/2016\/05\/SemanaSanta3.jpg\"><img loading=\"lazy\" decoding=\"async\" class=\"aligncenter size-full wp-image-1614\" src=\"http:\/\/fundacionseguroscaracas.org\/wp-content\/uploads\/2016\/05\/SemanaSanta3.jpg\" alt=\"SemanaSanta3\" width=\"446\" height=\"640\" srcset=\"https:\/\/fundacionseguroscaracas.com\/wp-content\/uploads\/2016\/05\/SemanaSanta3.jpg 446w, https:\/\/fundacionseguroscaracas.com\/wp-content\/uploads\/2016\/05\/SemanaSanta3-250x359.jpg 250w, https:\/\/fundacionseguroscaracas.com\/wp-content\/uploads\/2016\/05\/SemanaSanta3-125x179.jpg 125w\" sizes=\"auto, (max-width: 446px) 100vw, 446px\" \/><\/a><\/p>\n<p><a href=\"http:\/\/fundacionseguroscaracas.org\/wp-content\/uploads\/2016\/05\/SemanaSanta10.jpg\"><img loading=\"lazy\" decoding=\"async\" class=\"aligncenter size-full wp-image-1615\" src=\"http:\/\/fundacionseguroscaracas.org\/wp-content\/uploads\/2016\/05\/SemanaSanta10.jpg\" alt=\"SemanaSanta10\" width=\"640\" height=\"435\" srcset=\"https:\/\/fundacionseguroscaracas.com\/wp-content\/uploads\/2016\/05\/SemanaSanta10.jpg 640w, https:\/\/fundacionseguroscaracas.com\/wp-content\/uploads\/2016\/05\/SemanaSanta10-250x170.jpg 250w, https:\/\/fundacionseguroscaracas.com\/wp-content\/uploads\/2016\/05\/SemanaSanta10-125x85.jpg 125w, https:\/\/fundacionseguroscaracas.com\/wp-content\/uploads\/2016\/05\/SemanaSanta10-638x435.jpg 638w\" sizes=\"auto, (max-width: 640px) 100vw, 640px\" \/><\/a><\/p>\n<p><a href=\"http:\/\/fundacionseguroscaracas.org\/wp-content\/uploads\/2016\/05\/SemanaSanta4.jpg\"><img loading=\"lazy\" decoding=\"async\" class=\"aligncenter size-full wp-image-1616\" src=\"http:\/\/fundacionseguroscaracas.org\/wp-content\/uploads\/2016\/05\/SemanaSanta4.jpg\" alt=\"SemanaSanta4\" width=\"640\" height=\"399\" srcset=\"https:\/\/fundacionseguroscaracas.com\/wp-content\/uploads\/2016\/05\/SemanaSanta4.jpg 640w, https:\/\/fundacionseguroscaracas.com\/wp-content\/uploads\/2016\/05\/SemanaSanta4-250x156.jpg 250w, https:\/\/fundacionseguroscaracas.com\/wp-content\/uploads\/2016\/05\/SemanaSanta4-125x78.jpg 125w, https:\/\/fundacionseguroscaracas.com\/wp-content\/uploads\/2016\/05\/SemanaSanta4-638x399.jpg 638w\" sizes=\"auto, (max-width: 640px) 100vw, 640px\" \/><\/a><\/p>\n","protected":false},"excerpt":{"rendered":"<p>En Semana Santa, los viajeros del oriente\u00a0 y centro del pa\u00eds contaron nuevamente con la presencia de Seguros Caracas en las v\u00edas, a trav\u00e9s del \u00a0Operativo de Asistencia Vial que se realiz\u00f3 en las zonas de Guacara y Lecher\u00edas, y que consisti\u00f3 en brindar atenci\u00f3n inmediata a las solicitudes de asistencia vial de sus asegurados [&hellip;]<\/p>\n","protected":false},"author":3,"featured_media":0,"comment_status":"open","ping_status":"open","sticky":false,"template":"","format":"standard","meta":{"_monsterinsights_skip_tracking":false,"_monsterinsights_sitenote_active":false,"_monsterinsights_sitenote_note":"","_monsterinsights_sitenote_category":0,"footnotes":""},"categories":[6],"tags":[32,11,12],"class_list":["post-1610","post","type-post","status-publish","format-standard","hentry","category-novedades","tag-educacion-vial","tag-fundacion-seguros-caracas","tag-seguridad-vial"],"aioseo_notices":[],"_links":{"self":[{"href":"https:\/\/fundacionseguroscaracas.com\/index.php?rest_route=\/wp\/v2\/posts\/1610","targetHints":{"allow":["GET"]}}],"collection":[{"href":"https:\/\/fundacionseguroscaracas.com\/index.php?rest_route=\/wp\/v2\/posts"}],"about":[{"href":"https:\/\/fundacionseguroscaracas.com\/index.php?rest_route=\/wp\/v2\/types\/post"}],"author":[{"embeddable":true,"href":"https:\/\/fundacionseguroscaracas.com\/index.php?rest_route=\/wp\/v2\/users\/3"}],"replies":[{"embeddable":true,"href":"https:\/\/fundacionseguroscaracas.com\/index.php?rest_route=%2Fwp%2Fv2%2Fcomments&post=1610"}],"version-history":[{"count":0,"href":"https:\/\/fundacionseguroscaracas.com\/index.php?rest_route=\/wp\/v2\/posts\/1610\/revisions"}],"wp:attachment":[{"href":"https:\/\/fundacionseguroscaracas.com\/index.php?rest_route=%2Fwp%2Fv2%2Fmedia&parent=1610"}],"wp:term":[{"taxonomy":"category","embeddable":true,"href":"https:\/\/fundacionseguroscaracas.com\/index.php?rest_route=%2Fwp%2Fv2%2Fcategories&post=1610"},{"taxonomy":"post_tag","embeddable":true,"href":"https:\/\/fundacionseguroscaracas.com\/index.php?rest_route=%2Fwp%2Fv2%2Ftags&post=1610"}],"curies":[{"name":"wp","href":"https:\/\/api.w.org\/{rel}","templated":true}]}}