{"id":1646,"date":"2016-07-19T05:27:26","date_gmt":"2016-07-19T05:27:26","guid":{"rendered":"http:\/\/fundacionseguroscaracas.org\/?p=1646"},"modified":"2016-07-28T05:36:05","modified_gmt":"2016-07-28T05:36:05","slug":"la-pastora-y-carapita-celebraron-dia-del-nino","status":"publish","type":"post","link":"https:\/\/fundacionseguroscaracas.com\/?p=1646","title":{"rendered":"La Pastora y Carapita celebraron D\u00eda del Ni\u00f1o"},"content":{"rendered":"<p><a href=\"http:\/\/fundacionseguroscaracas.org\/wp-content\/uploads\/2016\/07\/Fundea.jpg\"><img loading=\"lazy\" decoding=\"async\" class=\"alignright size-full wp-image-1647\" src=\"http:\/\/fundacionseguroscaracas.org\/wp-content\/uploads\/2016\/07\/Fundea.jpg\" alt=\"Fundea\" width=\"314\" height=\"140\" srcset=\"https:\/\/fundacionseguroscaracas.com\/wp-content\/uploads\/2016\/07\/Fundea.jpg 314w, https:\/\/fundacionseguroscaracas.com\/wp-content\/uploads\/2016\/07\/Fundea-250x111.jpg 250w, https:\/\/fundacionseguroscaracas.com\/wp-content\/uploads\/2016\/07\/Fundea-125x56.jpg 125w\" sizes=\"auto, (max-width: 314px) 100vw, 314px\" \/><\/a>La <em>Fundaci\u00f3n para la Defensa de Ant\u00edmano<\/em> y la <em>Comisi\u00f3n de Transporte del Cabildo Metropolitano<\/em> celebraron el D\u00eda del Ni\u00f1o en Carapita y La Pastora con eventos deportivos, m\u00fasica y regalos, inform\u00f3 Jos\u00e9 Gregorio Ochoa, l\u00edder vecinal de Ant\u00edmano.<\/p>\n<p>Ambas iniciativas fueron realizadas con la colaboraci\u00f3n de la <strong><em>Fundaci\u00f3n Seguros Caracas<\/em><\/strong> y <em>Fundaci\u00f3n Telef\u00f3nica<\/em>.<!--more--><\/p>\n<p>En Carapita fue realizado un torneo de pelota de goma donde participaron alrededor de 30 ni\u00f1os que fueron premiados con medallas y regalos, indic\u00f3 Ochoa, quien preside la Fundaci\u00f3n para la Defensa de Ant\u00edmano.<\/p>\n<p>Mientras que en La Pastora fueron beneficiados 40 ni\u00f1os de escasos recursos, quienes recibieron regalos.<\/p>\n<p>Vecinos y comerciantes de ambas comunidades aportaron recursos para homenajear a los ni\u00f1os de ambas comunidades de Caracas, indic\u00f3 el concejal Caribas.<\/p>\n<p><em>Fuente: El Universal.<\/em><\/p>\n","protected":false},"excerpt":{"rendered":"<p>La Fundaci\u00f3n para la Defensa de Ant\u00edmano y la Comisi\u00f3n de Transporte del Cabildo Metropolitano celebraron el D\u00eda del Ni\u00f1o en Carapita y La Pastora con eventos deportivos, m\u00fasica y regalos, inform\u00f3 Jos\u00e9 Gregorio Ochoa, l\u00edder vecinal de Ant\u00edmano. Ambas iniciativas fueron realizadas con la colaboraci\u00f3n de la Fundaci\u00f3n Seguros Caracas y Fundaci\u00f3n Telef\u00f3nica.<\/p>\n","protected":false},"author":3,"featured_media":0,"comment_status":"open","ping_status":"open","sticky":false,"template":"","format":"standard","meta":{"_monsterinsights_skip_tracking":false,"_monsterinsights_sitenote_active":false,"_monsterinsights_sitenote_note":"","_monsterinsights_sitenote_category":0,"footnotes":""},"categories":[6],"tags":[11],"class_list":["post-1646","post","type-post","status-publish","format-standard","hentry","category-novedades","tag-fundacion-seguros-caracas"],"aioseo_notices":[],"_links":{"self":[{"href":"https:\/\/fundacionseguroscaracas.com\/index.php?rest_route=\/wp\/v2\/posts\/1646","targetHints":{"allow":["GET"]}}],"collection":[{"href":"https:\/\/fundacionseguroscaracas.com\/index.php?rest_route=\/wp\/v2\/posts"}],"about":[{"href":"https:\/\/fundacionseguroscaracas.com\/index.php?rest_route=\/wp\/v2\/types\/post"}],"author":[{"embeddable":true,"href":"https:\/\/fundacionseguroscaracas.com\/index.php?rest_route=\/wp\/v2\/users\/3"}],"replies":[{"embeddable":true,"href":"https:\/\/fundacionseguroscaracas.com\/index.php?rest_route=%2Fwp%2Fv2%2Fcomments&post=1646"}],"version-history":[{"count":0,"href":"https:\/\/fundacionseguroscaracas.com\/index.php?rest_route=\/wp\/v2\/posts\/1646\/revisions"}],"wp:attachment":[{"href":"https:\/\/fundacionseguroscaracas.com\/index.php?rest_route=%2Fwp%2Fv2%2Fmedia&parent=1646"}],"wp:term":[{"taxonomy":"category","embeddable":true,"href":"https:\/\/fundacionseguroscaracas.com\/index.php?rest_route=%2Fwp%2Fv2%2Fcategories&post=1646"},{"taxonomy":"post_tag","embeddable":true,"href":"https:\/\/fundacionseguroscaracas.com\/index.php?rest_route=%2Fwp%2Fv2%2Ftags&post=1646"}],"curies":[{"name":"wp","href":"https:\/\/api.w.org\/{rel}","templated":true}]}}