{"id":1656,"date":"2016-08-17T04:07:04","date_gmt":"2016-08-17T04:07:04","guid":{"rendered":"http:\/\/fundacionseguroscaracas.org\/?p=1656"},"modified":"2016-08-18T04:13:45","modified_gmt":"2016-08-18T04:13:45","slug":"de-peaton-por-defecto-a-peaton-por-conviccion","status":"publish","type":"post","link":"https:\/\/fundacionseguroscaracas.com\/?p=1656","title":{"rendered":"De peat\u00f3n \u201cpor defecto\u201d a peat\u00f3n por convicci\u00f3n"},"content":{"rendered":"<p><em><img loading=\"lazy\" decoding=\"async\" class=\"alignright size-full wp-image-1657\" src=\"http:\/\/fundacionseguroscaracas.org\/wp-content\/uploads\/2016\/08\/PeatonesActivos.jpg\" alt=\"PeatonesActivos\" width=\"314\" height=\"214\" srcset=\"https:\/\/fundacionseguroscaracas.com\/wp-content\/uploads\/2016\/08\/PeatonesActivos.jpg 314w, https:\/\/fundacionseguroscaracas.com\/wp-content\/uploads\/2016\/08\/PeatonesActivos-250x170.jpg 250w, https:\/\/fundacionseguroscaracas.com\/wp-content\/uploads\/2016\/08\/PeatonesActivos-125x85.jpg 125w\" sizes=\"auto, (max-width: 314px) 100vw, 314px\" \/>Opini\u00f3n.-<\/em> Hoy es el \u201cD\u00eda Internacional del Peat\u00f3n\u201d, y aquella se\u00f1ora de pasitos cortos da un peligroso rodeo en la esquina para subir de nuevo a la acera, esquivando la desproporcionada camioneta de impenetrables vidrios negros que ocupa el rayado. Hoy es el d\u00eda Internacional del Peat\u00f3n y aquel ni\u00f1o que asoma su cabeza en la puerta del microb\u00fas \u2013detenido sin pudor en el carril central de la avenida\u2013 espera que pase una hilera de motorizados para bajar y correr para conquistar la acera. Hoy es el d\u00eda internacional del Peat\u00f3n\u00a0y el conductor le toca la corneta al veh\u00edculo de adelante y este, a su vez, avanza amenazando a las personas que cruzan la calle haciendo uso de su luz peatonal. Hoy es el d\u00eda internacional del peat\u00f3n y la mam\u00e1 con su beb\u00e9 en brazos se aparta en la acera para que sobre ella pasen dos motos, la primera de un mototaxista, la segunda de un polic\u00eda.<!--more--><span id=\"more-3309\"><\/span><\/p>\n<p>Hoy es ese d\u00eda del peat\u00f3n y unos babosos gritan obscenidades a unas adolescentes que caminan al colegio. Hoy es ese d\u00eda y por en\u00e9sima vez ella y \u00e9l llegan aterrados hasta la puerta de su casa luego de caminar cuadras y cuadras oscuras, apenas iluminadas por la luz que viene de los pocos comercios que quedan abiertos. Hoy, como cualquier otro d\u00eda, el bur\u00f3crata desatento va y estrecha las manos de algunas personas a las que dona sillas de ruedas, sin importarle que la mayor\u00eda de nuestras aceras no tengan rampas en las esquinas. Hoy (igual que ayer e igual que ma\u00f1ana) el presidente se llena la boca hablando, en cadena nacional, de nuevas soluciones viales para los conductores.<\/p>\n<p>Hoy, 17 de agosto, es el D\u00eda Internacional del Peat\u00f3n (en honor a Bridget Driscoll, primera v\u00edctima fatal por arrollamiento de un autom\u00f3vil, en Londres, hace ya 120 a\u00f1os), y a\u00fan en nuestras ciudades se mantiene la premisa de obligar al peat\u00f3n a subir cientos de escaleras de \u201cpasarelas\u201d (puentes anti-peatonales) para cruzar de una acera a otra en avenidas en las que se prioriza el flujo de veh\u00edculos, mientras nos siguen vendiendo estas estructuras como dispositivos de seguridad vial.<\/p>\n<p>Desde nuestra ciudad (desde muchas ciudades de Venezuela) esto del \u201cD\u00eda Internacional del Peat\u00f3n\u201d luce una burla. A pesar de toques aqu\u00ed y all\u00e1 que benefician a \u201clos de a pie\u201d, desde las pol\u00edticas e inversiones p\u00fablicas Caracas parece estar alej\u00e1ndose de \u2013y no acerc\u00e1ndose a\u2013 la posibilidad de construir una ciudad a medida de la gente. Sigue siendo la vialidad, en vez de los espacios p\u00fablicos, la que gobierna y traza el futuro de la ciudad. Sigue siendo el flujo de veh\u00edculos a motor y no la presencia, el encuentro y el movimiento de las personas lo que ordena y da sentido a nuestras ciudades. No en balde la met\u00e1fora de \u201clos motores\u201d \u2013a pesar de que generan m\u00e1s ruido y humo que movimiento\u2013, es tan manoseada en nuestro discurso pol\u00edtico.<\/p>\n<div id=\"attachment_1658\" style=\"width: 609px\" class=\"wp-caption aligncenter\"><img loading=\"lazy\" decoding=\"async\" aria-describedby=\"caption-attachment-1658\" class=\"size-full wp-image-1658\" src=\"http:\/\/fundacionseguroscaracas.org\/wp-content\/uploads\/2016\/08\/PeatonesActivos2.jpg\" alt=\"El abuso de los espacios para los peatones es recurrente por conductores de veh\u00edculos a motor. Foto: Cheo Carvajal.\" width=\"599\" height=\"398\" srcset=\"https:\/\/fundacionseguroscaracas.com\/wp-content\/uploads\/2016\/08\/PeatonesActivos2.jpg 599w, https:\/\/fundacionseguroscaracas.com\/wp-content\/uploads\/2016\/08\/PeatonesActivos2-250x166.jpg 250w, https:\/\/fundacionseguroscaracas.com\/wp-content\/uploads\/2016\/08\/PeatonesActivos2-300x200.jpg 300w, https:\/\/fundacionseguroscaracas.com\/wp-content\/uploads\/2016\/08\/PeatonesActivos2-125x83.jpg 125w\" sizes=\"auto, (max-width: 599px) 100vw, 599px\" \/><\/p>\n<p id=\"caption-attachment-1658\" class=\"wp-caption-text\">El abuso de los espacios para los peatones es recurrente por conductores de veh\u00edculos a motor. Foto: Cheo Carvajal.<\/p>\n<\/div>\n<p>Pero esa visi\u00f3n (o, m\u00e1s bien, esa ceguera) tendr\u00e1 que cambiar, quiz\u00e1s no tanto ante las evidencias de los riesgos y la deshumanizaci\u00f3n de la ciudad, sino ante la presi\u00f3n ciudadana. La rehumanizaci\u00f3n de la ciudad no vendr\u00e1 desde los motores, sino desde el coraz\u00f3n, la piel y las ganas de la gente. Desde la necesidad, no solo de fluir, sino de estar, de habitar, de experimentar la ciudad.<\/p>\n<p>En esa l\u00ednea, desde Peatones Activos estamos preparando nuestra 4ta Semana del Peat\u00f3n, a realizarse a finales del mes de octubre. Afinando estrategias para defender nuestros espacios de cara a las instituciones y de cara a los ciudadanos. Y desde esa necesidad, hecha conciencia y proyecto vital, se asoma a la palestra p\u00fablica una incipiente red de voluntades que se est\u00e1n encontrando y adquiriendo fuerza. Por ahora se expresa como Liga Peatonal Latinoamericana (hija del congreso que organiz\u00f3 la Liga Peatonal de M\u00e9xico en mayo de este a\u00f1o), y apunta a una transformaci\u00f3n radical de la movilidad, en la que los viandantes tengamos la prioridad que las normas nos asigna pero que en la realidad no se reconoce.<\/p>\n<p>Hoy, a pesar de que no creemos en la estrategia de la victimizaci\u00f3n, no dejaremos pasar el <b>#DiaInternacionalDelPeaton\u00a0<\/b>y<b> <\/b>bajo el paraguas de la <b>#LigaPeatonalLatinoamericana<\/b>, estaremos enviando mensajes desde la calle, reflexionando y actuando a favor de ciudades de y para la gente.<\/p>\n<p><em><strong>*<\/strong>Cheo Carvajal (miembro de Peatones Activos y de la Red Venezolana de Segurida Vial).<\/em><\/p>\n","protected":false},"excerpt":{"rendered":"<p>Opini\u00f3n.- Hoy es el \u201cD\u00eda Internacional del Peat\u00f3n\u201d, y aquella se\u00f1ora de pasitos cortos da un peligroso rodeo en la esquina para subir de nuevo a la acera, esquivando la desproporcionada camioneta de impenetrables vidrios negros que ocupa el rayado. Hoy es el d\u00eda Internacional del Peat\u00f3n y aquel ni\u00f1o que asoma su cabeza en [&hellip;]<\/p>\n","protected":false},"author":1,"featured_media":0,"comment_status":"open","ping_status":"open","sticky":false,"template":"","format":"standard","meta":{"_monsterinsights_skip_tracking":false,"_monsterinsights_sitenote_active":false,"_monsterinsights_sitenote_note":"","_monsterinsights_sitenote_category":0,"footnotes":""},"categories":[6],"tags":[101,25,12],"class_list":["post-1656","post","type-post","status-publish","format-standard","hentry","category-novedades","tag-diainternacionaldelpeaton","tag-peatones","tag-seguridad-vial"],"aioseo_notices":[],"_links":{"self":[{"href":"https:\/\/fundacionseguroscaracas.com\/index.php?rest_route=\/wp\/v2\/posts\/1656","targetHints":{"allow":["GET"]}}],"collection":[{"href":"https:\/\/fundacionseguroscaracas.com\/index.php?rest_route=\/wp\/v2\/posts"}],"about":[{"href":"https:\/\/fundacionseguroscaracas.com\/index.php?rest_route=\/wp\/v2\/types\/post"}],"author":[{"embeddable":true,"href":"https:\/\/fundacionseguroscaracas.com\/index.php?rest_route=\/wp\/v2\/users\/1"}],"replies":[{"embeddable":true,"href":"https:\/\/fundacionseguroscaracas.com\/index.php?rest_route=%2Fwp%2Fv2%2Fcomments&post=1656"}],"version-history":[{"count":0,"href":"https:\/\/fundacionseguroscaracas.com\/index.php?rest_route=\/wp\/v2\/posts\/1656\/revisions"}],"wp:attachment":[{"href":"https:\/\/fundacionseguroscaracas.com\/index.php?rest_route=%2Fwp%2Fv2%2Fmedia&parent=1656"}],"wp:term":[{"taxonomy":"category","embeddable":true,"href":"https:\/\/fundacionseguroscaracas.com\/index.php?rest_route=%2Fwp%2Fv2%2Fcategories&post=1656"},{"taxonomy":"post_tag","embeddable":true,"href":"https:\/\/fundacionseguroscaracas.com\/index.php?rest_route=%2Fwp%2Fv2%2Ftags&post=1656"}],"curies":[{"name":"wp","href":"https:\/\/api.w.org\/{rel}","templated":true}]}}