{"id":1686,"date":"2016-10-04T08:46:45","date_gmt":"2016-10-04T08:46:45","guid":{"rendered":"http:\/\/fundacionseguroscaracas.org\/?p=1686"},"modified":"2016-10-17T04:50:16","modified_gmt":"2016-10-17T04:50:16","slug":"cambio-local-propuesta-nacional","status":"publish","type":"post","link":"https:\/\/fundacionseguroscaracas.com\/?p=1686","title":{"rendered":"Cambio local, propuesta nacional"},"content":{"rendered":"<div id=\"detalle_nota_texto\"><a href=\"http:\/\/fundacionseguroscaracas.org\/wp-content\/uploads\/2016\/10\/avenida-sanz.jpg\"><img loading=\"lazy\" decoding=\"async\" class=\"alignright size-full wp-image-1687\" src=\"http:\/\/fundacionseguroscaracas.org\/wp-content\/uploads\/2016\/10\/avenida-sanz.jpg\" alt=\"avenida-sanz\" width=\"314\" height=\"203\" srcset=\"https:\/\/fundacionseguroscaracas.com\/wp-content\/uploads\/2016\/10\/avenida-sanz.jpg 314w, https:\/\/fundacionseguroscaracas.com\/wp-content\/uploads\/2016\/10\/avenida-sanz-250x162.jpg 250w, https:\/\/fundacionseguroscaracas.com\/wp-content\/uploads\/2016\/10\/avenida-sanz-125x81.jpg 125w\" sizes=\"auto, (max-width: 314px) 100vw, 314px\" \/><\/a>\u00bfSe animar\u00eda usted a participar en una experiencia para recuperar y crear nuevos espacios p\u00fablicos (a trav\u00e9s de eventos, instalaciones que generen vida econ\u00f3mica, iluminaci\u00f3n, arborizaci\u00f3n, dotaci\u00f3n de seguridad) para promover experiencias de clasificaci\u00f3n de desechos, reutilizaci\u00f3n de objetos, techos verdes y azoteas productivas; estimular la educaci\u00f3n, la prevenci\u00f3n y la seguridad vial y el respeto de las normas contando con la vigilancia y la posibilidad de aplicar sanciones (con un espacio para recordar a las v\u00edctimas de los accidentes de tr\u00e1nsito); promover un mercado semanal de productos, artesan\u00edas, cachivaches y corotos, especialmente de los vecinos de un sector y, lo m\u00e1s importante, para promover el encuentro entre dos barrios y dos urbanizaciones (al estilo de Medell\u00edn) rindiendo tributo a Nelson Mandela, Martin Luther King y Mahatma Gandhi, dotando a Caracas de un espacio para hablar de no violencia activa, desobediencia civil y resistencia pac\u00edfica?<\/div>\n<p><!--more--><\/p>\n<p>En esta alianza participa la <em>Red Venezolana de Seguridad Vial<\/em>, de la cual forman parte desde el <em>Intt<\/em>, la <em>Brigada de Tr\u00e1nsito<\/em>, la <em>Cruz Roja<\/em> o Motoprevenci\u00f3n y los ministerios de Salud y de Educaci\u00f3n, hasta asociaciones como<em>Avepae<\/em> y <em>Asotr\u00e1nsito<\/em>, la <em>Fundaci\u00f3n Medicina Familiar<\/em>, la <strong><em>Fundaci\u00f3n Seguros Caracas<\/em><\/strong> y las alcald\u00edas de Sucre y Chacao. Adem\u00e1s, se suman la asociaci\u00f3n de vecinos y el consejo comunal de El Marqu\u00e9s Norte, la <em>Escuela de Ciudadanos<\/em> y <em>Radio Comunidad.com<\/em>, junto a la oficina de un concejal. La alcald\u00eda del municipio Sucre viene articulando alrededor de la Feria Comunitaria de El Marqu\u00e9s y el bulevar Nelson Mandela, en conjunto con empresas y las juntas de condominio de la zona. Todo ello con la participaci\u00f3n y el soporte del <em>Instituto de Estudios Regionales y Urbanos de la USB<\/em>.<\/p>\n<div>Desde los barrios La Alcabala y La Parrilla hasta El Marqu\u00e9s Norte y Sur (incluyendo a una parte de la R\u00f3mulo Gallegos y de Horizonte) pasando por La Urbina: generar y promover una zona a ser recorrida caminando que sea grata para el entretenimiento, el intercambio econ\u00f3mico, la integraci\u00f3n y que tenga identidad propia asociada a promotores del cambio social, sin violencia y en el marco de la ley (como Mandela, Luther King y Gandhi). Una avenida con las se\u00f1ales y el mobiliario urbano necesario, con jardines y \u00e1reas mantenidas por la comunidad (compromiso enmarcado en el concepto Calle M\u00eda, Calle Nuestra), con los rayados y demarcaciones, muy bien iluminada con el apoyo de cada comercio o condominio, articulando los sistemas de c\u00e1maras. Con un espacio para recordar a las v\u00edctimas de los accidentes de tr\u00e1nsito en Venezuela (que ser\u00e1 iniciado el domingo 20 de noviembre, contando con una vigilia interreligiosa la noche anterior).<\/div>\n<div><\/div>\n<div>Ser\u00e1 fundamental ganar el compromiso de las l\u00edneas del transporte colectivo y de sus usuarios para respetar las paradas, la presencia de vigilantes vecinales, los mimos de la alcald\u00eda y de la polic\u00eda local para estimular el uso del casco, de los cinturones de seguridad y el buen comportamiento en los sem\u00e1foros y las v\u00edas conexas.<\/div>\n<div><\/div>\n<div>Cada programa de Radio Comunidad.com, cada profesor de La Escuela de Ciudadanos, cada despacho municipal, cada comercio (desde un quiosco hasta un centro comercial, una estaci\u00f3n de servicios o una venta de frutas y empanadas), cada junta de condominio.<\/div>\n<div><\/div>\n<div>La zona contar\u00e1 con una tarima estable para que foros, torneos de juegos de mesa, noches de boleros, vendimias y patinatas sean posibles con la presencia de grupos musicales, poetas, proyecciones de cine al aire libre, artistas pl\u00e1sticos, ciclistas y artesanos. Adem\u00e1s, desde ya se cuenta con un mercado dominical municipal, semilla de un novedoso encuentro de intercambio econ\u00f3mico comunitario y con el Centro Comunitario de Caracas como espacio de encuentro y articulaci\u00f3n.<\/div>\n<div><\/div>\n<div><b>Generar un cambio.-\u00a0<\/b>\u00bfOtra sociedad es posible? \u00bfPodemos empezar el cambio, la agenda de transformaciones pendientes en Venezuela? S\u00ed, claro que s\u00ed. Pero debemos empezar desde nuestro entorno m\u00e1s inmediato. Generar un cambio local, aprender a promover las peque\u00f1as transformaciones, para construir una vitrina para el pa\u00eds. Presentando una propuesta nacional, fruto de la alianza entre barrios y urbanizaciones, sin mucho discurso. Ejemplos, referencias concretas que atraigan a los similares de toda Venezuela, que est\u00e1 esperando peque\u00f1os cambios, se\u00f1ales de su pertinencia y oportunidad para volcarse a una transformaci\u00f3n anhelada.<\/div>\n<p><em>El\u00edas Santana.<\/em><\/p>\n","protected":false},"excerpt":{"rendered":"<p>\u00bfSe animar\u00eda usted a participar en una experiencia para recuperar y crear nuevos espacios p\u00fablicos (a trav\u00e9s de eventos, instalaciones que generen vida econ\u00f3mica, iluminaci\u00f3n, arborizaci\u00f3n, dotaci\u00f3n de seguridad) para promover experiencias de clasificaci\u00f3n de desechos, reutilizaci\u00f3n de objetos, techos verdes y azoteas productivas; estimular la educaci\u00f3n, la prevenci\u00f3n y la seguridad vial y el [&hellip;]<\/p>\n","protected":false},"author":3,"featured_media":0,"comment_status":"open","ping_status":"open","sticky":false,"template":"","format":"standard","meta":{"_monsterinsights_skip_tracking":false,"_monsterinsights_sitenote_active":false,"_monsterinsights_sitenote_note":"","_monsterinsights_sitenote_category":0,"footnotes":""},"categories":[6],"tags":[11,85,66],"class_list":["post-1686","post","type-post","status-publish","format-standard","hentry","category-novedades","tag-fundacion-seguros-caracas","tag-movilidad","tag-red-venezolana-de-seguridad-vial"],"aioseo_notices":[],"_links":{"self":[{"href":"https:\/\/fundacionseguroscaracas.com\/index.php?rest_route=\/wp\/v2\/posts\/1686","targetHints":{"allow":["GET"]}}],"collection":[{"href":"https:\/\/fundacionseguroscaracas.com\/index.php?rest_route=\/wp\/v2\/posts"}],"about":[{"href":"https:\/\/fundacionseguroscaracas.com\/index.php?rest_route=\/wp\/v2\/types\/post"}],"author":[{"embeddable":true,"href":"https:\/\/fundacionseguroscaracas.com\/index.php?rest_route=\/wp\/v2\/users\/3"}],"replies":[{"embeddable":true,"href":"https:\/\/fundacionseguroscaracas.com\/index.php?rest_route=%2Fwp%2Fv2%2Fcomments&post=1686"}],"version-history":[{"count":0,"href":"https:\/\/fundacionseguroscaracas.com\/index.php?rest_route=\/wp\/v2\/posts\/1686\/revisions"}],"wp:attachment":[{"href":"https:\/\/fundacionseguroscaracas.com\/index.php?rest_route=%2Fwp%2Fv2%2Fmedia&parent=1686"}],"wp:term":[{"taxonomy":"category","embeddable":true,"href":"https:\/\/fundacionseguroscaracas.com\/index.php?rest_route=%2Fwp%2Fv2%2Fcategories&post=1686"},{"taxonomy":"post_tag","embeddable":true,"href":"https:\/\/fundacionseguroscaracas.com\/index.php?rest_route=%2Fwp%2Fv2%2Ftags&post=1686"}],"curies":[{"name":"wp","href":"https:\/\/api.w.org\/{rel}","templated":true}]}}