{"id":1689,"date":"2016-10-18T15:33:32","date_gmt":"2016-10-18T15:33:32","guid":{"rendered":"http:\/\/fundacionseguroscaracas.org\/?p=1689"},"modified":"2016-10-25T15:40:45","modified_gmt":"2016-10-25T15:40:45","slug":"llamado-de-conciencia-para-una-buena-interaccion-vial","status":"publish","type":"post","link":"https:\/\/fundacionseguroscaracas.com\/?p=1689","title":{"rendered":"Llamado de conciencia para una buena interacci\u00f3n vial"},"content":{"rendered":"<p><a href=\"http:\/\/fundacionseguroscaracas.org\/wp-content\/uploads\/2016\/10\/Margarita.jpg\"><img loading=\"lazy\" decoding=\"async\" class=\"alignright size-full wp-image-1690\" src=\"http:\/\/fundacionseguroscaracas.org\/wp-content\/uploads\/2016\/10\/Margarita.jpg\" alt=\"margarita\" width=\"314\" height=\"176\" srcset=\"https:\/\/fundacionseguroscaracas.com\/wp-content\/uploads\/2016\/10\/Margarita.jpg 314w, https:\/\/fundacionseguroscaracas.com\/wp-content\/uploads\/2016\/10\/Margarita-250x140.jpg 250w, https:\/\/fundacionseguroscaracas.com\/wp-content\/uploads\/2016\/10\/Margarita-125x70.jpg 125w\" sizes=\"auto, (max-width: 314px) 100vw, 314px\" \/><\/a>La seguridad vial no es un tema que recae \u00fanicamente en las autoridades de seguridad, sino que debe ser concienciado por cada uno de los actores que concurren en el escenario vial.<\/p>\n<p>Bajo este concepto, la organizaci\u00f3n no gubernamental <em>\u201cLlamado a la conciencia vial\u201d<\/em> prepara para este pr\u00f3ximo 10 de noviembre un encuentro con el fin de conocer las experiencias aplicadas en el resto del pa\u00eds para lograr que el tr\u00e1nsito por las calles y avenidas sea amigable y seguro.<!--more--><span id=\"more-3422\"><\/span><\/p>\n<p>Mayerling Vera, directora general de la ONG \u201cLlamado a la conciencia vial\u201d, inform\u00f3 que esta iniciativa, la cual es totalmente gratuita y para todo p\u00fablico, est\u00e1 destinada a divulgar los planes, proyectos y alternativas aplicadas en el pa\u00eds para cumplir con la seguridad vial; reforzando el hecho de que no todo est\u00e1 en manos de las autoridades, sino que como ciudadanos tambi\u00e9n tienen el deber de aportar para lograr verdaderamente la seguridad vial.<\/p>\n<p>Para este conversatorio, a desarrollarse en la Universidad de Margarita (Unimar), la ONG program\u00f3 ponencias a cargo de cuatro organizaciones con experiencias positivas para compartirlas; as\u00ed \u201cpuedan convertirse en una reflexi\u00f3n e impulso para el ciudadano y funcionario neoespartano para que sea protagonista de sus propios procesos de soluci\u00f3n ante una crisis de mortandad y discapacidad que se puede evitar\u201d, manifest\u00f3 Vera.<\/p>\n<p>La directora de \u201cLlamado a la conciencia vial\u201d mencion\u00f3 que para esta ocasi\u00f3n el <em>Observatorio de Seguridad Vial<\/em>presentar\u00e1 algunos datos relevantes sobre el tema; la <em>Fundaci\u00f3n Educaci\u00f3n Vial y Ciudadan\u00eda<\/em> (EVYC) hablar\u00e1 de la interacci\u00f3n entre Universidad y Gobierno. Luego, representantes del <em>Km Inteligente<\/em> (comunidad de M\u00e9rida) mostrar\u00e1n su experiencia enlazando a la comunidad, gobierno y empresarios; y finalizar\u00e1n con una muestra de la Gesti\u00f3n Gubernamental de \u00e9xito a cargo de la Alcald\u00eda del municipio Sucre (estado Miranda) y el <em>Instituto de Movilidad de la Alcald\u00eda de Chacao<\/em>.<\/p>\n<p>La directora general de \u201cLlamado a la conciencia vial\u201d espera que el conversatorio motive a los insulares a sumarse a esta lucha por la seguridad vial y as\u00ed ser un m\u00fasculo m\u00e1s fuerte para la implementaci\u00f3n de programas que incidan en un mejoramiento de la interacci\u00f3n en las v\u00edas de comunicaci\u00f3n.<\/p>\n<p>Cabe destacar que, siguiendo la l\u00ednea de apoyar iniciativas que fomenten la\u00a0educaci\u00f3n vial, la <strong><em>Fundaci\u00f3n Seguros Caracas<\/em><\/strong> ser\u00e1 uno de los patrocinantes de este evento.<\/p>\n<p><em>Fuente: El Sol de Margarita.<\/em><\/p>\n","protected":false},"excerpt":{"rendered":"<p>La seguridad vial no es un tema que recae \u00fanicamente en las autoridades de seguridad, sino que debe ser concienciado por cada uno de los actores que concurren en el escenario vial. Bajo este concepto, la organizaci\u00f3n no gubernamental \u201cLlamado a la conciencia vial\u201d prepara para este pr\u00f3ximo 10 de noviembre un encuentro con el [&hellip;]<\/p>\n","protected":false},"author":3,"featured_media":0,"comment_status":"open","ping_status":"open","sticky":false,"template":"","format":"standard","meta":{"_monsterinsights_skip_tracking":false,"_monsterinsights_sitenote_active":false,"_monsterinsights_sitenote_note":"","_monsterinsights_sitenote_category":0,"footnotes":""},"categories":[6],"tags":[12],"class_list":["post-1689","post","type-post","status-publish","format-standard","hentry","category-novedades","tag-seguridad-vial"],"aioseo_notices":[],"_links":{"self":[{"href":"https:\/\/fundacionseguroscaracas.com\/index.php?rest_route=\/wp\/v2\/posts\/1689","targetHints":{"allow":["GET"]}}],"collection":[{"href":"https:\/\/fundacionseguroscaracas.com\/index.php?rest_route=\/wp\/v2\/posts"}],"about":[{"href":"https:\/\/fundacionseguroscaracas.com\/index.php?rest_route=\/wp\/v2\/types\/post"}],"author":[{"embeddable":true,"href":"https:\/\/fundacionseguroscaracas.com\/index.php?rest_route=\/wp\/v2\/users\/3"}],"replies":[{"embeddable":true,"href":"https:\/\/fundacionseguroscaracas.com\/index.php?rest_route=%2Fwp%2Fv2%2Fcomments&post=1689"}],"version-history":[{"count":0,"href":"https:\/\/fundacionseguroscaracas.com\/index.php?rest_route=\/wp\/v2\/posts\/1689\/revisions"}],"wp:attachment":[{"href":"https:\/\/fundacionseguroscaracas.com\/index.php?rest_route=%2Fwp%2Fv2%2Fmedia&parent=1689"}],"wp:term":[{"taxonomy":"category","embeddable":true,"href":"https:\/\/fundacionseguroscaracas.com\/index.php?rest_route=%2Fwp%2Fv2%2Fcategories&post=1689"},{"taxonomy":"post_tag","embeddable":true,"href":"https:\/\/fundacionseguroscaracas.com\/index.php?rest_route=%2Fwp%2Fv2%2Ftags&post=1689"}],"curies":[{"name":"wp","href":"https:\/\/api.w.org\/{rel}","templated":true}]}}