{"id":1695,"date":"2016-11-03T16:29:31","date_gmt":"2016-11-03T16:29:31","guid":{"rendered":"http:\/\/fundacionseguroscaracas.org\/?p=1695"},"modified":"2016-11-15T16:31:58","modified_gmt":"2016-11-15T16:31:58","slug":"homenaje-venezolano-a-mandela-luther-king-y-gandhi","status":"publish","type":"post","link":"https:\/\/fundacionseguroscaracas.com\/?p=1695","title":{"rendered":"Homenaje venezolano a Mandela,  Luther King y Gandhi"},"content":{"rendered":"<p><a href=\"http:\/\/fundacionseguroscaracas.org\/wp-content\/uploads\/2016\/11\/NelsonMandela.jpg\"><img loading=\"lazy\" decoding=\"async\" class=\"alignright size-full wp-image-1696\" src=\"http:\/\/fundacionseguroscaracas.org\/wp-content\/uploads\/2016\/11\/NelsonMandela.jpg\" alt=\"nelsonmandela\" width=\"314\" height=\"177\" srcset=\"https:\/\/fundacionseguroscaracas.com\/wp-content\/uploads\/2016\/11\/NelsonMandela.jpg 314w, https:\/\/fundacionseguroscaracas.com\/wp-content\/uploads\/2016\/11\/NelsonMandela-250x141.jpg 250w, https:\/\/fundacionseguroscaracas.com\/wp-content\/uploads\/2016\/11\/NelsonMandela-125x70.jpg 125w\" sizes=\"auto, (max-width: 314px) 100vw, 314px\" \/><\/a>En el pr\u00f3ximo mes de diciembre, como un regalo para Venezuela con motivo de la Navidad, se presentar\u00e1 el proyecto, la propuesta, el sue\u00f1o del Bulevar Nelson Mandela. Estar\u00e1 a cargo del arquitecto y urbanista Lorenzo Gonz\u00e1lez, ex director del Instituto de Estudios Urbanos y Regionales y miembro de la junta directiva de La Escuela de Ciudadanos.<\/p>\n<p>En el a\u00f1o 2014, el Centro Comunitario de Caracas organiz\u00f3 la presentaci\u00f3n de Radio Comunidad.com (en su nueva etapa) como un Regalo de Navidad, el 2 de diciembre. En 2015, fue el 4 de octubre cuando se realiz\u00f3 la primera Feria Comunitaria de El Marqu\u00e9s. Y ahora, en 2016, ser\u00e1 el inicio del proyecto.<!--more--><\/p>\n<p>Vale la pena destacar que unos d\u00edas antes de la presentaci\u00f3n, el domingo 20 de noviembre, se dar\u00e1 inicio a la Plaza de las V\u00edctimas de Accidentes de Tr\u00e1nsito (en uno de los extremos del pensado Bulevar).<\/p>\n<p>En otras entregas de Empresa y Comunidad hemos hablado de esta iniciativa que ha logrado unir a diversas agrupaciones y entidades. Especialmente destacamos que es una alianza ejemplar, es un encuentro entre entes gubernamentales de diferente nivel, empresas y gremios privados y asociaciones civiles y organizaciones comunitarias.<\/p>\n<p>Que en este caso coinciden en el inter\u00e9s por abrir un espacio en Caracas, en Venezuela, para promover la postura, las ideas, las experiencias de la No Violencia Activa, de la Desobedicencia Civil y de la Resistencia Pac\u00edfica. Mensaje especialmente pertinente en la Venezuela de hoy. A trav\u00e9s del reconocimiento a las figura, el legado y el mensaje de Mahatma Gandhi, Martin Luther King y Nelson Mandela.<\/p>\n<p>El Bulevar, que ser\u00e1 desarrollado utilizando herramientas y conceptos como el urbanismo participativo y el urbanismo t\u00e1ctico, es tambi\u00e9n el espacio asumido por la <em>Red Venezolana de Seguridad Vial<\/em> para crear una zona ejemplar de educaci\u00f3n vial, de prevenci\u00f3n de accidentes y de vigilancia y buen comportamiento ciudadano. Vinculado con el concepto de Calle M\u00eda, Calle Nuestra, promovido por <em>La Escuela de Ciudadanos<\/em> que estimula que condominios, asociaciones civiles y otras expresiones de la zona, incluyendo comercios y empleados de empresas no residentes asuman el cuido y mantenimiento, adem\u00e1s del mejor aprovechamiento, de los espacios comunes aleda\u00f1os.<\/p>\n<p>Con motivo de la presentaci\u00f3n del proyecto, Caracas ser\u00e1 capital de las experiencias transformadoras de los espacios p\u00fablicos, con la participaci\u00f3n de M\u00e9rida, Valera, El Consejo y Barquisimeto. Ese espacio ser\u00e1 motivo de otro de nuestros encuentros.<\/p>\n<p><a href=\"http:\/\/fundacionseguroscaracas.org\/wp-content\/uploads\/2016\/11\/HomenajeVenezolano.jpg\"><img loading=\"lazy\" decoding=\"async\" class=\"aligncenter size-full wp-image-1697\" src=\"http:\/\/fundacionseguroscaracas.org\/wp-content\/uploads\/2016\/11\/HomenajeVenezolano.jpg\" alt=\"homenajevenezolano\" width=\"640\" height=\"264\" srcset=\"https:\/\/fundacionseguroscaracas.com\/wp-content\/uploads\/2016\/11\/HomenajeVenezolano.jpg 640w, https:\/\/fundacionseguroscaracas.com\/wp-content\/uploads\/2016\/11\/HomenajeVenezolano-250x103.jpg 250w, https:\/\/fundacionseguroscaracas.com\/wp-content\/uploads\/2016\/11\/HomenajeVenezolano-125x52.jpg 125w, https:\/\/fundacionseguroscaracas.com\/wp-content\/uploads\/2016\/11\/HomenajeVenezolano-638x264.jpg 638w\" sizes=\"auto, (max-width: 640px) 100vw, 640px\" \/><\/a><\/p>\n<p><strong>D\u00eda Mundial de las V\u00edctimas.-<\/strong>\u00a0Internacionalmente se conmemora un d\u00eda mundial para recordar a las v\u00edctimas de los accidentes de tr\u00e1nsito el tercer domingo del mes de noviembre. Muy diversas iniciativas desde la sociedad civil y los gobiernos se toman durante todo el mes de noviembre. En Venezuela ha habido iniciativas pioneras como marco. Este a\u00f1o 2016, la Red Venezolana de Seguridad Vial (RVSV) se propone generar iniciativas de impacto y que estimulen la articulaci\u00f3n entre las v\u00edctimas y los familiares. Veamos:<\/p>\n<p>El s\u00e1bado 19 de noviembre, en Accede, se realizar\u00e1 un Seminario Internacional para conocer experiencias de c\u00f3mo se organizan e influyen las v\u00edctimas en otros pa\u00edses, como referencia para Venezuela. Tendremos invitados nacionales y de otros pa\u00edses.<\/p>\n<p>El s\u00e1bado 19, de 6:30 a 8:30 de la noche, se realizar\u00e1 una vigilia para recordar a las v\u00edctimas con la presencia de representantes de diferentes denominaciones religiosas con presencia en el pa\u00eds. Ser\u00e1 en el cruce de las avenidas Sanz y R\u00f3mulo Gallegos, en El Marqu\u00e9s, en Caracas, municipio Sucre. Recomendamos ver el recuadro especial.<\/p>\n<p>El domingo 20, en horas de la ma\u00f1ana, se dar\u00e1 el primer paso para el desarrollo de la Plaza de las V\u00edctimas, en la misma ubicaci\u00f3n mencionada anteriormente. Tomar\u00e1n la palabra diferentes voceros (incluyendo los invitados internacionales) y diferentes grupos de voluntarios estar\u00e1n presentes dialogando con los conductores.<\/p>\n<p>El domingo 20, al final de la tarde, habr\u00e1 un sencillo acto en la Plaza Francia de Altamira, municipio Chacao.<\/p>\n<p>Quien desee vincularse y participar puede escribir a <a href=\"mailto:uparedes@centrocomunitariodecaracas.org\">uparedes@centrocomunitariodecaracas.org<\/a> o a trav\u00e9s de la cuenta @cuidadoenlavia en Twitter. El contacto es la soci\u00f3loga Uxia Paredes, directora ejecutiva de la RVSV.<\/p>\n<p><strong>Una plaza para recordar.-<\/strong>\u00a0Con motivo de las actividades previstas para conmemorar el D\u00eda Mundial de las V\u00edctimas de Accidentes de Tr\u00e1nsito en Venezuela, desde la Red Venezolana de Seguridad Vial se ha promovido la creaci\u00f3n en el pa\u00eds del primer espacio para recordar a las v\u00edctimas.<\/p>\n<p>Gracias a la alianza entre La Escuela de Ciudadanos y la Alcald\u00eda del Municipio Sucre el fin de semana del s\u00e1bado 19 y el domingo 20 de noviembre comenzar\u00e1 a denominarse como Plaza de las V\u00edctimas de Accidentes de Tr\u00e1nsito, al espacio ubicado en el cruce de las avenidas R\u00f3mulo Gallegos y Sanz, en la esquina Sur Este.<\/p>\n<p>De seguro, ser\u00e1 el primero de muchos espacios para que en cada ciudad del pa\u00eds se recuerde a las personas fallecidas en accidentes, a sus familiares y a los sobrevivientes.<\/p>\n<p>La plaza est\u00e1 ubicada justo en uno de los extremos del Bulevar Nelson Mandela, promovido por organizaciones comunitarias para crear una zona de experiencias piloto que prefiguren el cambio deseado para Venezuela.<\/p>\n<p><em>Fuente: El\u00edas Santana\/El Mundo.<\/em><\/p>\n","protected":false},"excerpt":{"rendered":"<p>En el pr\u00f3ximo mes de diciembre, como un regalo para Venezuela con motivo de la Navidad, se presentar\u00e1 el proyecto, la propuesta, el sue\u00f1o del Bulevar Nelson Mandela. Estar\u00e1 a cargo del arquitecto y urbanista Lorenzo Gonz\u00e1lez, ex director del Instituto de Estudios Urbanos y Regionales y miembro de la junta directiva de La Escuela [&hellip;]<\/p>\n","protected":false},"author":3,"featured_media":0,"comment_status":"open","ping_status":"open","sticky":false,"template":"","format":"standard","meta":{"_monsterinsights_skip_tracking":false,"_monsterinsights_sitenote_active":false,"_monsterinsights_sitenote_note":"","_monsterinsights_sitenote_category":0,"footnotes":""},"categories":[6],"tags":[],"class_list":["post-1695","post","type-post","status-publish","format-standard","hentry","category-novedades"],"aioseo_notices":[],"_links":{"self":[{"href":"https:\/\/fundacionseguroscaracas.com\/index.php?rest_route=\/wp\/v2\/posts\/1695","targetHints":{"allow":["GET"]}}],"collection":[{"href":"https:\/\/fundacionseguroscaracas.com\/index.php?rest_route=\/wp\/v2\/posts"}],"about":[{"href":"https:\/\/fundacionseguroscaracas.com\/index.php?rest_route=\/wp\/v2\/types\/post"}],"author":[{"embeddable":true,"href":"https:\/\/fundacionseguroscaracas.com\/index.php?rest_route=\/wp\/v2\/users\/3"}],"replies":[{"embeddable":true,"href":"https:\/\/fundacionseguroscaracas.com\/index.php?rest_route=%2Fwp%2Fv2%2Fcomments&post=1695"}],"version-history":[{"count":0,"href":"https:\/\/fundacionseguroscaracas.com\/index.php?rest_route=\/wp\/v2\/posts\/1695\/revisions"}],"wp:attachment":[{"href":"https:\/\/fundacionseguroscaracas.com\/index.php?rest_route=%2Fwp%2Fv2%2Fmedia&parent=1695"}],"wp:term":[{"taxonomy":"category","embeddable":true,"href":"https:\/\/fundacionseguroscaracas.com\/index.php?rest_route=%2Fwp%2Fv2%2Fcategories&post=1695"},{"taxonomy":"post_tag","embeddable":true,"href":"https:\/\/fundacionseguroscaracas.com\/index.php?rest_route=%2Fwp%2Fv2%2Ftags&post=1695"}],"curies":[{"name":"wp","href":"https:\/\/api.w.org\/{rel}","templated":true}]}}