{"id":1713,"date":"2017-01-23T20:36:38","date_gmt":"2017-01-23T20:36:38","guid":{"rendered":"http:\/\/fundacionseguroscaracas.org\/?p=1713"},"modified":"2017-01-23T20:52:12","modified_gmt":"2017-01-23T20:52:12","slug":"el-futuro-sobre-ruedas-vehiculos-autonomos","status":"publish","type":"post","link":"https:\/\/fundacionseguroscaracas.com\/?p=1713","title":{"rendered":"El Futuro sobre Ruedas: Veh\u00edculos Aut\u00f3nomos"},"content":{"rendered":"<p><a href=\"http:\/\/tuseguridadvial.org\/wp-content\/uploads\/2017\/01\/vehiculos_autonomos.jpg\"><img loading=\"lazy\" decoding=\"async\" class=\"alignright wp-image-3487\" src=\"http:\/\/tuseguridadvial.org\/wp-content\/uploads\/2017\/01\/vehiculos_autonomos-680x382.jpg\" width=\"420\" height=\"226\" \/><\/a>Dentro de los muchos desarrollos tecnol\u00f3gicos presentados en el reciente Consumer Electronic Show celebrado a comienzos del a\u00f1o en Las Vegas, Estados Unidos, uno de ellos llam\u00f3 la atenci\u00f3n por lo futurista de su propuesta: los veh\u00edculos aut\u00f3nomos; es decir, aquellos que pueden conducirse sin la presencia f\u00edsica de alguien detr\u00e1s del volante. De acuerdo con muchos expertos, estos ser\u00e1n una realidad a partir del a\u00f1o 2020.<\/p>\n<p>De acuerdo con Glen DeVos, vocero de la compa\u00f1\u00eda Delphi Electronics &amp; Safety: \u201c<em>Cuanto m\u00e1s conducimos estos autom\u00f3viles, mejor comprendemos sus ventajas, sobre todo desde el punto de vista de la seguridad. Este tipo de autos lo ven todo a su alrededor, no se distraen, no se cansan. Creo que con el tiempo, la gente querr\u00e1 comprar estos veh\u00edculos, existir\u00e1 una demanda<\/em>.\u201d<!--more--><\/p>\n<p>Adem\u00e1s de Tesla y Faraday, BMW estableci\u00f3 en el CES que tiene en sus planes disponer de una flota de 40 veh\u00edculos aut\u00f3nomos que realizar\u00e1n pruebas de funcionamiento por las carreteras de M\u00fanich a finales de 2017, en colaboraci\u00f3n con Mobileye e Intel; la primera para la obtenci\u00f3n de datos y la segunda para el desarrollo de los sistemas de c\u00e1lculo y gesti\u00f3n de los datos recopilados.<\/p>\n<p>Seg\u00fan Klaus Fr\u00f6hlich, jefe de desarrollo de BMW, la compa\u00f1\u00eda est\u00e1 visualizando t\u00e9rminos de escalabilidad, invitando a fabricantes, proveedores y empresas de tecnolog\u00eda a participar y contribuir al desarrollo de una plataforma aut\u00f3noma, con miras a lanzar el BMW iNEXT en 2021, que seg\u00fan Fr\u00f6hlich \u201c<em>ser\u00e1 el primer veh\u00edculo completamente aut\u00f3nomo de BMW Group<\/em>\u201d.<\/p>\n<p>La confianza de los consumidores ser\u00e1 el elemento a conquistar por parte de todos los fabricantes de veh\u00edculos aut\u00f3nomos, teniendo como plan establecer una primera fase de uso en servicios comunes como los taxis, para posicionarse en la mente de los usuarios, para luego ser utilizados por el gran p\u00fablico. Tim Stevens, de la empresa Roadshow, ha comentado: \u201c<em>Explicar lo que es un veh\u00edculo aut\u00f3nomo es complicado pero ahora ya hemos superado la fase de demostraci\u00f3n. Ahora los fabricantes se centran en ense\u00f1ar c\u00f3mo es el auto por dentro, c\u00f3mo funciona. Algunas compa\u00f1\u00edas como BMW o Toyota se esfuerzan ahora en mejorar el interior porque cuando la gente no tenga que conducir podr\u00e1 ser m\u00e1s productiva mientras viaja, podr\u00e1 divertirse m\u00e1s<\/em>\u201d.<\/p>\n<p>El primer mercado que se inclinar\u00e1 por este tipo de veh\u00edculos ser\u00e1 el estadounidense. Seg\u00fan los expertos, en 2035 se vender\u00e1n en todo el mundo 21 millones de estos autos.<\/p>\n","protected":false},"excerpt":{"rendered":"<p>Dentro de los muchos desarrollos tecnol\u00f3gicos presentados en el reciente Consumer Electronic Show celebrado a comienzos del a\u00f1o en Las Vegas, Estados Unidos, uno de ellos llam\u00f3 la atenci\u00f3n por lo futurista de su propuesta: los veh\u00edculos aut\u00f3nomos; es decir, aquellos que pueden conducirse sin la presencia f\u00edsica de alguien detr\u00e1s del volante. De acuerdo [&hellip;]<\/p>\n","protected":false},"author":1,"featured_media":0,"comment_status":"open","ping_status":"open","sticky":false,"template":"","format":"standard","meta":{"_monsterinsights_skip_tracking":false,"_monsterinsights_sitenote_active":false,"_monsterinsights_sitenote_note":"","_monsterinsights_sitenote_category":0,"footnotes":""},"categories":[6],"tags":[68,64],"class_list":["post-1713","post","type-post","status-publish","format-standard","hentry","category-novedades","tag-fundacionseguroscaracas","tag-seguridadvial"],"aioseo_notices":[],"_links":{"self":[{"href":"https:\/\/fundacionseguroscaracas.com\/index.php?rest_route=\/wp\/v2\/posts\/1713","targetHints":{"allow":["GET"]}}],"collection":[{"href":"https:\/\/fundacionseguroscaracas.com\/index.php?rest_route=\/wp\/v2\/posts"}],"about":[{"href":"https:\/\/fundacionseguroscaracas.com\/index.php?rest_route=\/wp\/v2\/types\/post"}],"author":[{"embeddable":true,"href":"https:\/\/fundacionseguroscaracas.com\/index.php?rest_route=\/wp\/v2\/users\/1"}],"replies":[{"embeddable":true,"href":"https:\/\/fundacionseguroscaracas.com\/index.php?rest_route=%2Fwp%2Fv2%2Fcomments&post=1713"}],"version-history":[{"count":0,"href":"https:\/\/fundacionseguroscaracas.com\/index.php?rest_route=\/wp\/v2\/posts\/1713\/revisions"}],"wp:attachment":[{"href":"https:\/\/fundacionseguroscaracas.com\/index.php?rest_route=%2Fwp%2Fv2%2Fmedia&parent=1713"}],"wp:term":[{"taxonomy":"category","embeddable":true,"href":"https:\/\/fundacionseguroscaracas.com\/index.php?rest_route=%2Fwp%2Fv2%2Fcategories&post=1713"},{"taxonomy":"post_tag","embeddable":true,"href":"https:\/\/fundacionseguroscaracas.com\/index.php?rest_route=%2Fwp%2Fv2%2Ftags&post=1713"}],"curies":[{"name":"wp","href":"https:\/\/api.w.org\/{rel}","templated":true}]}}