{"id":1798,"date":"2017-06-22T21:22:42","date_gmt":"2017-06-22T21:22:42","guid":{"rendered":"http:\/\/fundacionseguroscaracas.org\/?p=1798"},"modified":"2017-06-22T21:22:42","modified_gmt":"2017-06-22T21:22:42","slug":"hoy-se-celebra-el-dia-mundial-del-escarabajo","status":"publish","type":"post","link":"https:\/\/fundacionseguroscaracas.com\/?p=1798","title":{"rendered":"Hoy se celebra el \u201cD\u00eda Mundial del Escarabajo\u201d"},"content":{"rendered":"<p><strong><a href=\"http:\/\/fundacionseguroscaracas.org\/wp-content\/uploads\/2017\/06\/article-prueba-clasicos-vw-sedan-sunroof-cabriolet-102739-54b52577de1d8.jpg\"><img loading=\"lazy\" decoding=\"async\" class=\"alignright wp-image-1799 size-medium\" src=\"http:\/\/fundacionseguroscaracas.org\/wp-content\/uploads\/2017\/06\/article-prueba-clasicos-vw-sedan-sunroof-cabriolet-102739-54b52577de1d8-250x141.jpg\" alt=\"\" width=\"250\" height=\"141\" srcset=\"https:\/\/fundacionseguroscaracas.com\/wp-content\/uploads\/2017\/06\/article-prueba-clasicos-vw-sedan-sunroof-cabriolet-102739-54b52577de1d8-250x141.jpg 250w, https:\/\/fundacionseguroscaracas.com\/wp-content\/uploads\/2017\/06\/article-prueba-clasicos-vw-sedan-sunroof-cabriolet-102739-54b52577de1d8-768x432.jpg 768w, https:\/\/fundacionseguroscaracas.com\/wp-content\/uploads\/2017\/06\/article-prueba-clasicos-vw-sedan-sunroof-cabriolet-102739-54b52577de1d8-680x382.jpg 680w, https:\/\/fundacionseguroscaracas.com\/wp-content\/uploads\/2017\/06\/article-prueba-clasicos-vw-sedan-sunroof-cabriolet-102739-54b52577de1d8-125x70.jpg 125w, https:\/\/fundacionseguroscaracas.com\/wp-content\/uploads\/2017\/06\/article-prueba-clasicos-vw-sedan-sunroof-cabriolet-102739-54b52577de1d8.jpg 859w\" sizes=\"auto, (max-width: 250px) 100vw, 250px\" \/><\/a>La marca Volkswagen celebra hoy a su inc\u00f3nico modelo a trav\u00e9s de sus subsidiarias en todo el mundo,<\/strong>\u00a0en respuesta al apoyo que El Escarabajo ha recibido y contin\u00faa recibiendo por parte de sus aficionados.<\/p>\n<p><strong>La iniciativa tuvo sus inicios en Brasil gracias a Alexander Gromow,<\/strong>\u00a0un gran fan\u00e1tico de la marca, quien hizo consenso con varios clubes mundiales dedicados al Escarabajo para elegir una<strong>\u00a0fecha anual a fin de celebrarlo a partir de 1995.<\/strong><span id=\"more-3699\"><\/span><!--more--><\/p>\n<p><strong>El 22 de junio fue la fecha elegida para rendir este tributo<\/strong>\u00a0porque ese d\u00eda, en el a\u00f1o 1934, fue cuando se firm\u00f3 el contrato entre la asociaci\u00f3n de la industria alemana del autom\u00f3vil y el Dr. Ferdinand Porsche.<\/p>\n<p><strong>El centro de la celebraci\u00f3n del \u201cD\u00eda Mundial del Volkswagen Escarabajo\u201d es como de costumbre en Bad Camberg<\/strong>, pero en todo el globo los aficionados mostrar\u00e1n su pasi\u00f3n por este veh\u00edculo.\u00a0<strong>Los clubes de Volkswagen, incluyendo Venezuela organizan diversas actividades.<\/strong><\/p>\n<p>En el pa\u00eds las diferentes agrupaciones de aficionados han sido organizadas por Numa Quevedo, quien ha fijado para el fin de semana del 24 y 25 de junio un encuentro que se realizar\u00e1 en el Centro Comercial Galer\u00edas Prados del Este en Caracas.\u00a0\u00a0<strong>Tambi\u00e9n se llevar\u00e1n a cabo otros eventos como el mercado \u201cdel comecaminos\u201d, el cual permite exhibir los carros, e intercambiar recambios y accesorios.<\/strong><\/p>\n<p><strong>Sab\u00edas que\u2026<\/strong><\/p>\n<ul>\n<li>El Volkswagen Escarabajo\u00a0<strong>comenz\u00f3 a producirse en Wolfsburg<\/strong>, Alemania en 1945.<\/li>\n<li>El\u00a0<strong>nombre original<\/strong>\u00a0del Volkswagen Beetle era\u00a0<strong>Volkswagen Tipo 1<\/strong>.<\/li>\n<li><strong>El \u00faltimo Escarabajo<\/strong>, perteneciente a un lote especial llamado \u201c\u00faltima edici\u00f3n\u201d,\u00a0<strong>se produjo en M\u00e9xico en el 2003<\/strong>.<\/li>\n<li><strong>El Beetle ocupa el cuarto lugar<\/strong>\u00a0en una encuesta internacional\u00a0<strong>de los autos \u2018m\u00e1s in\ufb02uyentes\u2019 del mundo del siglo 20.<\/strong><\/li>\n<li><strong>El Volkswagen sed\u00e1n fue el auto m\u00e1s vendido del mundo hasta 1997\u00a0<\/strong>cuando el Toyota Corolla lo super\u00f3 en ventas totales.<\/li>\n<\/ul>\n<p>Con informaci\u00f3n de La Gu\u00eda del Motor<\/p>\n","protected":false},"excerpt":{"rendered":"<p>La marca Volkswagen celebra hoy a su inc\u00f3nico modelo a trav\u00e9s de sus subsidiarias en todo el mundo,\u00a0en respuesta al apoyo que El Escarabajo ha recibido y contin\u00faa recibiendo por parte de sus aficionados. La iniciativa tuvo sus inicios en Brasil gracias a Alexander Gromow,\u00a0un gran fan\u00e1tico de la marca, quien hizo consenso con varios [&hellip;]<\/p>\n","protected":false},"author":1,"featured_media":0,"comment_status":"open","ping_status":"open","sticky":false,"template":"","format":"standard","meta":{"_monsterinsights_skip_tracking":false,"_monsterinsights_sitenote_active":false,"_monsterinsights_sitenote_note":"","_monsterinsights_sitenote_category":0,"footnotes":""},"categories":[6],"tags":[130,131],"class_list":["post-1798","post","type-post","status-publish","format-standard","hentry","category-novedades","tag-beatle","tag-volkswagen-escarabajo"],"aioseo_notices":[],"_links":{"self":[{"href":"https:\/\/fundacionseguroscaracas.com\/index.php?rest_route=\/wp\/v2\/posts\/1798","targetHints":{"allow":["GET"]}}],"collection":[{"href":"https:\/\/fundacionseguroscaracas.com\/index.php?rest_route=\/wp\/v2\/posts"}],"about":[{"href":"https:\/\/fundacionseguroscaracas.com\/index.php?rest_route=\/wp\/v2\/types\/post"}],"author":[{"embeddable":true,"href":"https:\/\/fundacionseguroscaracas.com\/index.php?rest_route=\/wp\/v2\/users\/1"}],"replies":[{"embeddable":true,"href":"https:\/\/fundacionseguroscaracas.com\/index.php?rest_route=%2Fwp%2Fv2%2Fcomments&post=1798"}],"version-history":[{"count":0,"href":"https:\/\/fundacionseguroscaracas.com\/index.php?rest_route=\/wp\/v2\/posts\/1798\/revisions"}],"wp:attachment":[{"href":"https:\/\/fundacionseguroscaracas.com\/index.php?rest_route=%2Fwp%2Fv2%2Fmedia&parent=1798"}],"wp:term":[{"taxonomy":"category","embeddable":true,"href":"https:\/\/fundacionseguroscaracas.com\/index.php?rest_route=%2Fwp%2Fv2%2Fcategories&post=1798"},{"taxonomy":"post_tag","embeddable":true,"href":"https:\/\/fundacionseguroscaracas.com\/index.php?rest_route=%2Fwp%2Fv2%2Ftags&post=1798"}],"curies":[{"name":"wp","href":"https:\/\/api.w.org\/{rel}","templated":true}]}}