{"id":1811,"date":"2017-07-23T14:18:43","date_gmt":"2017-07-23T14:18:43","guid":{"rendered":"http:\/\/fundacionseguroscaracas.org\/?p=1811"},"modified":"2017-07-24T14:49:54","modified_gmt":"2017-07-24T14:49:54","slug":"llego-elf-la-bicicleta-electrica-con-techo-solar-incorporado","status":"publish","type":"post","link":"https:\/\/fundacionseguroscaracas.com\/?p=1811","title":{"rendered":"Lleg\u00f3 Elf: la bicicleta el\u00e9ctrica con techo solar incorporado"},"content":{"rendered":"<p><a href=\"http:\/\/fundacionseguroscaracas.org\/wp-content\/uploads\/2017\/07\/makeThumbail.aspx-2.jpeg\"><img loading=\"lazy\" decoding=\"async\" class=\"alignright wp-image-1812 size-medium\" src=\"http:\/\/fundacionseguroscaracas.org\/wp-content\/uploads\/2017\/07\/makeThumbail.aspx-2-250x150.jpeg\" alt=\"\" width=\"250\" height=\"150\" srcset=\"https:\/\/fundacionseguroscaracas.com\/wp-content\/uploads\/2017\/07\/makeThumbail.aspx-2-250x150.jpeg 250w, https:\/\/fundacionseguroscaracas.com\/wp-content\/uploads\/2017\/07\/makeThumbail.aspx-2-125x75.jpeg 125w, https:\/\/fundacionseguroscaracas.com\/wp-content\/uploads\/2017\/07\/makeThumbail.aspx-2.jpeg 500w\" sizes=\"auto, (max-width: 250px) 100vw, 250px\" \/><\/a><strong>Para aquellos en los que a\u00fan no han calado los veh\u00edculos el\u00e9ctricos, llega Elf.<\/strong> Se trata de una bicicleta el\u00e9ctrica solar, una especie de veh\u00edculo h\u00edbrido que funciona con pedales, y que tambi\u00e9n cuenta con un motor el\u00e9ctrico que puede recargarse con energ\u00eda solar.<\/p>\n<p><strong>Actualmente est\u00e1 ganando popularidad en Estados Unidos, y ha\u00a0recibido pedidos de diversos pa\u00edses como Australia, Alemania, Holanda o las islas Fiji.<\/strong> En estos mercados la empresa ofrece un modelo individual de 72 Kg, otro de dos puestos, y el tercero modelo destinado a uso profesional, como en labores de vigilancia, gesti\u00f3n de eventos y mantenimiento.<!--more--><\/p>\n<p><strong>\u201cQuema calor\u00edas, no aceite\u201d, es una de sus lemas promocionales.<\/strong> Puede ser utilizado como cualquier bicicleta del mundo, o cambiar a un motor de 600 vatios y bater\u00edas de ion de litio que tiene una autonom\u00eda para circular casi 29 kil\u00f3metros sin pedales y cerca de 50 pedaleando.<\/p>\n<p>Elf tiene en el techo un panel solar de 100W incorporado. <strong>La bater\u00eda puede cargarse por esta v\u00eda, para lo que necesitar\u00e1 un m\u00ednimo de 8 horas en condiciones \u00f3ptimas de sol<\/strong>. Usando el cargador, la bater\u00eda estar\u00e1 completa en entre dos horas y media y cuatro.<\/p>\n<p><strong>La compa\u00f1\u00eda estadounidense Organic Transit asegura que Elf puede recorrer aproximadamente 53 kil\u00f3metros por kWh, y puede alcanzar una velocidad de 48 kil\u00f3metros por hora.<\/strong><\/p>\n<p><strong>Sus creadores aseguran que su propuesta es el \u201cveh\u00edculo m\u00e1s eficiente del planeta\u201d.<\/strong><\/p>\n<p>Con informaci\u00f3n de La Gu\u00eda del Motor<\/p>\n","protected":false},"excerpt":{"rendered":"<p>Para aquellos en los que a\u00fan no han calado los veh\u00edculos el\u00e9ctricos, llega Elf. Se trata de una bicicleta el\u00e9ctrica solar, una especie de veh\u00edculo h\u00edbrido que funciona con pedales, y que tambi\u00e9n cuenta con un motor el\u00e9ctrico que puede recargarse con energ\u00eda solar. Actualmente est\u00e1 ganando popularidad en Estados Unidos, y ha\u00a0recibido pedidos de [&hellip;]<\/p>\n","protected":false},"author":1,"featured_media":0,"comment_status":"open","ping_status":"open","sticky":false,"template":"","format":"standard","meta":{"_monsterinsights_skip_tracking":false,"footnotes":""},"categories":[6],"tags":[134,136,135],"class_list":["post-1811","post","type-post","status-publish","format-standard","hentry","category-novedades","tag-elf","tag-energia-solar","tag-vehiculo-ecologico"],"aioseo_notices":[],"aioseo_head":"\n\t\t<!-- All in One SEO 5.0.1.1 - aioseo.com -->\n\t<meta name=\"description\" content=\"Para aquellos en los que a\u00fan no han calado los veh\u00edculos el\u00e9ctricos, llega Elf. Se trata de una bicicleta el\u00e9ctrica solar, una especie de veh\u00edculo h\u00edbrido que funciona con pedales, y que tambi\u00e9n cuenta con un motor el\u00e9ctrico que puede recargarse con energ\u00eda solar. Actualmente est\u00e1 ganando popularidad en Estados Unidos, y ha recibido pedidos de\" \/>\n\t<meta name=\"robots\" content=\"max-image-preview:large\" \/>\n\t<meta name=\"author\" content=\"Editor\"\/>\n\t<meta name=\"keywords\" content=\"elf,energ\u00eda solar,veh\u00edculo ecol\u00f3gico\" \/>\n\t<link rel=\"canonical\" href=\"https:\/\/fundacionseguroscaracas.com\/?p=1811\" \/>\n\t<meta name=\"generator\" content=\"All in One SEO (AIOSEO) 5.0.1.1\" \/>\n\t\t<meta property=\"og:locale\" content=\"es_ES\" \/>\n\t\t<meta property=\"og:site_name\" content=\"Fundaci\u00f3n Seguros Caracas |\" \/>\n\t\t<meta property=\"og:type\" content=\"article\" \/>\n\t\t<meta property=\"og:title\" content=\"Lleg\u00f3 Elf: la bicicleta el\u00e9ctrica con techo solar incorporado | Fundaci\u00f3n Seguros Caracas\" \/>\n\t\t<meta property=\"og:description\" content=\"Para aquellos en los que a\u00fan no han calado los veh\u00edculos el\u00e9ctricos, llega Elf. Se trata de una bicicleta el\u00e9ctrica solar, una especie de veh\u00edculo h\u00edbrido que funciona con pedales, y que tambi\u00e9n cuenta con un motor el\u00e9ctrico que puede recargarse con energ\u00eda solar. Actualmente est\u00e1 ganando popularidad en Estados Unidos, y ha recibido pedidos de\" \/>\n\t\t<meta property=\"og:url\" content=\"https:\/\/fundacionseguroscaracas.com\/?p=1811\" \/>\n\t\t<meta property=\"article:published_time\" content=\"2017-07-23T14:18:43+00:00\" \/>\n\t\t<meta property=\"article:modified_time\" content=\"2017-07-24T14:49:54+00:00\" \/>\n\t\t<meta name=\"twitter:card\" content=\"summary\" \/>\n\t\t<meta name=\"twitter:title\" content=\"Lleg\u00f3 Elf: la bicicleta el\u00e9ctrica con techo solar incorporado | Fundaci\u00f3n Seguros Caracas\" \/>\n\t\t<meta name=\"twitter:description\" content=\"Para aquellos en los que a\u00fan no han calado los veh\u00edculos el\u00e9ctricos, llega Elf. Se trata de una bicicleta el\u00e9ctrica solar, una especie de veh\u00edculo h\u00edbrido que funciona con pedales, y que tambi\u00e9n cuenta con un motor el\u00e9ctrico que puede recargarse con energ\u00eda solar. Actualmente est\u00e1 ganando popularidad en Estados Unidos, y ha recibido pedidos de\" \/>\n\t\t<script type=\"application\/ld+json\" class=\"aioseo-schema\">\n\t\t\t{\"@context\":\"https:\\\/\\\/schema.org\",\"@graph\":[{\"@type\":\"Article\",\"@id\":\"https:\\\/\\\/fundacionseguroscaracas.com\\\/?p=1811#article\",\"name\":\"Lleg\\u00f3 Elf: la bicicleta el\\u00e9ctrica con techo solar incorporado | Fundaci\\u00f3n Seguros Caracas\",\"headline\":\"Lleg\\u00f3 Elf: la bicicleta el\\u00e9ctrica con techo solar incorporado\",\"author\":{\"@id\":\"https:\\\/\\\/fundacionseguroscaracas.com\\\/?author=1#author\"},\"publisher\":{\"@id\":\"https:\\\/\\\/fundacionseguroscaracas.com\\\/#organization\"},\"image\":{\"@type\":\"ImageObject\",\"url\":\"http:\\\/\\\/fundacionseguroscaracas.org\\\/wp-content\\\/uploads\\\/2017\\\/07\\\/makeThumbail.aspx-2-250x150.jpeg\",\"@id\":\"https:\\\/\\\/fundacionseguroscaracas.com\\\/?p=1811\\\/#articleImage\"},\"datePublished\":\"2017-07-23T14:18:43+00:00\",\"dateModified\":\"2017-07-24T14:49:54+00:00\",\"inLanguage\":\"es-ES\",\"mainEntityOfPage\":{\"@id\":\"https:\\\/\\\/fundacionseguroscaracas.com\\\/?p=1811#webpage\"},\"isPartOf\":{\"@id\":\"https:\\\/\\\/fundacionseguroscaracas.com\\\/?p=1811#webpage\"},\"articleSection\":\"Novedades, Elf, Energ\\u00eda solar, Veh\\u00edculo ecol\\u00f3gico\"},{\"@type\":\"BreadcrumbList\",\"@id\":\"https:\\\/\\\/fundacionseguroscaracas.com\\\/?p=1811#breadcrumblist\",\"itemListElement\":[{\"@type\":\"ListItem\",\"@id\":\"https:\\\/\\\/fundacionseguroscaracas.com#listItem\",\"position\":1,\"name\":\"Inicio\",\"item\":\"https:\\\/\\\/fundacionseguroscaracas.com\",\"nextItem\":{\"@type\":\"ListItem\",\"@id\":\"https:\\\/\\\/fundacionseguroscaracas.com\\\/?cat=6#listItem\",\"name\":\"Novedades\"}},{\"@type\":\"ListItem\",\"@id\":\"https:\\\/\\\/fundacionseguroscaracas.com\\\/?cat=6#listItem\",\"position\":2,\"name\":\"Novedades\",\"item\":\"https:\\\/\\\/fundacionseguroscaracas.com\\\/?cat=6\",\"nextItem\":{\"@type\":\"ListItem\",\"@id\":\"https:\\\/\\\/fundacionseguroscaracas.com\\\/?p=1811#listItem\",\"name\":\"Lleg\\u00f3 Elf: la bicicleta el\\u00e9ctrica con techo solar incorporado\"},\"previousItem\":{\"@type\":\"ListItem\",\"@id\":\"https:\\\/\\\/fundacionseguroscaracas.com#listItem\",\"name\":\"Inicio\"}},{\"@type\":\"ListItem\",\"@id\":\"https:\\\/\\\/fundacionseguroscaracas.com\\\/?p=1811#listItem\",\"position\":3,\"name\":\"Lleg\\u00f3 Elf: la bicicleta el\\u00e9ctrica con techo solar incorporado\",\"previousItem\":{\"@type\":\"ListItem\",\"@id\":\"https:\\\/\\\/fundacionseguroscaracas.com\\\/?cat=6#listItem\",\"name\":\"Novedades\"}}]},{\"@type\":\"Organization\",\"@id\":\"https:\\\/\\\/fundacionseguroscaracas.com\\\/#organization\",\"name\":\"Fundaci\\u00f3n Seguros Caracas\",\"url\":\"https:\\\/\\\/fundacionseguroscaracas.com\\\/\"},{\"@type\":\"Person\",\"@id\":\"https:\\\/\\\/fundacionseguroscaracas.com\\\/?author=1#author\",\"url\":\"https:\\\/\\\/fundacionseguroscaracas.com\\\/?author=1\",\"name\":\"Editor\",\"image\":{\"@type\":\"ImageObject\",\"@id\":\"https:\\\/\\\/fundacionseguroscaracas.com\\\/?p=1811#authorImage\",\"url\":\"https:\\\/\\\/secure.gravatar.com\\\/avatar\\\/841b39d8fb0dff8e35fda74ae7f3723d46d636f72c0dca759ede329ec975c4c6?s=96&d=mm&r=g\",\"width\":96,\"height\":96,\"caption\":\"Editor\"}},{\"@type\":\"WebPage\",\"@id\":\"https:\\\/\\\/fundacionseguroscaracas.com\\\/?p=1811#webpage\",\"url\":\"https:\\\/\\\/fundacionseguroscaracas.com\\\/?p=1811\",\"name\":\"Lleg\\u00f3 Elf: la bicicleta el\\u00e9ctrica con techo solar incorporado | Fundaci\\u00f3n Seguros Caracas\",\"description\":\"Para aquellos en los que a\\u00fan no han calado los veh\\u00edculos el\\u00e9ctricos, llega Elf. Se trata de una bicicleta el\\u00e9ctrica solar, una especie de veh\\u00edculo h\\u00edbrido que funciona con pedales, y que tambi\\u00e9n cuenta con un motor el\\u00e9ctrico que puede recargarse con energ\\u00eda solar. Actualmente est\\u00e1 ganando popularidad en Estados Unidos, y ha recibido pedidos de\",\"inLanguage\":\"es-ES\",\"isPartOf\":{\"@id\":\"https:\\\/\\\/fundacionseguroscaracas.com\\\/#website\"},\"breadcrumb\":{\"@id\":\"https:\\\/\\\/fundacionseguroscaracas.com\\\/?p=1811#breadcrumblist\"},\"author\":{\"@id\":\"https:\\\/\\\/fundacionseguroscaracas.com\\\/?author=1#author\"},\"creator\":{\"@id\":\"https:\\\/\\\/fundacionseguroscaracas.com\\\/?author=1#author\"},\"datePublished\":\"2017-07-23T14:18:43+00:00\",\"dateModified\":\"2017-07-24T14:49:54+00:00\"},{\"@type\":\"WebSite\",\"@id\":\"https:\\\/\\\/fundacionseguroscaracas.com\\\/#website\",\"url\":\"https:\\\/\\\/fundacionseguroscaracas.com\\\/\",\"name\":\"Fundaci\\u00f3n Seguros Caracas\",\"inLanguage\":\"es-ES\",\"publisher\":{\"@id\":\"https:\\\/\\\/fundacionseguroscaracas.com\\\/#organization\"}}]}\n\t\t<\/script>\n\t\t<!-- All in One SEO -->\n\n","aioseo_head_json":{"title":"Lleg\u00f3 Elf: la bicicleta el\u00e9ctrica con techo solar incorporado | Fundaci\u00f3n Seguros Caracas","description":"Para aquellos en los que a\u00fan no han calado los veh\u00edculos el\u00e9ctricos, llega Elf. Se trata de una bicicleta el\u00e9ctrica solar, una especie de veh\u00edculo h\u00edbrido que funciona con pedales, y que tambi\u00e9n cuenta con un motor el\u00e9ctrico que puede recargarse con energ\u00eda solar. Actualmente est\u00e1 ganando popularidad en Estados Unidos, y ha recibido pedidos de","canonical_url":"https:\/\/fundacionseguroscaracas.com\/?p=1811","robots":"max-image-preview:large","keywords":"elf,energ\u00eda solar,veh\u00edculo ecol\u00f3gico","webmasterTools":{"miscellaneous":""},"schema":{"@context":"https:\/\/schema.org","@graph":[{"@type":"Article","@id":"https:\/\/fundacionseguroscaracas.com\/?p=1811#article","name":"Lleg\u00f3 Elf: la bicicleta el\u00e9ctrica con techo solar incorporado | Fundaci\u00f3n Seguros Caracas","headline":"Lleg\u00f3 Elf: la bicicleta el\u00e9ctrica con techo solar incorporado","author":{"@id":"https:\/\/fundacionseguroscaracas.com\/?author=1#author"},"publisher":{"@id":"https:\/\/fundacionseguroscaracas.com\/#organization"},"image":{"@type":"ImageObject","url":"http:\/\/fundacionseguroscaracas.org\/wp-content\/uploads\/2017\/07\/makeThumbail.aspx-2-250x150.jpeg","@id":"https:\/\/fundacionseguroscaracas.com\/?p=1811\/#articleImage"},"datePublished":"2017-07-23T14:18:43+00:00","dateModified":"2017-07-24T14:49:54+00:00","inLanguage":"es-ES","mainEntityOfPage":{"@id":"https:\/\/fundacionseguroscaracas.com\/?p=1811#webpage"},"isPartOf":{"@id":"https:\/\/fundacionseguroscaracas.com\/?p=1811#webpage"},"articleSection":"Novedades, Elf, Energ\u00eda solar, Veh\u00edculo ecol\u00f3gico"},{"@type":"BreadcrumbList","@id":"https:\/\/fundacionseguroscaracas.com\/?p=1811#breadcrumblist","itemListElement":[{"@type":"ListItem","@id":"https:\/\/fundacionseguroscaracas.com#listItem","position":1,"name":"Inicio","item":"https:\/\/fundacionseguroscaracas.com","nextItem":{"@type":"ListItem","@id":"https:\/\/fundacionseguroscaracas.com\/?cat=6#listItem","name":"Novedades"}},{"@type":"ListItem","@id":"https:\/\/fundacionseguroscaracas.com\/?cat=6#listItem","position":2,"name":"Novedades","item":"https:\/\/fundacionseguroscaracas.com\/?cat=6","nextItem":{"@type":"ListItem","@id":"https:\/\/fundacionseguroscaracas.com\/?p=1811#listItem","name":"Lleg\u00f3 Elf: la bicicleta el\u00e9ctrica con techo solar incorporado"},"previousItem":{"@type":"ListItem","@id":"https:\/\/fundacionseguroscaracas.com#listItem","name":"Inicio"}},{"@type":"ListItem","@id":"https:\/\/fundacionseguroscaracas.com\/?p=1811#listItem","position":3,"name":"Lleg\u00f3 Elf: la bicicleta el\u00e9ctrica con techo solar incorporado","previousItem":{"@type":"ListItem","@id":"https:\/\/fundacionseguroscaracas.com\/?cat=6#listItem","name":"Novedades"}}]},{"@type":"Organization","@id":"https:\/\/fundacionseguroscaracas.com\/#organization","name":"Fundaci\u00f3n Seguros Caracas","url":"https:\/\/fundacionseguroscaracas.com\/"},{"@type":"Person","@id":"https:\/\/fundacionseguroscaracas.com\/?author=1#author","url":"https:\/\/fundacionseguroscaracas.com\/?author=1","name":"Editor","image":{"@type":"ImageObject","@id":"https:\/\/fundacionseguroscaracas.com\/?p=1811#authorImage","url":"https:\/\/secure.gravatar.com\/avatar\/841b39d8fb0dff8e35fda74ae7f3723d46d636f72c0dca759ede329ec975c4c6?s=96&d=mm&r=g","width":96,"height":96,"caption":"Editor"}},{"@type":"WebPage","@id":"https:\/\/fundacionseguroscaracas.com\/?p=1811#webpage","url":"https:\/\/fundacionseguroscaracas.com\/?p=1811","name":"Lleg\u00f3 Elf: la bicicleta el\u00e9ctrica con techo solar incorporado | Fundaci\u00f3n Seguros Caracas","description":"Para aquellos en los que a\u00fan no han calado los veh\u00edculos el\u00e9ctricos, llega Elf. Se trata de una bicicleta el\u00e9ctrica solar, una especie de veh\u00edculo h\u00edbrido que funciona con pedales, y que tambi\u00e9n cuenta con un motor el\u00e9ctrico que puede recargarse con energ\u00eda solar. Actualmente est\u00e1 ganando popularidad en Estados Unidos, y ha recibido pedidos de","inLanguage":"es-ES","isPartOf":{"@id":"https:\/\/fundacionseguroscaracas.com\/#website"},"breadcrumb":{"@id":"https:\/\/fundacionseguroscaracas.com\/?p=1811#breadcrumblist"},"author":{"@id":"https:\/\/fundacionseguroscaracas.com\/?author=1#author"},"creator":{"@id":"https:\/\/fundacionseguroscaracas.com\/?author=1#author"},"datePublished":"2017-07-23T14:18:43+00:00","dateModified":"2017-07-24T14:49:54+00:00"},{"@type":"WebSite","@id":"https:\/\/fundacionseguroscaracas.com\/#website","url":"https:\/\/fundacionseguroscaracas.com\/","name":"Fundaci\u00f3n Seguros Caracas","inLanguage":"es-ES","publisher":{"@id":"https:\/\/fundacionseguroscaracas.com\/#organization"}}]},"og:locale":"es_ES","og:site_name":"Fundaci\u00f3n Seguros Caracas |","og:type":"article","og:title":"Lleg\u00f3 Elf: la bicicleta el\u00e9ctrica con techo solar incorporado | Fundaci\u00f3n Seguros Caracas","og:description":"Para aquellos en los que a\u00fan no han calado los veh\u00edculos el\u00e9ctricos, llega Elf. Se trata de una bicicleta el\u00e9ctrica solar, una especie de veh\u00edculo h\u00edbrido que funciona con pedales, y que tambi\u00e9n cuenta con un motor el\u00e9ctrico que puede recargarse con energ\u00eda solar. Actualmente est\u00e1 ganando popularidad en Estados Unidos, y ha recibido pedidos de","og:url":"https:\/\/fundacionseguroscaracas.com\/?p=1811","article:published_time":"2017-07-23T14:18:43+00:00","article:modified_time":"2017-07-24T14:49:54+00:00","twitter:card":"summary","twitter:title":"Lleg\u00f3 Elf: la bicicleta el\u00e9ctrica con techo solar incorporado | Fundaci\u00f3n Seguros Caracas","twitter:description":"Para aquellos en los que a\u00fan no han calado los veh\u00edculos el\u00e9ctricos, llega Elf. Se trata de una bicicleta el\u00e9ctrica solar, una especie de veh\u00edculo h\u00edbrido que funciona con pedales, y que tambi\u00e9n cuenta con un motor el\u00e9ctrico que puede recargarse con energ\u00eda solar. Actualmente est\u00e1 ganando popularidad en Estados Unidos, y ha recibido pedidos de"},"aioseo_meta_data":{"post_id":"1811","title":null,"description":null,"keywords":null,"keyphrases":null,"primary_term":null,"canonical_url":null,"og_title":null,"og_description":null,"og_object_type":"default","og_image_type":"default","og_image_url":null,"og_image_width":null,"og_image_height":null,"og_image_custom_url":null,"og_image_custom_fields":null,"og_video":null,"og_custom_url":null,"og_article_section":null,"og_article_tags":null,"twitter_use_og":false,"twitter_card":"default","twitter_image_type":"default","twitter_image_url":null,"twitter_image_custom_url":null,"twitter_image_custom_fields":null,"twitter_title":null,"twitter_description":null,"schema":{"blockGraphs":[],"customGraphs":[],"default":{"data":{"Article":[],"Course":[],"Dataset":[],"FAQPage":[],"Movie":[],"Person":[],"Product":[],"ProductReview":[],"Car":[],"Recipe":[],"Service":[],"SoftwareApplication":[],"WebPage":[]},"graphName":"","isEnabled":true},"graphs":[],"defaultGraph":"","defaultPostTypeGraph":""},"schema_type":null,"schema_type_options":null,"pillar_content":false,"robots_default":true,"robots_noindex":false,"robots_noarchive":false,"robots_nosnippet":false,"robots_nofollow":false,"robots_noimageindex":false,"robots_noodp":false,"robots_notranslate":false,"robots_max_snippet":null,"robots_max_videopreview":null,"robots_max_imagepreview":"large","priority":null,"frequency":null,"local_seo":null,"breadcrumb_settings":null,"limit_modified_date":false,"ai":null,"created":"2021-03-15 17:17:13","updated":"2025-06-04 14:23:22","seo_analyzer_scan_date":null,"focus_keyword":null,"additional_keywords":null,"truseo_locale":null},"_links":{"self":[{"href":"https:\/\/fundacionseguroscaracas.com\/index.php?rest_route=\/wp\/v2\/posts\/1811","targetHints":{"allow":["GET"]}}],"collection":[{"href":"https:\/\/fundacionseguroscaracas.com\/index.php?rest_route=\/wp\/v2\/posts"}],"about":[{"href":"https:\/\/fundacionseguroscaracas.com\/index.php?rest_route=\/wp\/v2\/types\/post"}],"author":[{"embeddable":true,"href":"https:\/\/fundacionseguroscaracas.com\/index.php?rest_route=\/wp\/v2\/users\/1"}],"replies":[{"embeddable":true,"href":"https:\/\/fundacionseguroscaracas.com\/index.php?rest_route=%2Fwp%2Fv2%2Fcomments&post=1811"}],"version-history":[{"count":0,"href":"https:\/\/fundacionseguroscaracas.com\/index.php?rest_route=\/wp\/v2\/posts\/1811\/revisions"}],"wp:attachment":[{"href":"https:\/\/fundacionseguroscaracas.com\/index.php?rest_route=%2Fwp%2Fv2%2Fmedia&parent=1811"}],"wp:term":[{"taxonomy":"category","embeddable":true,"href":"https:\/\/fundacionseguroscaracas.com\/index.php?rest_route=%2Fwp%2Fv2%2Fcategories&post=1811"},{"taxonomy":"post_tag","embeddable":true,"href":"https:\/\/fundacionseguroscaracas.com\/index.php?rest_route=%2Fwp%2Fv2%2Ftags&post=1811"}],"curies":[{"name":"wp","href":"https:\/\/api.w.org\/{rel}","templated":true}]}}