{"id":1865,"date":"2018-01-11T16:11:25","date_gmt":"2018-01-11T16:11:25","guid":{"rendered":"http:\/\/fundacionseguroscaracas.org\/?p=1865"},"modified":"2018-01-15T16:50:51","modified_gmt":"2018-01-15T16:50:51","slug":"datos-mundiales-sobre-obesidad","status":"publish","type":"post","link":"https:\/\/fundacionseguroscaracas.com\/?p=1865","title":{"rendered":"Datos mundiales sobre obesidad"},"content":{"rendered":"<p><strong><a href=\"http:\/\/fundacionseguroscaracas.org\/wp-content\/uploads\/2018\/01\/obesidad-infantil_3.jpg\"><img loading=\"lazy\" decoding=\"async\" class=\"alignright size-medium wp-image-1866\" src=\"http:\/\/fundacionseguroscaracas.org\/wp-content\/uploads\/2018\/01\/obesidad-infantil_3-250x171.jpg\" alt=\"\" width=\"250\" height=\"171\" srcset=\"https:\/\/fundacionseguroscaracas.com\/wp-content\/uploads\/2018\/01\/obesidad-infantil_3-250x171.jpg 250w, https:\/\/fundacionseguroscaracas.com\/wp-content\/uploads\/2018\/01\/obesidad-infantil_3-768x526.jpg 768w, https:\/\/fundacionseguroscaracas.com\/wp-content\/uploads\/2018\/01\/obesidad-infantil_3-680x466.jpg 680w, https:\/\/fundacionseguroscaracas.com\/wp-content\/uploads\/2018\/01\/obesidad-infantil_3-125x86.jpg 125w, https:\/\/fundacionseguroscaracas.com\/wp-content\/uploads\/2018\/01\/obesidad-infantil_3.jpg 1024w\" sizes=\"auto, (max-width: 250px) 100vw, 250px\" \/><\/a>El n\u00famero de ni\u00f1os y adolescentes<\/strong> de edades comprendidas entre los 5 y los 19 a\u00f1os que presentan obesidad <strong>se ha multiplicado por 10 en el mundo en los \u00faltimos 40 a\u00f1os<\/strong>. Esta conclusi\u00f3n se desprende de un nuevo estudio dirigido por el <strong>Imperial College de Londres y la Organizaci\u00f3n Mundial de la Salud (OMS)<\/strong> indican que, si se mantienen las tendencias actuales, en 2022 habr\u00e1 m\u00e1s poblaci\u00f3n infantil y adolescente con obesidad que con insuficiencia ponderal moderada o grave.<\/p>\n<p><strong>Las tasas mundiales de obesidad de la poblaci\u00f3n infantil y adolescente aumentaron<\/strong> desde menos de 1% (correspondiente a 5 millones de ni\u00f1as y 6 millones de ni\u00f1os) en 1975 hasta casi 6% en las ni\u00f1as (50 millones) y cerca de un 8% en los ni\u00f1os (74 millones) en 2016.\u00a0<!--more--><\/p>\n<p><strong>El Profesor Majid Ezzati<\/strong>, catedr\u00e1tico de la Facultad de Salud P\u00fablica del Imperial College de Londres y autor principal del estudio, se\u00f1ala: \u00abEn los \u00faltimos cuatro decenios, <strong>las tasas de obesidad en la poblaci\u00f3n infantil y adolescente se han disparado en todo el mundo, y contin\u00faan haci\u00e9ndolo en los pa\u00edses de ingresos medianos y bajos<\/strong>. Por lo que respecta a los pa\u00edses de ingresos altos, estas tasas se han estancado en a\u00f1os recientes pero se contin\u00faan manteniendo a niveles inaceptables\u00bb.<\/p>\n<p><strong>En muchos pa\u00edses de ingresos medianos<\/strong> (como es el caso de Asia oriental, Am\u00e9rica Latina y el Caribe), <strong>los ni\u00f1os y los adolescentes han pasado r\u00e1pidamente de tener predominantemente un peso demasiado bajo a presentar sobrepeso<\/strong>. Seg\u00fan los autores, este cambio podr\u00eda ser consecuencia del mayor consumo de alimentos de alto contenido cal\u00f3rico, sobre todo de hidratos de carbono muy elaborados, que engordan y afectan al estado de salud durante toda la vida.<\/p>\n<p>El especialista a\u00f1ade que: <strong>\u00abEstas preocupantes tendencias reflejan el impacto de las pol\u00edticas y la comercializaci\u00f3n de alimentos en todo el mundo, que han hecho que los alimentos saludables y nutritivos sean demasiado caros para las familias y las comunidades desfavorecidas.<\/strong> Si la tendencia actual no var\u00eda, toda una generaci\u00f3n de ni\u00f1os y adolescentes crecer\u00e1 con la carga de la obesidad y tendr\u00e1 un riesgo m\u00e1s elevado de sufrir enfermedades, como la diabetes. Es preciso encontrar soluciones para que, tanto en los hogares como en las escuelas, las familias y las comunidades desfavorecidas puedan acceder a alimentos saludables y nutritivos. Adem\u00e1s, los pa\u00edses tambi\u00e9n deben establecer normas e impuestos para proteger a los ni\u00f1os de los alimentos malsanos\u00bb.<\/p>\n<p>La Dra. Fiona Bull, coordinadora del programa de la OMS de vigilancia y prevenci\u00f3n poblacionales de las enfermedades no transmisibles, se\u00f1ala que <strong>la OMS alienta a los pa\u00edses a esforzarse por modificar los factores del entorno que aumentan el riesgo de obesidad en los ni\u00f1os<\/strong>. M\u00e1s concretamente, es preciso reducir el consumo de alimentos muy elaborados baratos, con alto contenido cal\u00f3rico y bajo valor nutricional. Adem\u00e1s, conviene que los ni\u00f1os dediquen menos tiempo a las actividades sedentarias que incluyen el uso de pantallas. Para ello, <strong>es necesario fomentar la actividad f\u00edsica mediante el deporte y la recreaci\u00f3n activa.<\/strong><\/p>\n<p>Con informaci\u00f3n de la Organizaci\u00f3n Mundial de la Salud<\/p>\n","protected":false},"excerpt":{"rendered":"<p>El n\u00famero de ni\u00f1os y adolescentes de edades comprendidas entre los 5 y los 19 a\u00f1os que presentan obesidad se ha multiplicado por 10 en el mundo en los \u00faltimos 40 a\u00f1os. Esta conclusi\u00f3n se desprende de un nuevo estudio dirigido por el Imperial College de Londres y la Organizaci\u00f3n Mundial de la Salud (OMS) [&hellip;]<\/p>\n","protected":false},"author":1,"featured_media":0,"comment_status":"open","ping_status":"open","sticky":false,"template":"","format":"standard","meta":{"_monsterinsights_skip_tracking":false,"_monsterinsights_sitenote_active":false,"_monsterinsights_sitenote_note":"","_monsterinsights_sitenote_category":0,"footnotes":""},"categories":[6],"tags":[60,157,45,165],"class_list":["post-1865","post","type-post","status-publish","format-standard","hentry","category-novedades","tag-diabetes","tag-obesidad","tag-salud","tag-sobrepeso"],"aioseo_notices":[],"_links":{"self":[{"href":"https:\/\/fundacionseguroscaracas.com\/index.php?rest_route=\/wp\/v2\/posts\/1865","targetHints":{"allow":["GET"]}}],"collection":[{"href":"https:\/\/fundacionseguroscaracas.com\/index.php?rest_route=\/wp\/v2\/posts"}],"about":[{"href":"https:\/\/fundacionseguroscaracas.com\/index.php?rest_route=\/wp\/v2\/types\/post"}],"author":[{"embeddable":true,"href":"https:\/\/fundacionseguroscaracas.com\/index.php?rest_route=\/wp\/v2\/users\/1"}],"replies":[{"embeddable":true,"href":"https:\/\/fundacionseguroscaracas.com\/index.php?rest_route=%2Fwp%2Fv2%2Fcomments&post=1865"}],"version-history":[{"count":0,"href":"https:\/\/fundacionseguroscaracas.com\/index.php?rest_route=\/wp\/v2\/posts\/1865\/revisions"}],"wp:attachment":[{"href":"https:\/\/fundacionseguroscaracas.com\/index.php?rest_route=%2Fwp%2Fv2%2Fmedia&parent=1865"}],"wp:term":[{"taxonomy":"category","embeddable":true,"href":"https:\/\/fundacionseguroscaracas.com\/index.php?rest_route=%2Fwp%2Fv2%2Fcategories&post=1865"},{"taxonomy":"post_tag","embeddable":true,"href":"https:\/\/fundacionseguroscaracas.com\/index.php?rest_route=%2Fwp%2Fv2%2Ftags&post=1865"}],"curies":[{"name":"wp","href":"https:\/\/api.w.org\/{rel}","templated":true}]}}