{"id":1878,"date":"2018-03-02T21:58:04","date_gmt":"2018-03-02T21:58:04","guid":{"rendered":"http:\/\/fundacionseguroscaracas.org\/?p=1878"},"modified":"2018-03-02T22:01:32","modified_gmt":"2018-03-02T22:01:32","slug":"revista-aportes-viales-no-2","status":"publish","type":"post","link":"https:\/\/fundacionseguroscaracas.com\/?p=1878","title":{"rendered":"Bautizo de la revista Aportes Viales No. 2"},"content":{"rendered":"<p><a href=\"http:\/\/fundacionseguroscaracas.org\/wp-content\/uploads\/2018\/03\/FullSizeRender-9.jpg\"><img loading=\"lazy\" decoding=\"async\" class=\"alignright wp-image-1880 size-medium\" src=\"http:\/\/fundacionseguroscaracas.org\/wp-content\/uploads\/2018\/03\/FullSizeRender-9-250x194.jpg\" alt=\"\" width=\"250\" height=\"194\" srcset=\"https:\/\/fundacionseguroscaracas.com\/wp-content\/uploads\/2018\/03\/FullSizeRender-9-250x194.jpg 250w, https:\/\/fundacionseguroscaracas.com\/wp-content\/uploads\/2018\/03\/FullSizeRender-9-768x595.jpg 768w, https:\/\/fundacionseguroscaracas.com\/wp-content\/uploads\/2018\/03\/FullSizeRender-9-680x527.jpg 680w, https:\/\/fundacionseguroscaracas.com\/wp-content\/uploads\/2018\/03\/FullSizeRender-9-125x97.jpg 125w, https:\/\/fundacionseguroscaracas.com\/wp-content\/uploads\/2018\/03\/FullSizeRender-9-167x131.jpg 167w\" sizes=\"auto, (max-width: 250px) 100vw, 250px\" \/><\/a>El 1 de marzo se <strong>present\u00f3 el segundo n\u00famero de la revista Aportes Viales que produce la Fundaci\u00f3n Seguros Caracas,<\/strong> en el marco de la reuni\u00f3n de la Red Venezolana de Seguridad Vial.<\/p>\n<p>\u00ab<strong>La Fundaci\u00f3n Seguros Caracas tiene ya 9 a\u00f1os trabajando en promover la cultura de prevenci\u00f3n<\/strong> tanto en nutrici\u00f3n como en prevenci\u00f3n vial. De las amplias iniciativas que se han hecho en las dos \u00e1reas decidimos fortalecer el tema de investigaci\u00f3n. <strong>Hoy tenemos el privilego de bautizar Aportes Viales 2<\/strong>\u00ab, explic\u00f3 Rosario Santander, coordinadora de programas de la Fundaci\u00f3n Seguros Caracas.<!--more--><\/p>\n<p>Para esta segunda edici\u00f3n de la revista se conform\u00f3\u00a0<strong>un consejo editorial coordinado por el profesor Omar\u00a0Hern\u00e1ndez e integrado por Celia Herrera, Jes\u00fas Uzc\u00e1tegui, Daniel Baeta y Gabriela Tedesco<\/strong>, todos\u00a0distinguidos expertos en \u00e1reas muy relevantes de la seguridad vial. Este equipo abri\u00f3 una convocatoria p\u00fablica a personalidades, instituciones y a entes p\u00fablicos para que postularan sus trabajos, y tuvo a su cargo la compleja\u00a0tarea de leer y seleccionar los que ser\u00edan incluidos en esta edici\u00f3n. Se llev\u00f3 a\u00a0cabo una selecci\u00f3n sistem\u00e1tica y rigurosa para elegir \u00a0trabajos s\u00f3lidos y serios.<\/p>\n<p>La revista est\u00e1 escrita de manera muy amena, hecha para el p\u00fablico en general que pueda entender y tener m\u00e1s conciencia de las problem\u00e1ticas y diferentes aristas de la seguridad vial.<\/p>\n<p>La segunda edici\u00f3n incluye\u00a0reflexiones sobre la\u00a0<strong>movilidad caraque\u00f1a<\/strong>, y sobre la importancia crucial de la peatonalidad escrito\u00a0por Jos\u00e9 Carvajal; un\u00a0estudio que <strong>analiza las colisiones auto-bicicleta en Venezuela<\/strong> como un fen\u00f3meno cada vez m\u00e1s\u00a0visible y creciente en el pa\u00eds realizado por David Figuera;\u00a0un art\u00edculo que se pasea por el <strong>significado de las asociaciones de v\u00edctimas de accidentes viales<\/strong>, mostrando los principales referentes internacionales elaborado por Charo M\u00e9ndez, Sonia P\u00e9rez y V\u00edctor Silva; un art\u00edculo que aborda el tema de la <strong>seguridad vial en Venezuela enfocado en los usuarios\u00a0vulnerables del tr\u00e1nsito<\/strong> elaborado por Uxia Paredes;\u00a0en el contexto de la <strong>norma ISO 39001 relativa a la gesti\u00f3n de la seguridad vial<\/strong> se propone la elaboraci\u00f3n, por parte de las empresas e instituciones, de planes internos orientados a incidir en la disminuci\u00f3n de accidentes de tr\u00e1nsito por G\u00f3nzalo Tovar; y el <strong>conocimiento y tratamiento\u00a0actuarial de los datos<\/strong> que proporcionan una visi\u00f3n objetiva del riesgo asumido por las empresas de seguros\u00a0que no solo hace sustentable un negocio de naturaleza aleatoria, sino que adem\u00e1s incide realizado por Alexander Coello.<\/p>\n<p>Con esta segunda edici\u00f3n se ratifica el compromiso\u00a0de la Fundaci\u00f3n Seguros Caracas con la seguridad vial en Venezuela.<\/p>\n<p>&nbsp;<\/p>\n<p><a href=\"http:\/\/www.cograf.com\/site\/wp-content\/uploads\/2018\/02\/Aportes-Viales_N%C2%BA-2.pdf\" target=\"_blank\" rel=\"noopener\"><img loading=\"lazy\" decoding=\"async\" class=\"alignnone wp-image-1879 size-large\" src=\"http:\/\/fundacionseguroscaracas.org\/wp-content\/uploads\/2018\/03\/Aportes-Viales_N\u00ba-2-1-680x422.jpg\" alt=\"\" width=\"625\" height=\"388\" srcset=\"https:\/\/fundacionseguroscaracas.com\/wp-content\/uploads\/2018\/03\/Aportes-Viales_N\u00ba-2-1-680x422.jpg 680w, https:\/\/fundacionseguroscaracas.com\/wp-content\/uploads\/2018\/03\/Aportes-Viales_N\u00ba-2-1-250x155.jpg 250w, https:\/\/fundacionseguroscaracas.com\/wp-content\/uploads\/2018\/03\/Aportes-Viales_N\u00ba-2-1-768x476.jpg 768w, https:\/\/fundacionseguroscaracas.com\/wp-content\/uploads\/2018\/03\/Aportes-Viales_N\u00ba-2-1-125x78.jpg 125w, https:\/\/fundacionseguroscaracas.com\/wp-content\/uploads\/2018\/03\/Aportes-Viales_N\u00ba-2-1.jpg 890w\" sizes=\"auto, (max-width: 625px) 100vw, 625px\" \/><\/a><\/p>\n<p><a href=\"http:\/\/www.cograf.com\/site\/wp-content\/uploads\/2018\/02\/Aportes-Viales_N\u00ba-2.pdf\" target=\"_blank\" rel=\"noopener\">Revista Aportes Viales No. 2<\/a><\/p>\n","protected":false},"excerpt":{"rendered":"<p>El 1 de marzo se present\u00f3 el segundo n\u00famero de la revista Aportes Viales que produce la Fundaci\u00f3n Seguros Caracas, en el marco de la reuni\u00f3n de la Red Venezolana de Seguridad Vial. \u00abLa Fundaci\u00f3n Seguros Caracas tiene ya 9 a\u00f1os trabajando en promover la cultura de prevenci\u00f3n tanto en nutrici\u00f3n como en prevenci\u00f3n vial. [&hellip;]<\/p>\n","protected":false},"author":1,"featured_media":1879,"comment_status":"open","ping_status":"open","sticky":false,"template":"","format":"standard","meta":{"_monsterinsights_skip_tracking":false,"_monsterinsights_sitenote_active":false,"_monsterinsights_sitenote_note":"","_monsterinsights_sitenote_category":0,"footnotes":""},"categories":[6],"tags":[177,170,174,173,11,178,179,171,175,172,176],"class_list":["post-1878","post","type-post","status-publish","format-standard","has-post-thumbnail","hentry","category-novedades","tag-alexander-coello","tag-aportes-viales","tag-charo-mendez","tag-david-figuera","tag-fundacion-seguros-caracas","tag-gonzalo-tovar","tag-jose-carvajal","tag-red-de-seguridad-vial","tag-sonia-perez","tag-uxia-paredes","tag-victor-silva"],"aioseo_notices":[],"_links":{"self":[{"href":"https:\/\/fundacionseguroscaracas.com\/index.php?rest_route=\/wp\/v2\/posts\/1878","targetHints":{"allow":["GET"]}}],"collection":[{"href":"https:\/\/fundacionseguroscaracas.com\/index.php?rest_route=\/wp\/v2\/posts"}],"about":[{"href":"https:\/\/fundacionseguroscaracas.com\/index.php?rest_route=\/wp\/v2\/types\/post"}],"author":[{"embeddable":true,"href":"https:\/\/fundacionseguroscaracas.com\/index.php?rest_route=\/wp\/v2\/users\/1"}],"replies":[{"embeddable":true,"href":"https:\/\/fundacionseguroscaracas.com\/index.php?rest_route=%2Fwp%2Fv2%2Fcomments&post=1878"}],"version-history":[{"count":0,"href":"https:\/\/fundacionseguroscaracas.com\/index.php?rest_route=\/wp\/v2\/posts\/1878\/revisions"}],"wp:featuredmedia":[{"embeddable":true,"href":"https:\/\/fundacionseguroscaracas.com\/index.php?rest_route=\/wp\/v2\/media\/1879"}],"wp:attachment":[{"href":"https:\/\/fundacionseguroscaracas.com\/index.php?rest_route=%2Fwp%2Fv2%2Fmedia&parent=1878"}],"wp:term":[{"taxonomy":"category","embeddable":true,"href":"https:\/\/fundacionseguroscaracas.com\/index.php?rest_route=%2Fwp%2Fv2%2Fcategories&post=1878"},{"taxonomy":"post_tag","embeddable":true,"href":"https:\/\/fundacionseguroscaracas.com\/index.php?rest_route=%2Fwp%2Fv2%2Ftags&post=1878"}],"curies":[{"name":"wp","href":"https:\/\/api.w.org\/{rel}","templated":true}]}}