{"id":1895,"date":"2018-04-01T19:54:41","date_gmt":"2018-04-01T19:54:41","guid":{"rendered":"http:\/\/fundacionseguroscaracas.org\/?p=1895"},"modified":"2018-04-02T20:06:27","modified_gmt":"2018-04-02T20:06:27","slug":"la-empresa-y-la-seguridad-vial","status":"publish","type":"post","link":"https:\/\/fundacionseguroscaracas.com\/?p=1895","title":{"rendered":"La empresa y la seguridad vial"},"content":{"rendered":"<p><a href=\"http:\/\/fundacionseguroscaracas.org\/wp-content\/uploads\/2017\/10\/7fae0b7dd220388ae18e883ea8891b5b-250x122.jpg\"><img loading=\"lazy\" decoding=\"async\" class=\"alignright size-medium wp-image-1837\" src=\"http:\/\/fundacionseguroscaracas.org\/wp-content\/uploads\/2017\/10\/7fae0b7dd220388ae18e883ea8891b5b-250x122-250x122.jpg\" alt=\"\" width=\"250\" height=\"122\" srcset=\"https:\/\/fundacionseguroscaracas.com\/wp-content\/uploads\/2017\/10\/7fae0b7dd220388ae18e883ea8891b5b-250x122.jpg 250w, https:\/\/fundacionseguroscaracas.com\/wp-content\/uploads\/2017\/10\/7fae0b7dd220388ae18e883ea8891b5b-250x122-125x61.jpg 125w\" sizes=\"auto, (max-width: 250px) 100vw, 250px\" \/><\/a>Desde el punto de vista de la Responsabilidad Corporativa o, como com\u00fanmente se le\u00a0llama, de la responsabilidad social empresarial (RSE), <strong>las empresas tienen una responsabilidad compartida\u00a0en materia de seguridad vial<\/strong>, como uno de los actores del sistema vial, y pueden desempe\u00f1ar una importante\u00a0labor desde la prevenci\u00f3n de riesgos laborales, la formaci\u00f3n y la concienciaci\u00f3n de sus trabajadores.<\/p>\n<p>Tambi\u00e9n pueden contribuir en la b\u00fasqueda de una movilidad m\u00e1s eficiente y sostenible, contribuyendo a\u00a0reducir el consumo energ\u00e9tico y las emisiones contaminantes, lo cual tambi\u00e9n tiene un importante impacto\u00a0sobre la salud.<!--more--><\/p>\n<p>Como se\u00f1ala la especialista en seguridad vial Amparo L\u00f3pez Antelo: \u201c<strong>La labor de las empresas a la\u00a0hora de formar y concienciar a sus profesionales sobre la importancia de llevar a cabo buenas pr\u00e1cticas\u00a0en materia de seguridad vial<\/strong> es un factor \u2018multiplicador\u2019, al extenderse a la propia familia, entorno personal\u00a0y social, favoreciendo el necesario cambio cultural preventivo\u201d.<\/p>\n<p>Desde la perspectiva de las empresas y las instituciones, son muchas las l\u00edneas de actuaci\u00f3n que pueden\u00a0seguirse con objeto de prevenir los riesgos de tr\u00e1fico en el entorno laboral.<\/p>\n<p>Dentro de la gesti\u00f3n cotidiana de las actividades de la empresa o instituci\u00f3n, pueden adelantarse iniciativas\u00a0como:<\/p>\n<p>\u2022 <strong>Elaboraci\u00f3n de mapas de rutas seguras<\/strong>, con sugerencias o definici\u00f3n de rutas para los trabajadores de\u00a0la empresa en el desempe\u00f1o de sus funciones. Dicha definici\u00f3n de rutas seguras deber\u00e1 tomar en consideraci\u00f3n\u00a0caracter\u00edsticas de las v\u00edas y puntos conflictivos, informaci\u00f3n sobre los lugares de descanso,\u00a0entre otro aspectos.<\/p>\n<p>\u2022 <strong>Gesti\u00f3n del trabajo mediante la toma en consideraci\u00f3n de la incidencia de la carga de trabajo en las\u00a0condiciones de seguridad vial de los trabajadores<\/strong>. Dentro de dicho an\u00e1lisis de la carga de trabajo deben\u00a0considerarse los tiempos de conducci\u00f3n y descanso, el estado de la circulaci\u00f3n en las v\u00edas por las cuales\u00a0se transita, los tiempos de espera entre actividades, entre otras variables.<\/p>\n<p>\u2022 <strong>Definici\u00f3n de una normativa interna de la empresa o instituci\u00f3n en materia de seguridad vial<\/strong>, incluyendo\u00a0definiciones en relaci\u00f3n con temas como, por ejemplo, el uso del tel\u00e9fono celular, la obligaci\u00f3n de\u00a0usar el cintur\u00f3n de seguridad, el uso del casco, la forma de colocaci\u00f3n y aseguramiento de la carga en\u00a0los veh\u00edculos y la configuraci\u00f3n de los sistemas de ayuda al manejo; por ejemplo, sistemas GPS. Dentro\u00a0de dicha normativa tambi\u00e9n se deber\u00edan establecer pautas sobre los modos de transporte (avi\u00f3n, tren, \u00a0bus, veh\u00edculo particular) a utilizar en los desplazamientos de trabajo, caracter\u00edsticas de los veh\u00edculos de\u00a0alquiler que la empresa arrendar\u00e1 para sus trabajadores, condiciones que justifican pernoctar fuera del\u00a0lugar de residencia, etc. Esta normativa tambi\u00e9n debe considerar las caracter\u00edsticas intr\u00ednsecas de cada\u00a0tipo de transporte (desplazamiento general en carretera, transporte de carga, transporte escolar o de\u00a0pasajeros).<\/p>\n<p>\u2022 <strong>Definici\u00f3n de criterios t\u00e9cnicos para la adquisici\u00f3n de veh\u00edculos por parte de la empresa<\/strong> (por ejemplo,\u00a0que dispongan de equipamientos como freno ABS o no, que dispongan de bolsas de aire para impactos\u00a0o no, etc.). Asimismo, deber\u00e1n definirse normas internas de mantenimiento y uso de los veh\u00edculos.<\/p>\n<p>\u2022 <strong>Fomentar medidas que limiten la necesidad de desplazamientos<\/strong>, como por ejemplo el teletrabajo.\u00a0Tambi\u00e9n se puede fomentar el uso de veh\u00edculos compartidos, transporte p\u00fablico y veh\u00edculos de transporte\u00a0privado para los trabajadores.<\/p>\n<p>\u2022 <strong>Pol\u00edticas de horario<\/strong> que permitan, por ejemplo, la posibilidad de que el trabajador adapte su horario de\u00a0entrada y salida a necesidades personales o evite los horarios de mayor conflictividad en el tr\u00e1nsito.<\/p>\n<p>Este es un extracto del trabajo <b><a href=\"http:\/\/www.cograf.com\/site\/wp-content\/uploads\/2018\/02\/Aportes-Viales_N\u00ba-2.pdf\" target=\"_blank\" rel=\"noopener\">La seguridad vial desde la perspectiva de la empresa<\/a>\u00a0<\/b>realizado por Gonzalo Tovar Ordaz, y publicado en la segunda edici\u00f3n de la revista\u00a0<a href=\"http:\/\/www.cograf.com\/site\/wp-content\/uploads\/2018\/02\/Aportes-Viales_N%C2%BA-2.pdf\" target=\"_blank\" rel=\"noopener\"><strong>Aportes viales de la Fundaci\u00f3n Seguros Caracas<\/strong><\/a>.<\/p>\n","protected":false},"excerpt":{"rendered":"<p>Desde el punto de vista de la Responsabilidad Corporativa o, como com\u00fanmente se le\u00a0llama, de la responsabilidad social empresarial (RSE), las empresas tienen una responsabilidad compartida\u00a0en materia de seguridad vial, como uno de los actores del sistema vial, y pueden desempe\u00f1ar una importante\u00a0labor desde la prevenci\u00f3n de riesgos laborales, la formaci\u00f3n y la concienciaci\u00f3n de [&hellip;]<\/p>\n","protected":false},"author":1,"featured_media":0,"comment_status":"open","ping_status":"open","sticky":false,"template":"","format":"standard","meta":{"_monsterinsights_skip_tracking":false,"_monsterinsights_sitenote_active":false,"_monsterinsights_sitenote_note":"","_monsterinsights_sitenote_category":0,"footnotes":""},"categories":[6],"tags":[51,183,11,184,185,12],"class_list":["post-1895","post","type-post","status-publish","format-standard","hentry","category-novedades","tag-accidentes-viales","tag-asociaciones-de-victimas","tag-fundacion-seguros-caracas","tag-gonzalo-tovar-ordaz","tag-responsabilidad-social-empresarial","tag-seguridad-vial"],"aioseo_notices":[],"_links":{"self":[{"href":"https:\/\/fundacionseguroscaracas.com\/index.php?rest_route=\/wp\/v2\/posts\/1895","targetHints":{"allow":["GET"]}}],"collection":[{"href":"https:\/\/fundacionseguroscaracas.com\/index.php?rest_route=\/wp\/v2\/posts"}],"about":[{"href":"https:\/\/fundacionseguroscaracas.com\/index.php?rest_route=\/wp\/v2\/types\/post"}],"author":[{"embeddable":true,"href":"https:\/\/fundacionseguroscaracas.com\/index.php?rest_route=\/wp\/v2\/users\/1"}],"replies":[{"embeddable":true,"href":"https:\/\/fundacionseguroscaracas.com\/index.php?rest_route=%2Fwp%2Fv2%2Fcomments&post=1895"}],"version-history":[{"count":0,"href":"https:\/\/fundacionseguroscaracas.com\/index.php?rest_route=\/wp\/v2\/posts\/1895\/revisions"}],"wp:attachment":[{"href":"https:\/\/fundacionseguroscaracas.com\/index.php?rest_route=%2Fwp%2Fv2%2Fmedia&parent=1895"}],"wp:term":[{"taxonomy":"category","embeddable":true,"href":"https:\/\/fundacionseguroscaracas.com\/index.php?rest_route=%2Fwp%2Fv2%2Fcategories&post=1895"},{"taxonomy":"post_tag","embeddable":true,"href":"https:\/\/fundacionseguroscaracas.com\/index.php?rest_route=%2Fwp%2Fv2%2Ftags&post=1895"}],"curies":[{"name":"wp","href":"https:\/\/api.w.org\/{rel}","templated":true}]}}