{"id":1905,"date":"2018-04-28T20:34:34","date_gmt":"2018-04-28T20:34:34","guid":{"rendered":"http:\/\/fundacionseguroscaracas.org\/?p=1905"},"modified":"2018-05-04T20:35:58","modified_gmt":"2018-05-04T20:35:58","slug":"quienes-son-los-usuarios-vulnerables-del-transito","status":"publish","type":"post","link":"https:\/\/fundacionseguroscaracas.com\/?p=1905","title":{"rendered":"\u00bfQui\u00e9nes son los usuarios vulnerables del tr\u00e1nsito?"},"content":{"rendered":"<p><strong><a href=\"http:\/\/fundacionseguroscaracas.org\/wp-content\/uploads\/2018\/05\/Captura-de-pantalla-2018-03-27-a-las-10.53.42-a.m.-250x142.png\"><img loading=\"lazy\" decoding=\"async\" class=\"alignright size-medium wp-image-1906\" src=\"http:\/\/fundacionseguroscaracas.org\/wp-content\/uploads\/2018\/05\/Captura-de-pantalla-2018-03-27-a-las-10.53.42-a.m.-250x142-250x142.png\" alt=\"\" width=\"250\" height=\"142\" srcset=\"https:\/\/fundacionseguroscaracas.com\/wp-content\/uploads\/2018\/05\/Captura-de-pantalla-2018-03-27-a-las-10.53.42-a.m.-250x142.png 250w, https:\/\/fundacionseguroscaracas.com\/wp-content\/uploads\/2018\/05\/Captura-de-pantalla-2018-03-27-a-las-10.53.42-a.m.-250x142-125x71.png 125w\" sizes=\"auto, (max-width: 250px) 100vw, 250px\" \/><\/a>Los usuarios vulnerables suelen ser los m\u00e1s afectados por la\u00a0siniestralidad vial, con importantes consecuencias tanto f\u00edsicas como econ\u00f3micas y sociales.<\/strong>\u00a0Reconocer la situaci\u00f3n de estos usuarios para su inclusi\u00f3n en pol\u00edticas p\u00fablicas y acciones, adem\u00e1s de resguardar su\u00a0vida, debe considerar tambi\u00e9n mejorar la situaci\u00f3n del tr\u00e1nsito bajo un enfoque integral, donde se incluya\u00a0a todos los usuarios para que puedan hacer uso de las v\u00edas de forma segura y armoniosa.<!--more--><\/p>\n<p><strong>Este conjunto\u00a0social de usuarios, adem\u00e1s, tiene una serie de caracter\u00edsticas diferenciales que se describir\u00e1n brevemente,\u00a0para su inclusi\u00f3n bajo un enfoque sist\u00e9mico<\/strong>, como a continuaci\u00f3n se rese\u00f1a:<span id=\"more-3906\"><\/span><\/p>\n<p>1.\u00a0<strong>Peatones:<\/strong>\u00a0son los principales usuarios del espacio p\u00fablico y suelen ser los m\u00e1s fr\u00e1giles en relaci\u00f3n con\u00a0otros, como conductores de autom\u00f3viles de cuatro y dos ruedas (autos, motos y veh\u00edculos de transporte\u00a0colectivo y carga). Como lo se\u00f1ala la DGT y el Observatorio Nacional de Seguridad Vial \u201c\u2026 El grado de\u00a0vulnerabilidad depende de su condici\u00f3n f\u00edsica y de sus pautas y h\u00e1bitos de comportamiento a la hora de\u00a0desplazarse por la calle\u201d.\u00a0<strong>Este segmento social incluye tanto a personas de la tercera edad o con movilidad\u00a0reducida como a personas con discapacidad, pero tambi\u00e9n a aquellas tales como los peatones con\u00a0plenas capacidades,<\/strong>\u00a0cuyo comportamiento inapropiado viola normas para la seguridad vial y los coloca\u00a0en situaci\u00f3n de peligro en las v\u00edas.<\/p>\n<p><strong>2. Ni\u00f1os, ni\u00f1as e infantes:<\/strong>\u00a0suelen ser vulnerables por varias razones: a)\u00a0<strong>su actitud ante el tr\u00e1nsito tiende\u00a0a ser m\u00e1s descuidada<\/strong>, lo que implica disminuci\u00f3n de la percepci\u00f3n de peligro, dado que \u201c\u2026 su visi\u00f3n\u00a0y nivel de audici\u00f3n tampoco est\u00e1n desarrollados completamente por lo que su percepci\u00f3n del espacio\u00a0p\u00fablico y de los veh\u00edculos a motor que circulan es distinta a la de los adultos\u201d; b) su estatura m\u00e1s baja\u00a0y actitud imprevisible (sobre todo cuando est\u00e1n en grupo) hace que sean poco visibles y sorpresivos\u00a0para los conductores de autom\u00f3viles; y c) su seguridad depende de terceros, como madres, padres y\u00a0representantes que velen por ellos (mediante, por ejemplo, el uso de sillas de retenci\u00f3n infantil, el uso\u00a0de cinturones de seguridad y evitando sentar a los menores en los asientos del copiloto o en motos).<\/p>\n<p><strong>3. Personas de la tercera edad:<\/strong>\u00a0por sus diversas limitaciones f\u00edsicas o cognitivas. Tambi\u00e9n el consumo\u00a0de ciertos medicamentos o actitudes imprevistas, propias de la senilidad, como imprudencia o poca\u00a0atenci\u00f3n a las normas del tr\u00e1nsito, hacen de este grupo de usuarios del tr\u00e1nsito individuos vulnerables.<\/p>\n<p><strong>4. Personas con discapacidad:<\/strong>\u00a0por sus limitaciones de diversa \u00edndole (motrices, auditivas, visuales y\u00a0mentales), necesitan una mejor infraestructura vial, as\u00ed como se\u00f1alizaciones y veh\u00edculos que les permitan\u00a0circular con seguridad y comodidad. Incluso las personas de la tercera edad pueden ser parte de\u00a0este grupo si presentaran alg\u00fan tipo de dificultad para transitar libremente. Como lo se\u00f1alan la DGT y el\u00a0Observatorio Nacional de Seguridad Vial, respecto de las personas con discapacidad: \u201c\u2026 se ven afectados\u00a0por su baja altura cuando se desplazan en sillas de ruedas y por sus movimientos m\u00e1s lentos.\u00a0<strong>Numerosas personas con movilidad reducida son, adem\u00e1s, personas mayores, lo que las convierte en\u00a0un subgrupo con un grado de vulnerabilidad todav\u00eda mayor\u201d<\/strong>.<\/p>\n<p><strong>5. Pasajeros de todo tipo:<\/strong>\u00a0se incluye en esta categor\u00eda a aquellos pasajeros de transporte colectivo, as\u00ed\u00a0como copilotos y otros pasajeros de veh\u00edculos de cuatro y dos ruedas, cuya\u00a0<strong>vulnerabilidad radica en que\u00a0su seguridad como usuarios no depende de ellos mismos<\/strong>, sino de otras personas que deber\u00edan prever\u00a0los riesgos que implica la circulaci\u00f3n en las v\u00edas.<\/p>\n<p><strong>6. Motociclistas:<\/strong>\u00a0grupo que comparte la circulaci\u00f3n y hace uso de las mismas v\u00edas con otros conductores\u00a0de veh\u00edculos automotores de mayor tama\u00f1o y masa, lo que aumenta su vulnerabilidad f\u00edsica en un\u00a0siniestro vial.\u00a0<strong>Es un grupo particularmente riesgoso en nuestro pa\u00eds, por su comportamiento imprudente \u00a0e irrespeto a las normas<\/strong>\u00a0(no uso y\/o sujeci\u00f3n inadecuada del casco protector, maniobras indebidas o\u00a0irrespeto a sem\u00e1foros y rayados peatonales), lo que los convierte en v\u00edctimas que aumentan las cifras\u00a0de fallecidos y lesionados del tr\u00e1nsito.<\/p>\n<p><strong>7. Ciclistas:<\/strong>\u00a0vulnerables, como los motociclistas, al no circular por los canales o ciclorrutas reglamentarios\u00a0que permitir\u00edan advertir su presencia a otros conductores de veh\u00edculos; y al no usar casco protector u otros implementos de seguridad.\u00a0<strong>Su menor masa y velocidad de circulaci\u00f3n\u00a0inciden en su fragilidad f\u00edsica en caso de accidentes.<\/strong><\/p>\n<p>Con informaci\u00f3n de\u00a0<b>Seguridad vial para los\u00a0usuarios vulnerables\u00a0<\/b>realizado por Uxia Paredes, y publicado en\u00a0segunda edici\u00f3n de la revista\u00a0<strong>Aportes viales de la Fundaci\u00f3n Seguros Caracas<\/strong>, con lo cual se ratifica su\u00a0compromiso\u00a0con la\u00a0<strong>seguridad vial<\/strong>\u00a0en Venezuela.<\/p>\n","protected":false},"excerpt":{"rendered":"<p>Los usuarios vulnerables suelen ser los m\u00e1s afectados por la\u00a0siniestralidad vial, con importantes consecuencias tanto f\u00edsicas como econ\u00f3micas y sociales.\u00a0Reconocer la situaci\u00f3n de estos usuarios para su inclusi\u00f3n en pol\u00edticas p\u00fablicas y acciones, adem\u00e1s de resguardar su\u00a0vida, debe considerar tambi\u00e9n mejorar la situaci\u00f3n del tr\u00e1nsito bajo un enfoque integral, donde se incluya\u00a0a todos los usuarios [&hellip;]<\/p>\n","protected":false},"author":1,"featured_media":0,"comment_status":"open","ping_status":"open","sticky":false,"template":"","format":"standard","meta":{"_monsterinsights_skip_tracking":false,"_monsterinsights_sitenote_active":false,"_monsterinsights_sitenote_note":"","_monsterinsights_sitenote_category":0,"footnotes":""},"categories":[6],"tags":[170,181,182,11,180,189],"class_list":["post-1905","post","type-post","status-publish","format-standard","hentry","category-novedades","tag-aportes-viales","tag-bicicleta","tag-colision","tag-fundacion-seguros-caracas","tag-seguridad-vial-venezuela","tag-usuarios-vulnerables"],"aioseo_notices":[],"_links":{"self":[{"href":"https:\/\/fundacionseguroscaracas.com\/index.php?rest_route=\/wp\/v2\/posts\/1905","targetHints":{"allow":["GET"]}}],"collection":[{"href":"https:\/\/fundacionseguroscaracas.com\/index.php?rest_route=\/wp\/v2\/posts"}],"about":[{"href":"https:\/\/fundacionseguroscaracas.com\/index.php?rest_route=\/wp\/v2\/types\/post"}],"author":[{"embeddable":true,"href":"https:\/\/fundacionseguroscaracas.com\/index.php?rest_route=\/wp\/v2\/users\/1"}],"replies":[{"embeddable":true,"href":"https:\/\/fundacionseguroscaracas.com\/index.php?rest_route=%2Fwp%2Fv2%2Fcomments&post=1905"}],"version-history":[{"count":0,"href":"https:\/\/fundacionseguroscaracas.com\/index.php?rest_route=\/wp\/v2\/posts\/1905\/revisions"}],"wp:attachment":[{"href":"https:\/\/fundacionseguroscaracas.com\/index.php?rest_route=%2Fwp%2Fv2%2Fmedia&parent=1905"}],"wp:term":[{"taxonomy":"category","embeddable":true,"href":"https:\/\/fundacionseguroscaracas.com\/index.php?rest_route=%2Fwp%2Fv2%2Fcategories&post=1905"},{"taxonomy":"post_tag","embeddable":true,"href":"https:\/\/fundacionseguroscaracas.com\/index.php?rest_route=%2Fwp%2Fv2%2Ftags&post=1905"}],"curies":[{"name":"wp","href":"https:\/\/api.w.org\/{rel}","templated":true}]}}