{"id":419,"date":"2013-02-18T19:38:05","date_gmt":"2013-02-18T19:38:05","guid":{"rendered":"http:\/\/fundacionseguroscaracas.org\/?p=419"},"modified":"2013-03-21T15:48:05","modified_gmt":"2013-03-21T15:48:05","slug":"redes-por-la-seguridad-vial","status":"publish","type":"post","link":"https:\/\/fundacionseguroscaracas.com\/?p=419","title":{"rendered":"Redes por la seguridad vial"},"content":{"rendered":"<p><a href=\"http:\/\/fundacionseguroscaracas.org\/wp-content\/uploads\/2013\/02\/SeguridadVialEncuentro.jpg\"><img loading=\"lazy\" decoding=\"async\" class=\"alignright size-full wp-image-420\" title=\"SeguridadVialEncuentro\" src=\"http:\/\/fundacionseguroscaracas.org\/wp-content\/uploads\/2013\/02\/SeguridadVialEncuentro.jpg\" alt=\"\" width=\"314\" height=\"177\" srcset=\"https:\/\/fundacionseguroscaracas.com\/wp-content\/uploads\/2013\/02\/SeguridadVialEncuentro.jpg 314w, https:\/\/fundacionseguroscaracas.com\/wp-content\/uploads\/2013\/02\/SeguridadVialEncuentro-250x140.jpg 250w, https:\/\/fundacionseguroscaracas.com\/wp-content\/uploads\/2013\/02\/SeguridadVialEncuentro-125x70.jpg 125w\" sizes=\"auto, (max-width: 314px) 100vw, 314px\" \/><\/a>Caracas ser\u00e1, nuevamente, la capital venezolana de la seguridad vial los d\u00edas 5 y 6 de abril. Por la realizaci\u00f3n de un segundo encuentro con el que se aspira a estimular la creaci\u00f3n de redes para articular la actuaci\u00f3n e influencia de decenas de asociaciones civiles, medios de comunicaci\u00f3n, instituciones, empresas y organizaciones comunitarias de todo el pa\u00eds. Las juntas de condominio con experiencias e inquietudes sobre el tema, ser\u00e1n invitadas especiales. Veamos:<!--more--><\/p>\n<p>1. El II Encuentro Nacional de Organizaciones Comunitarias por la Seguridad Vial, promovido por la Fundaci\u00f3n Seguros Caracas y organizado por la Escuela de Ciudadanos, contar\u00e1 con invitados de toda Venezuela, cada uno presentando una experiencia realizada a partir del I Encuentro, que fue en Caracas en el a\u00f1o 2011 y en el que se suscribi\u00f3 el denominado Compromiso de Caracas, con una agenda de propuestas e iniciativas.<\/p>\n<p>2. Nuevamente, organizaciones como la Red de Madres, Padres y Representantes, la Agencia Comunidad &amp; Comunicaci\u00f3n, la Fundaci\u00f3n Venezolana para la Medicina Familiar y Mi Condominio.com ser\u00e1n parte del comit\u00e9 organizador. Asociaciones que deseen sumarse, pueden enviar sus datos.<\/p>\n<p>3. Las din\u00e1micas y espacios del II Encuentro tendr\u00e1n como finalidad la creaci\u00f3n de redes que permitan potenciar el esfuerzo de cada comunicador social o locutor, de cada asociaci\u00f3n civil especializada en seguridad vial o de cada organizaci\u00f3n comunitaria, como sociedad de padres y representantes, condominio o consejo comunal. La opci\u00f3n de redes, m\u00e1s que una federaci\u00f3n o mega\u2212asociaci\u00f3n permite que cada ente componente mantenga su perfil y planes, pero articulado con los dem\u00e1s.<\/p>\n<p>4. Especialmente se ofrecer\u00e1, como servicio fundamental de las redes, a las asociaciones de los diferentes estados que puedan contar con un espacio f\u00edsico para sus actividades y gestiones en Caracas y que tengan a su alcance los recursos audiovisuales, la radio y le televisi\u00f3n por Internet y las redes sociales para proyectar su mensaje y apuntalar su actuaci\u00f3n regional.<\/p>\n<p>5. La producci\u00f3n de una agenda conjunta para los pr\u00f3ximos dos a\u00f1os (en el marco del decenio de la seguridad vial), que permita que fechas como el d\u00eda mundial para la promoci\u00f3n del uso del cintur\u00f3n de seguridad, por ejemplo, tengan mayor impacto y profundidad en sus consecuencias, es otra de las metas del II Encuentro.<\/p>\n<p>6.En el II Encuentro ser\u00e1 considerado que la experiencia de Radio Comunidad evolucione hacia tener un \u00e9nfasis en temas de educaci\u00f3n ciudadana y convivencia, con especial presencia de programas y micros producidos por las asociaciones civiles especializadas y al servicio de las emisoras institucionales y comerciales del pa\u00eds en materia de seguridad vial.<\/p>\n<p>7. Culminar\u00e1 esta reuni\u00f3n con la entrega de una serie de reconocimientos a empresas, asociaciones civiles, comunicadores e instituciones como est\u00edmulo por su compromiso y logros. \u00bfQuiere postular usted una experiencia o instituci\u00f3n?<\/p>\n<p>8. Es previsible que se produzca un nuevo documento, al igual que el denominado Compromiso de Caracas resultante del primer encuentro. Contentivo de los acuerdos y resultados.<\/p>\n<p>9. La fecha, tem\u00e1tica y caracter\u00edsticas del previsible, para 2015, tercer encuentro ser\u00e1n definidas por los participantes. As\u00ed como la posibilidad de un evento especial para abordar la organizaci\u00f3n de v\u00edctimas y familiares de v\u00edctimas de accidentes de tr\u00e1nsito y las experiencias internacionales que puedan nutrir a las iniciativas venezolanas.<\/p>\n<p>10. El grupo de asociaciones convocantes del II Encuentro invita a que toda asociaci\u00f3n, empresa, universidad o ente que haya desarrollado una experiencia en seguridad vial pueda participar y luego formar parte de las redes por conformarse.<\/p>\n<p><em>Art\u00edculo de El\u00edas Santana.<\/em><\/p>\n","protected":false},"excerpt":{"rendered":"<p>Caracas ser\u00e1, nuevamente, la capital venezolana de la seguridad vial los d\u00edas 5 y 6 de abril. Por la realizaci\u00f3n de un segundo encuentro con el que se aspira a estimular la creaci\u00f3n de redes para articular la actuaci\u00f3n e influencia de decenas de asociaciones civiles, medios de comunicaci\u00f3n, instituciones, empresas y organizaciones comunitarias de [&hellip;]<\/p>\n","protected":false},"author":3,"featured_media":0,"comment_status":"open","ping_status":"open","sticky":false,"template":"","format":"standard","meta":{"_monsterinsights_skip_tracking":false,"_monsterinsights_sitenote_active":false,"_monsterinsights_sitenote_note":"","_monsterinsights_sitenote_category":0,"footnotes":""},"categories":[6],"tags":[14,15,11,16,12],"class_list":["post-419","post","type-post","status-publish","format-standard","hentry","category-novedades","tag-caracas","tag-escuela-de-ciudadanos","tag-fundacion-seguros-caracas","tag-ii-encuentro-nacional-de-organizaciones-comunitarias-por-la-seguridad-vial","tag-seguridad-vial"],"aioseo_notices":[],"_links":{"self":[{"href":"https:\/\/fundacionseguroscaracas.com\/index.php?rest_route=\/wp\/v2\/posts\/419","targetHints":{"allow":["GET"]}}],"collection":[{"href":"https:\/\/fundacionseguroscaracas.com\/index.php?rest_route=\/wp\/v2\/posts"}],"about":[{"href":"https:\/\/fundacionseguroscaracas.com\/index.php?rest_route=\/wp\/v2\/types\/post"}],"author":[{"embeddable":true,"href":"https:\/\/fundacionseguroscaracas.com\/index.php?rest_route=\/wp\/v2\/users\/3"}],"replies":[{"embeddable":true,"href":"https:\/\/fundacionseguroscaracas.com\/index.php?rest_route=%2Fwp%2Fv2%2Fcomments&post=419"}],"version-history":[{"count":3,"href":"https:\/\/fundacionseguroscaracas.com\/index.php?rest_route=\/wp\/v2\/posts\/419\/revisions"}],"predecessor-version":[{"id":441,"href":"https:\/\/fundacionseguroscaracas.com\/index.php?rest_route=\/wp\/v2\/posts\/419\/revisions\/441"}],"wp:attachment":[{"href":"https:\/\/fundacionseguroscaracas.com\/index.php?rest_route=%2Fwp%2Fv2%2Fmedia&parent=419"}],"wp:term":[{"taxonomy":"category","embeddable":true,"href":"https:\/\/fundacionseguroscaracas.com\/index.php?rest_route=%2Fwp%2Fv2%2Fcategories&post=419"},{"taxonomy":"post_tag","embeddable":true,"href":"https:\/\/fundacionseguroscaracas.com\/index.php?rest_route=%2Fwp%2Fv2%2Ftags&post=419"}],"curies":[{"name":"wp","href":"https:\/\/api.w.org\/{rel}","templated":true}]}}