{"id":471,"date":"2013-04-25T14:04:54","date_gmt":"2013-04-25T14:04:54","guid":{"rendered":"http:\/\/fundacionseguroscaracas.org\/?p=471"},"modified":"2013-04-29T14:17:54","modified_gmt":"2013-04-29T14:17:54","slug":"salon-de-fotografia-sobre-seguridad-vial-en-valencia","status":"publish","type":"post","link":"https:\/\/fundacionseguroscaracas.com\/?p=471","title":{"rendered":"\u201cSal\u00f3n de Fotograf\u00eda sobre Seguridad Vial\u201d en Valencia"},"content":{"rendered":"<p><a href=\"http:\/\/fundacionseguroscaracas.org\/wp-content\/uploads\/2013\/04\/SalondeFotografia.jpg\"><img loading=\"lazy\" decoding=\"async\" class=\"alignright size-medium wp-image-472\" title=\"SalondeFotografia\" src=\"http:\/\/fundacionseguroscaracas.org\/wp-content\/uploads\/2013\/04\/SalondeFotografia-250x104.jpg\" alt=\"\" width=\"250\" height=\"104\" srcset=\"https:\/\/fundacionseguroscaracas.com\/wp-content\/uploads\/2013\/04\/SalondeFotografia-250x104.jpg 250w, https:\/\/fundacionseguroscaracas.com\/wp-content\/uploads\/2013\/04\/SalondeFotografia-125x52.jpg 125w, https:\/\/fundacionseguroscaracas.com\/wp-content\/uploads\/2013\/04\/SalondeFotografia.jpg 314w\" sizes=\"auto, (max-width: 250px) 100vw, 250px\" \/><\/a>A partir de este domingo 28 de abril, a las 11 am, la ciudad de Valencia se suma a las ciudades venezolanas que han abierto sus puertas para recibir el \u201cSal\u00f3n de Fotograf\u00eda sobre Seguridad Vial\u201d de la Fundaci\u00f3n Seguros Caracas.<!--more--><\/p>\n<p>En esta oportunidad, la Galer\u00eda Universitaria Braulio Salazar cede sus espacios a esta particular exposici\u00f3n que muestra las 30 im\u00e1genes finalistas del Concurso \u201cSal\u00f3n de Fotograf\u00eda sobre Seguridad Vial Fundaci\u00f3n Seguros Caracas\u201d, el cual se realiz\u00f3 el a\u00f1o pasado y que dio el inicio del banco de im\u00e1genes que forman parte de la labor educativa y de concientizaci\u00f3n ciudadana que en materia de prevenci\u00f3n de accidentes viales ejecuta la Fundaci\u00f3n.<\/p>\n<p>El \u201cSal\u00f3n de Fotograf\u00eda sobre Seguridad Vial\u201d podr\u00e1 ser visitado en la sede de la Galer\u00eda Universitaria Braulio Salazar, ubicada en la Av. Andr\u00e9s Eloy \u00a0Blanco, Parq. Universitario Fabi\u00e1n de Jes\u00fas D\u00edaz, Prebo, Valencia.<\/p>\n<p><a href=\"http:\/\/fundacionseguroscaracas.org\/wp-content\/uploads\/2013\/04\/Invitaci\u00f3n-Valencia.jpg\"><img loading=\"lazy\" decoding=\"async\" class=\"aligncenter size-full wp-image-473\" title=\"Invitaci\u00f3n Valencia\" src=\"http:\/\/fundacionseguroscaracas.org\/wp-content\/uploads\/2013\/04\/Invitaci\u00f3n-Valencia.jpg\" alt=\"\" width=\"640\" height=\"480\" srcset=\"https:\/\/fundacionseguroscaracas.com\/wp-content\/uploads\/2013\/04\/Invitaci\u00f3n-Valencia.jpg 640w, https:\/\/fundacionseguroscaracas.com\/wp-content\/uploads\/2013\/04\/Invitaci\u00f3n-Valencia-250x187.jpg 250w, https:\/\/fundacionseguroscaracas.com\/wp-content\/uploads\/2013\/04\/Invitaci\u00f3n-Valencia-125x93.jpg 125w, https:\/\/fundacionseguroscaracas.com\/wp-content\/uploads\/2013\/04\/Invitaci\u00f3n-Valencia-638x480.jpg 638w\" sizes=\"auto, (max-width: 640px) 100vw, 640px\" \/><\/a><\/p>\n","protected":false},"excerpt":{"rendered":"<p>A partir de este domingo 28 de abril, a las 11 am, la ciudad de Valencia se suma a las ciudades venezolanas que han abierto sus puertas para recibir el \u201cSal\u00f3n de Fotograf\u00eda sobre Seguridad Vial\u201d de la Fundaci\u00f3n Seguros Caracas.<\/p>\n","protected":false},"author":3,"featured_media":0,"comment_status":"open","ping_status":"open","sticky":false,"template":"","format":"standard","meta":{"_monsterinsights_skip_tracking":false,"_monsterinsights_sitenote_active":false,"_monsterinsights_sitenote_note":"","_monsterinsights_sitenote_category":0,"footnotes":""},"categories":[6],"tags":[11,12,22],"class_list":["post-471","post","type-post","status-publish","format-standard","hentry","category-novedades","tag-fundacion-seguros-caracas","tag-seguridad-vial","tag-valencia"],"aioseo_notices":[],"_links":{"self":[{"href":"https:\/\/fundacionseguroscaracas.com\/index.php?rest_route=\/wp\/v2\/posts\/471","targetHints":{"allow":["GET"]}}],"collection":[{"href":"https:\/\/fundacionseguroscaracas.com\/index.php?rest_route=\/wp\/v2\/posts"}],"about":[{"href":"https:\/\/fundacionseguroscaracas.com\/index.php?rest_route=\/wp\/v2\/types\/post"}],"author":[{"embeddable":true,"href":"https:\/\/fundacionseguroscaracas.com\/index.php?rest_route=\/wp\/v2\/users\/3"}],"replies":[{"embeddable":true,"href":"https:\/\/fundacionseguroscaracas.com\/index.php?rest_route=%2Fwp%2Fv2%2Fcomments&post=471"}],"version-history":[{"count":3,"href":"https:\/\/fundacionseguroscaracas.com\/index.php?rest_route=\/wp\/v2\/posts\/471\/revisions"}],"predecessor-version":[{"id":476,"href":"https:\/\/fundacionseguroscaracas.com\/index.php?rest_route=\/wp\/v2\/posts\/471\/revisions\/476"}],"wp:attachment":[{"href":"https:\/\/fundacionseguroscaracas.com\/index.php?rest_route=%2Fwp%2Fv2%2Fmedia&parent=471"}],"wp:term":[{"taxonomy":"category","embeddable":true,"href":"https:\/\/fundacionseguroscaracas.com\/index.php?rest_route=%2Fwp%2Fv2%2Fcategories&post=471"},{"taxonomy":"post_tag","embeddable":true,"href":"https:\/\/fundacionseguroscaracas.com\/index.php?rest_route=%2Fwp%2Fv2%2Ftags&post=471"}],"curies":[{"name":"wp","href":"https:\/\/api.w.org\/{rel}","templated":true}]}}