{"id":496,"date":"2013-05-08T05:15:47","date_gmt":"2013-05-08T05:15:47","guid":{"rendered":"http:\/\/fundacionseguroscaracas.org\/?p=496"},"modified":"2013-05-10T06:01:00","modified_gmt":"2013-05-10T06:01:00","slug":"tweets-por-la-seguridad-peatonal","status":"publish","type":"post","link":"https:\/\/fundacionseguroscaracas.com\/?p=496","title":{"rendered":"Tweets por la seguridad peatonal"},"content":{"rendered":"<p><a href=\"http:\/\/fundacionseguroscaracas.org\/wp-content\/uploads\/2013\/05\/Peat\u00f3nGrama.jpg\"><img loading=\"lazy\" decoding=\"async\" class=\"alignright size-medium wp-image-498\" title=\"Peat\u00f3nGrama\" src=\"http:\/\/fundacionseguroscaracas.org\/wp-content\/uploads\/2013\/05\/Peat\u00f3nGrama-250x250.jpg\" alt=\"\" width=\"250\" height=\"250\" srcset=\"https:\/\/fundacionseguroscaracas.com\/wp-content\/uploads\/2013\/05\/Peat\u00f3nGrama-250x250.jpg 250w, https:\/\/fundacionseguroscaracas.com\/wp-content\/uploads\/2013\/05\/Peat\u00f3nGrama-150x150.jpg 150w, https:\/\/fundacionseguroscaracas.com\/wp-content\/uploads\/2013\/05\/Peat\u00f3nGrama-125x125.jpg 125w, https:\/\/fundacionseguroscaracas.com\/wp-content\/uploads\/2013\/05\/Peat\u00f3nGrama-80x80.jpg 80w, https:\/\/fundacionseguroscaracas.com\/wp-content\/uploads\/2013\/05\/Peat\u00f3nGrama-90x90.jpg 90w, https:\/\/fundacionseguroscaracas.com\/wp-content\/uploads\/2013\/05\/Peat\u00f3nGrama-48x48.jpg 48w, https:\/\/fundacionseguroscaracas.com\/wp-content\/uploads\/2013\/05\/Peat\u00f3nGrama.jpg 336w\" sizes=\"auto, (max-width: 250px) 100vw, 250px\" \/><\/a>Este viernes, 10 de mayo, se estar\u00e1 realizando la actividad \u00abTweetUp de Seguridad Vial\u201d, en el marco de la Segunda Semana Mundial de las Naciones Unidad para la Seguridad Vial, que en esta edici\u00f3n tiene como tema central la seguridad de los peatones.<\/p>\n<p>La Organizaci\u00f3n Llamado a la Conciencia te invita a participar en este evento virtual, en la cual todas las personas que posean una cuenta de Twitter podr\u00e1n escribir, durante todo el d\u00eda, tweets referentes a la seguridad peatonal utilizando la etiqueta #PEATONES o #WALKSAFE.<!--more--><\/p>\n<p>Esta actividad cuenta con la colaboraci\u00f3n de expertos nacionales e internacionales, quienes estar\u00e1n a tu disposici\u00f3n a trav\u00e9s de las cuentas:<\/p>\n<p>@llamadovial (Venezuela)<\/p>\n<p>@Piratilla36 (Espa\u00f1a)<\/p>\n<p>@DuccoFormaci\u00f3n (Espa\u00f1a)<\/p>\n<p>@Axellolio (Argentina)<\/p>\n<p>@Ciesvial (Venezuela)<\/p>\n<p><span style=\"text-decoration: line-through;\">@<\/span>ServicioVialFM\u00a0(Venezuela)<\/p>\n<p>@seguridadvialvz\u00a0(Venezuela)<\/p>\n<p>@IPAautoescuela (M\u00e9xico)<\/p>\n<p>Podr\u00e1s hacer preguntas; interactuar con las autoridades\u00a0de tu localidad e informarles de situaciones de riesgo para peatones en el sector donde vives o trabajas, presentarles proyectos e ideas; colgar fotos, videos, enlaces\u00a0con informaci\u00f3n sobre el tema; o, simplemente twittear sobre las conductas de los peatones en la v\u00eda.<\/p>\n<p>\u201cEste evento servir\u00e1 como antesala a otro TweepUp, a realizarse el 15 de noviembre de este a\u00f1o, el cual formara parte de las actividades para conmemorar el D\u00eda Internacional de las V\u00edctimas del Tr\u00e1nsito, que se realiza el tercer domingo del mes de noviembre de cada a\u00f1o\u201d, adelant\u00f3 Mayerling Vera, representante de Llamado a la Conciencia.<\/p>\n<p><a href=\"http:\/\/fundacionseguroscaracas.org\/wp-content\/uploads\/2013\/05\/III-tweetup.jpg\"><img loading=\"lazy\" decoding=\"async\" class=\"aligncenter size-full wp-image-499\" title=\"III-tweetup\" src=\"http:\/\/fundacionseguroscaracas.org\/wp-content\/uploads\/2013\/05\/III-tweetup.jpg\" alt=\"\" width=\"433\" height=\"800\" srcset=\"https:\/\/fundacionseguroscaracas.com\/wp-content\/uploads\/2013\/05\/III-tweetup.jpg 433w, https:\/\/fundacionseguroscaracas.com\/wp-content\/uploads\/2013\/05\/III-tweetup-250x461.jpg 250w, https:\/\/fundacionseguroscaracas.com\/wp-content\/uploads\/2013\/05\/III-tweetup-125x230.jpg 125w\" sizes=\"auto, (max-width: 433px) 100vw, 433px\" \/><\/a><\/p>\n","protected":false},"excerpt":{"rendered":"<p>Este viernes, 10 de mayo, se estar\u00e1 realizando la actividad \u00abTweetUp de Seguridad Vial\u201d, en el marco de la Segunda Semana Mundial de las Naciones Unidad para la Seguridad Vial, que en esta edici\u00f3n tiene como tema central la seguridad de los peatones. La Organizaci\u00f3n Llamado a la Conciencia te invita a participar en este [&hellip;]<\/p>\n","protected":false},"author":3,"featured_media":0,"comment_status":"open","ping_status":"open","sticky":false,"template":"","format":"standard","meta":{"_monsterinsights_skip_tracking":false,"_monsterinsights_sitenote_active":false,"_monsterinsights_sitenote_note":"","_monsterinsights_sitenote_category":0,"footnotes":""},"categories":[6],"tags":[25,26,12],"class_list":["post-496","post","type-post","status-publish","format-standard","hentry","category-novedades","tag-peatones","tag-walksafe","tag-seguridad-vial"],"aioseo_notices":[],"_links":{"self":[{"href":"https:\/\/fundacionseguroscaracas.com\/index.php?rest_route=\/wp\/v2\/posts\/496","targetHints":{"allow":["GET"]}}],"collection":[{"href":"https:\/\/fundacionseguroscaracas.com\/index.php?rest_route=\/wp\/v2\/posts"}],"about":[{"href":"https:\/\/fundacionseguroscaracas.com\/index.php?rest_route=\/wp\/v2\/types\/post"}],"author":[{"embeddable":true,"href":"https:\/\/fundacionseguroscaracas.com\/index.php?rest_route=\/wp\/v2\/users\/3"}],"replies":[{"embeddable":true,"href":"https:\/\/fundacionseguroscaracas.com\/index.php?rest_route=%2Fwp%2Fv2%2Fcomments&post=496"}],"version-history":[{"count":8,"href":"https:\/\/fundacionseguroscaracas.com\/index.php?rest_route=\/wp\/v2\/posts\/496\/revisions"}],"predecessor-version":[{"id":504,"href":"https:\/\/fundacionseguroscaracas.com\/index.php?rest_route=\/wp\/v2\/posts\/496\/revisions\/504"}],"wp:attachment":[{"href":"https:\/\/fundacionseguroscaracas.com\/index.php?rest_route=%2Fwp%2Fv2%2Fmedia&parent=496"}],"wp:term":[{"taxonomy":"category","embeddable":true,"href":"https:\/\/fundacionseguroscaracas.com\/index.php?rest_route=%2Fwp%2Fv2%2Fcategories&post=496"},{"taxonomy":"post_tag","embeddable":true,"href":"https:\/\/fundacionseguroscaracas.com\/index.php?rest_route=%2Fwp%2Fv2%2Ftags&post=496"}],"curies":[{"name":"wp","href":"https:\/\/api.w.org\/{rel}","templated":true}]}}