{"id":586,"date":"2013-06-17T17:02:37","date_gmt":"2013-06-17T17:02:37","guid":{"rendered":"http:\/\/fundacionseguroscaracas.org\/?p=586"},"modified":"2013-06-25T17:14:28","modified_gmt":"2013-06-25T17:14:28","slug":"retratos-de-una-irresponsable-cotidianidad","status":"publish","type":"post","link":"https:\/\/fundacionseguroscaracas.com\/?p=586","title":{"rendered":"Retratos de una irresponsable cotidianidad"},"content":{"rendered":"<p><a href=\"http:\/\/fundacionseguroscaracas.org\/wp-content\/uploads\/2013\/06\/Sal\u00f3ndeFotograf\u00edasobreSeguridadVial2.jpg\"><img loading=\"lazy\" decoding=\"async\" class=\"alignright size-full wp-image-587\" title=\"Sal\u00f3ndeFotograf\u00edasobreSeguridadVial2\" src=\"http:\/\/fundacionseguroscaracas.org\/wp-content\/uploads\/2013\/06\/Sal\u00f3ndeFotograf\u00edasobreSeguridadVial2.jpg\" alt=\"\" width=\"314\" height=\"209\" srcset=\"https:\/\/fundacionseguroscaracas.com\/wp-content\/uploads\/2013\/06\/Sal\u00f3ndeFotograf\u00edasobreSeguridadVial2.jpg 314w, https:\/\/fundacionseguroscaracas.com\/wp-content\/uploads\/2013\/06\/Sal\u00f3ndeFotograf\u00edasobreSeguridadVial2-250x166.jpg 250w, https:\/\/fundacionseguroscaracas.com\/wp-content\/uploads\/2013\/06\/Sal\u00f3ndeFotograf\u00edasobreSeguridadVial2-300x200.jpg 300w, https:\/\/fundacionseguroscaracas.com\/wp-content\/uploads\/2013\/06\/Sal\u00f3ndeFotograf\u00edasobreSeguridadVial2-125x83.jpg 125w\" sizes=\"auto, (max-width: 314px) 100vw, 314px\" \/><\/a>Carente compromiso social y deber ciudadano, infracciones a la Ley, situaciones cotidianas y de las que quiz\u00e1s todos han sido protagonistas, escenas que muestran la irresponsabilidad y dejadez de algunos venezolanos, arropan a trav\u00e9s de la fotograf\u00eda los espacios del Ateneo de Cabudare con la muestra del Sal\u00f3n de Fotograf\u00eda 2012 sobre Seguridad Vial de la <em><strong>Fundaci\u00f3n Seguros Caracas<\/strong><\/em>, itinerante que visita esta, su cuarta ciudad.<\/p>\n<p>La muestra que cuenta con la curadur\u00eda de Alberto Asprino, comprende 30 fotograf\u00edas que en conjunto conducen al espectador a trav\u00e9s de un discurso iconogr\u00e1fico que hace un llamado a gritos a asumir una actitud responsable.<!--more--><\/p>\n<p>Sal\u00f3n de Fotograf\u00eda sobre Seguridad Vial recoge las fotograf\u00edas finalistas y las cuatro premiadas de una convocatoria que realiz\u00f3 la fundaci\u00f3n el pasado a\u00f1o y a la cual respondieron m\u00e1s de 200 fot\u00f3grafos.<\/p>\n<p>Ad\u00e1n Z\u00e1rate con una propuesta sin t\u00edtulo que registra el crudo recuerdo que queda en este mundo luego de la p\u00e9rdida de un ser querido a causa de un accidente vial (1er lugar), Micaela Alabarce con Peligro en zona escolar (2do lugar), Carmen Pi\u00f1a con Imprudencia vs. la costumbre (3er lugar) y Beatriz Nones con Sin cuidado #2 (menci\u00f3n honor\u00edfica), conforman esta propuesta que difunde un mensaje de prevenci\u00f3n vial.<\/p>\n<p>El recorrido museogr\u00e1fico es una disposici\u00f3n especialmente ideada para Cabudare, periplo de im\u00e1genes que culmina con una impactante escena, que para muchos ha significado el principios del fin.<\/p>\n<p>Muestra que en las ciudades anteriormente visitadas ha causado sorpresas, reflexi\u00f3n y hasta risas nerviosas.<\/p>\n<p>Es de car\u00e1cter bienal y reposar\u00e1 en Cabudare durante un mes a fin de que el p\u00fablico disfrute el material. El resto del a\u00f1o continuar\u00e1 por otras ciudades como Guayana y M\u00e9rida, as\u00ed lo afirm\u00f3 Ninoska Gonz\u00e1lez, miembro del comit\u00e9 organizador del referido sal\u00f3n.<\/p>\n<p><strong>Discurso entre fotograf\u00edas.-<\/strong>\u00a0Alberto Asprino curador y muse\u00f3grafo de la muestra, adem\u00e1s de jurado del sal\u00f3n, destac\u00f3 que a partir del concepto que se maneja en los salones de arte en Venezuela esta muestra plantea una visi\u00f3n distinta y atractiva, puesto que adem\u00e1s de convocar a fot\u00f3grafos de todo el pa\u00eds (identificados con seud\u00f3nimos), solicit\u00f3 se ajustaran a una tem\u00e1tica vista desde la \u00f3ptica de cada artista. Su objetivo institucional radica en aproximarse y conectar el v\u00ednculo social y la convivencia ciudadana.<\/p>\n<p>Para la selecci\u00f3n no s\u00f3lo se tom\u00f3 en cuenta el tema, sino la manera en que fue abordado, la sensibilidad y libertad con que fue asumido.<\/p>\n<p>\u00abNo fue f\u00e1cil porque en su mayor\u00eda, las im\u00e1genes retrataron fielmente un problema que se agudiza cada vez m\u00e1s\u00bb, coment\u00f3 Asprino quien describe la experiencia itinerante como particular, puesto que recorren el pa\u00eds cargados de un material que convoca a la seguridad vial, tem\u00e1tica que en el mismo recorrido se aprecia cada vez m\u00e1s abandonada.<\/p>\n<p>\u00abEn nuestros viajes vemos que la fotograf\u00eda de la seguridad vial ya no es una simple imagen sino un retrato cotidiano que confrontamos con la realidad\u00bb, expres\u00f3.<\/p>\n<p>Coment\u00f3 que algunas de estas im\u00e1genes retratan de manera cruda esta realidad, producto de la falta de conciencia ciudadana, que cada vez se acent\u00faa m\u00e1s como una caracter\u00edstica del venezolano.<\/p>\n<p><a href=\"http:\/\/fundacionseguroscaracas.org\/wp-content\/uploads\/2013\/06\/1er-lugar-Jaime2.jpg\"><img loading=\"lazy\" decoding=\"async\" class=\"aligncenter size-full wp-image-588\" title=\"1er lugar-Jaime2\" src=\"http:\/\/fundacionseguroscaracas.org\/wp-content\/uploads\/2013\/06\/1er-lugar-Jaime2.jpg\" alt=\"\" width=\"448\" height=\"299\" srcset=\"https:\/\/fundacionseguroscaracas.com\/wp-content\/uploads\/2013\/06\/1er-lugar-Jaime2.jpg 448w, https:\/\/fundacionseguroscaracas.com\/wp-content\/uploads\/2013\/06\/1er-lugar-Jaime2-250x166.jpg 250w, https:\/\/fundacionseguroscaracas.com\/wp-content\/uploads\/2013\/06\/1er-lugar-Jaime2-300x200.jpg 300w, https:\/\/fundacionseguroscaracas.com\/wp-content\/uploads\/2013\/06\/1er-lugar-Jaime2-125x83.jpg 125w\" sizes=\"auto, (max-width: 448px) 100vw, 448px\" \/><\/a><\/p>\n<p>Con esta convocatoria asumen un v\u00ednculo social, desde la educaci\u00f3n ciudadana y concientizaci\u00f3n de las relaciones.\u00a0Estas im\u00e1genes formar\u00e1n parte del banco de archivos de la fundaci\u00f3n, tambi\u00e9n disponible para el p\u00fablico, puesto que otro de los objetivos de esta actividad es que las mismas se compartan y difundan para as\u00ed crear conciencia ciudadana.<\/p>\n<p><strong>Educar en arte.-<\/strong>\u00a0El programa <em><strong>Fundaci\u00f3n Seguros Caracas<\/strong><\/em> tambi\u00e9n comprende un compartir educativo con los estudiantes de arte de cada ciudad en la que hacen parada. En Lara los seleccionados fueron los j\u00f3venes de la Escuela de Artes Mart\u00edn Tovar y Tovar quienes actualmente reciben un taller de curadur\u00eda y museograf\u00eda.<\/p>\n<p>Tratamiento, traslado y montaje de obras son algunos de los temas que los j\u00f3venes seleccionados ahora tratan con Asprino, quien se\u00f1al\u00f3 que la instrucci\u00f3n y evaluaci\u00f3n se dar\u00e1 durante el periodo en que el sal\u00f3n tome los espacios del Ateneo de Cabudare.<\/p>\n<p><em>Fuente: El Impulso.<\/em><\/p>\n","protected":false},"excerpt":{"rendered":"<p>Carente compromiso social y deber ciudadano, infracciones a la Ley, situaciones cotidianas y de las que quiz\u00e1s todos han sido protagonistas, escenas que muestran la irresponsabilidad y dejadez de algunos venezolanos, arropan a trav\u00e9s de la fotograf\u00eda los espacios del Ateneo de Cabudare con la muestra del Sal\u00f3n de Fotograf\u00eda 2012 sobre Seguridad Vial de [&hellip;]<\/p>\n","protected":false},"author":3,"featured_media":0,"comment_status":"open","ping_status":"open","sticky":false,"template":"","format":"standard","meta":{"_monsterinsights_skip_tracking":false,"_monsterinsights_sitenote_active":false,"_monsterinsights_sitenote_note":"","_monsterinsights_sitenote_category":0,"footnotes":""},"categories":[6],"tags":[11,33],"class_list":["post-586","post","type-post","status-publish","format-standard","hentry","category-novedades","tag-fundacion-seguros-caracas","tag-salon-de-fotografia-sobre-seguridad-vial"],"aioseo_notices":[],"_links":{"self":[{"href":"https:\/\/fundacionseguroscaracas.com\/index.php?rest_route=\/wp\/v2\/posts\/586","targetHints":{"allow":["GET"]}}],"collection":[{"href":"https:\/\/fundacionseguroscaracas.com\/index.php?rest_route=\/wp\/v2\/posts"}],"about":[{"href":"https:\/\/fundacionseguroscaracas.com\/index.php?rest_route=\/wp\/v2\/types\/post"}],"author":[{"embeddable":true,"href":"https:\/\/fundacionseguroscaracas.com\/index.php?rest_route=\/wp\/v2\/users\/3"}],"replies":[{"embeddable":true,"href":"https:\/\/fundacionseguroscaracas.com\/index.php?rest_route=%2Fwp%2Fv2%2Fcomments&post=586"}],"version-history":[{"count":1,"href":"https:\/\/fundacionseguroscaracas.com\/index.php?rest_route=\/wp\/v2\/posts\/586\/revisions"}],"predecessor-version":[{"id":589,"href":"https:\/\/fundacionseguroscaracas.com\/index.php?rest_route=\/wp\/v2\/posts\/586\/revisions\/589"}],"wp:attachment":[{"href":"https:\/\/fundacionseguroscaracas.com\/index.php?rest_route=%2Fwp%2Fv2%2Fmedia&parent=586"}],"wp:term":[{"taxonomy":"category","embeddable":true,"href":"https:\/\/fundacionseguroscaracas.com\/index.php?rest_route=%2Fwp%2Fv2%2Fcategories&post=586"},{"taxonomy":"post_tag","embeddable":true,"href":"https:\/\/fundacionseguroscaracas.com\/index.php?rest_route=%2Fwp%2Fv2%2Ftags&post=586"}],"curies":[{"name":"wp","href":"https:\/\/api.w.org\/{rel}","templated":true}]}}