{"id":647,"date":"2013-09-11T17:47:02","date_gmt":"2013-09-11T17:47:02","guid":{"rendered":"http:\/\/fundacionseguroscaracas.org\/?p=647"},"modified":"2013-09-12T17:50:08","modified_gmt":"2013-09-12T17:50:08","slug":"merida-recibe-el-salon-de-fotografia-de-seguridad-vial","status":"publish","type":"post","link":"https:\/\/fundacionseguroscaracas.com\/?p=647","title":{"rendered":"M\u00e9rida recibe el Sal\u00f3n de Fotograf\u00eda de Seguridad Vial"},"content":{"rendered":"<p><a href=\"http:\/\/fundacionseguroscaracas.org\/wp-content\/uploads\/2013\/09\/C\u00e1mara.jpg\"><img loading=\"lazy\" decoding=\"async\" class=\"alignright size-full wp-image-648\" title=\"C\u00e1mara\" src=\"http:\/\/fundacionseguroscaracas.org\/wp-content\/uploads\/2013\/09\/C\u00e1mara.jpg\" alt=\"\" width=\"297\" height=\"235\" srcset=\"https:\/\/fundacionseguroscaracas.com\/wp-content\/uploads\/2013\/09\/C\u00e1mara.jpg 297w, https:\/\/fundacionseguroscaracas.com\/wp-content\/uploads\/2013\/09\/C\u00e1mara-250x197.jpg 250w, https:\/\/fundacionseguroscaracas.com\/wp-content\/uploads\/2013\/09\/C\u00e1mara-125x98.jpg 125w, https:\/\/fundacionseguroscaracas.com\/wp-content\/uploads\/2013\/09\/C\u00e1mara-167x131.jpg 167w\" sizes=\"auto, (max-width: 297px) 100vw, 297px\" \/><\/a>La sede de la Galer\u00eda de Arte Fotogr\u00e1fico (GAF) de M\u00e9rida abrir\u00e1 sus puertas para recibir al Sal\u00f3n de Fotograf\u00eda de Seguridad Vial de la Fundaci\u00f3n Seguros Caracas, el pr\u00f3ximo s\u00e1bado 21 de septiembre.<\/p>\n<p>Continuando su ruta itinerante por diversos estados de Venezuela, el Sal\u00f3n de Fotograf\u00eda de Seguridad Vial brindar\u00e1 la oportunidad a los meride\u00f1os para que conozcan la muestra fotogr\u00e1fica que refleja la realidad de la seguridad vial en nuestro pa\u00eds.<!--more--><\/p>\n<p>Esta exposici\u00f3n est\u00e1 conformada por las 30 im\u00e1genes finalistas del Concurso \u201cSal\u00f3n de Fotograf\u00eda sobre Seguridad Vial Fundaci\u00f3n Seguros Caracas\u201d, que se realiz\u00f3 a finales del a\u00f1o pasado y que dio inicio al banco de im\u00e1genes que forman parte de la labor educativa que en materia de prevenci\u00f3n de accidentes viales adelanta la Fundaci\u00f3n.<\/p>\n<p>As\u00ed que si est\u00e1s por M\u00e9rida, no dejes pasar la oportunidad de visitar esta exposici\u00f3n que estar\u00e1 abierta a partir del 21 de septiembre, en el local de la GAF, ubicado en la Av. Alberto Carnevalli, Centro Comercial La Hechicera.<\/p>\n<p><a href=\"http:\/\/fundacionseguroscaracas.org\/wp-content\/uploads\/2013\/09\/Sal\u00f3nMERIDA.jpg\"><img loading=\"lazy\" decoding=\"async\" class=\"aligncenter size-full wp-image-649\" title=\"Sal\u00f3nMERIDA\" src=\"http:\/\/fundacionseguroscaracas.org\/wp-content\/uploads\/2013\/09\/Sal\u00f3nMERIDA.jpg\" alt=\"\" width=\"640\" height=\"480\" srcset=\"https:\/\/fundacionseguroscaracas.com\/wp-content\/uploads\/2013\/09\/Sal\u00f3nMERIDA.jpg 640w, https:\/\/fundacionseguroscaracas.com\/wp-content\/uploads\/2013\/09\/Sal\u00f3nMERIDA-250x187.jpg 250w, https:\/\/fundacionseguroscaracas.com\/wp-content\/uploads\/2013\/09\/Sal\u00f3nMERIDA-125x93.jpg 125w, https:\/\/fundacionseguroscaracas.com\/wp-content\/uploads\/2013\/09\/Sal\u00f3nMERIDA-638x480.jpg 638w\" sizes=\"auto, (max-width: 640px) 100vw, 640px\" \/><\/a><\/p>\n","protected":false},"excerpt":{"rendered":"<p>La sede de la Galer\u00eda de Arte Fotogr\u00e1fico (GAF) de M\u00e9rida abrir\u00e1 sus puertas para recibir al Sal\u00f3n de Fotograf\u00eda de Seguridad Vial de la Fundaci\u00f3n Seguros Caracas, el pr\u00f3ximo s\u00e1bado 21 de septiembre. Continuando su ruta itinerante por diversos estados de Venezuela, el Sal\u00f3n de Fotograf\u00eda de Seguridad Vial brindar\u00e1 la oportunidad a los [&hellip;]<\/p>\n","protected":false},"author":3,"featured_media":0,"comment_status":"open","ping_status":"open","sticky":false,"template":"","format":"standard","meta":{"_monsterinsights_skip_tracking":false,"_monsterinsights_sitenote_active":false,"_monsterinsights_sitenote_note":"","_monsterinsights_sitenote_category":0,"footnotes":""},"categories":[6],"tags":[11,33,12],"class_list":["post-647","post","type-post","status-publish","format-standard","hentry","category-novedades","tag-fundacion-seguros-caracas","tag-salon-de-fotografia-sobre-seguridad-vial","tag-seguridad-vial"],"aioseo_notices":[],"_links":{"self":[{"href":"https:\/\/fundacionseguroscaracas.com\/index.php?rest_route=\/wp\/v2\/posts\/647","targetHints":{"allow":["GET"]}}],"collection":[{"href":"https:\/\/fundacionseguroscaracas.com\/index.php?rest_route=\/wp\/v2\/posts"}],"about":[{"href":"https:\/\/fundacionseguroscaracas.com\/index.php?rest_route=\/wp\/v2\/types\/post"}],"author":[{"embeddable":true,"href":"https:\/\/fundacionseguroscaracas.com\/index.php?rest_route=\/wp\/v2\/users\/3"}],"replies":[{"embeddable":true,"href":"https:\/\/fundacionseguroscaracas.com\/index.php?rest_route=%2Fwp%2Fv2%2Fcomments&post=647"}],"version-history":[{"count":1,"href":"https:\/\/fundacionseguroscaracas.com\/index.php?rest_route=\/wp\/v2\/posts\/647\/revisions"}],"predecessor-version":[{"id":650,"href":"https:\/\/fundacionseguroscaracas.com\/index.php?rest_route=\/wp\/v2\/posts\/647\/revisions\/650"}],"wp:attachment":[{"href":"https:\/\/fundacionseguroscaracas.com\/index.php?rest_route=%2Fwp%2Fv2%2Fmedia&parent=647"}],"wp:term":[{"taxonomy":"category","embeddable":true,"href":"https:\/\/fundacionseguroscaracas.com\/index.php?rest_route=%2Fwp%2Fv2%2Fcategories&post=647"},{"taxonomy":"post_tag","embeddable":true,"href":"https:\/\/fundacionseguroscaracas.com\/index.php?rest_route=%2Fwp%2Fv2%2Ftags&post=647"}],"curies":[{"name":"wp","href":"https:\/\/api.w.org\/{rel}","templated":true}]}}