{"id":654,"date":"2013-09-24T14:46:27","date_gmt":"2013-09-24T14:46:27","guid":{"rendered":"http:\/\/fundacionseguroscaracas.org\/?p=654"},"modified":"2013-10-01T14:31:51","modified_gmt":"2013-10-01T14:31:51","slug":"fallece-el-profesor-elio-rafael-aguilera","status":"publish","type":"post","link":"https:\/\/fundacionseguroscaracas.com\/?p=654","title":{"rendered":"Fallece el Profesor Elio Rafael Aguilera"},"content":{"rendered":"<div id=\"attachment_655\" style=\"width: 335px\" class=\"wp-caption alignright\"><a href=\"http:\/\/fundacionseguroscaracas.org\/wp-content\/uploads\/2013\/09\/Prof.Aguilera.jpg\"><img loading=\"lazy\" decoding=\"async\" aria-describedby=\"caption-attachment-655\" class=\"size-full wp-image-655\" title=\"Prof.Aguilera\" src=\"http:\/\/fundacionseguroscaracas.org\/wp-content\/uploads\/2013\/09\/Prof.Aguilera.jpg\" alt=\"\" width=\"325\" height=\"305\" srcset=\"https:\/\/fundacionseguroscaracas.com\/wp-content\/uploads\/2013\/09\/Prof.Aguilera.jpg 325w, https:\/\/fundacionseguroscaracas.com\/wp-content\/uploads\/2013\/09\/Prof.Aguilera-250x234.jpg 250w, https:\/\/fundacionseguroscaracas.com\/wp-content\/uploads\/2013\/09\/Prof.Aguilera-125x117.jpg 125w\" sizes=\"auto, (max-width: 325px) 100vw, 325px\" \/><\/a><\/p>\n<p id=\"caption-attachment-655\" class=\"wp-caption-text\">El Prof. Aguilera foment\u00f3 la cultura vial<\/p>\n<\/div>\n<p>El pasado domingo 22 de septiembre, en la ciudad de Barquisimeto, falleci\u00f3 el profesor Elio Rafel Aguilera, quien fuera el Presidente fundador de la Comisi\u00f3n Presidencial Interministerial para la Atenci\u00f3n, Prevenci\u00f3n y Educaci\u00f3n Vial (CIAPEV), y muy cercano colaborador de la <em>Fundaci\u00f3n Seguros Caracas<\/em> en materia de seguridad vial.<\/p>\n<p>Nacido en Los Teques, estado Miranda, Aguilera se gradu\u00f3 de Maestro Normalista Rural en 1953 y de Ingeniero Agr\u00f3nomo en el a\u00f1o 1973. Era profesor universitario con m\u00e1s de 20 a\u00f1os dedicados al fomento de una cultura vial en nuestro pa\u00eds.<!--more--><\/p>\n<p>Adem\u00e1s de presidir la Ciapev, adscrito al Ministerio de Educaci\u00f3n, planific\u00f3 y presidi\u00f3 el I y II Congreso Nacional de Educaci\u00f3n y Seguridad Vial (2002 y 2004), as\u00ed como el I Congreso Nacional Juvenil de Educaci\u00f3n y Seguridad Vial (2005). Asimismo, particip\u00f3 como experto invitado en eventos internacionales para abordar la tem\u00e1tica vial en Espa\u00f1a (2003), Chile (2004), Colombia (2004), Brasil (2005) y Costa Rica (2006).<\/p>\n<p>El profesor Aguilera escribi\u00f3 el libro \u201cSeguridad Vial en Venezuela\u201d, editado y publicado por la <a href=\"http:\/\/fundacionseguroscaracas.org\/2012\/11\/26\/seguridad-vial-en-venezuela\/\" target=\"_blank\"><em>Fundaci\u00f3n Seguros Caracas<\/em><\/a> en el a\u00f1o 2009. Este invalorable legado presenta una visi\u00f3n hist\u00f3rica de la seguridad vial en nuestro pa\u00eds y destaca la importancia de fomentar en los ciudadanos la cultura de usuario de la v\u00eda p\u00fablica, en su condici\u00f3n de conductor, pasajero, peat\u00f3n y usuario del transporte p\u00fablico.<\/p>\n<p>En la <strong><em>Fundaci\u00f3n Seguros Caracas<\/em><\/strong> lamentamos profundamente el fallecimiento de este amigo y desde aqu\u00ed enviamos nuestro m\u00e1s sincero sentimiento de p\u00e9same a sus familiares.<\/p>\n<div id=\"attachment_656\" style=\"width: 445px\" class=\"wp-caption aligncenter\"><a href=\"http:\/\/fundacionseguroscaracas.org\/wp-content\/uploads\/2013\/09\/PortadaSeguridadVial.jpg\"><img loading=\"lazy\" decoding=\"async\" aria-describedby=\"caption-attachment-656\" class=\"size-full wp-image-656\" title=\"PortadaSeguridadVial\" src=\"http:\/\/fundacionseguroscaracas.org\/wp-content\/uploads\/2013\/09\/PortadaSeguridadVial.jpg\" alt=\"\" width=\"435\" height=\"640\" srcset=\"https:\/\/fundacionseguroscaracas.com\/wp-content\/uploads\/2013\/09\/PortadaSeguridadVial.jpg 435w, https:\/\/fundacionseguroscaracas.com\/wp-content\/uploads\/2013\/09\/PortadaSeguridadVial-250x367.jpg 250w, https:\/\/fundacionseguroscaracas.com\/wp-content\/uploads\/2013\/09\/PortadaSeguridadVial-125x183.jpg 125w\" sizes=\"auto, (max-width: 435px) 100vw, 435px\" \/><\/a><\/p>\n<p id=\"caption-attachment-656\" class=\"wp-caption-text\">Seguridad Vial en Venezuela (2009)<\/p>\n<\/div>\n","protected":false},"excerpt":{"rendered":"<p>El pasado domingo 22 de septiembre, en la ciudad de Barquisimeto, falleci\u00f3 el profesor Elio Rafel Aguilera, quien fuera el Presidente fundador de la Comisi\u00f3n Presidencial Interministerial para la Atenci\u00f3n, Prevenci\u00f3n y Educaci\u00f3n Vial (CIAPEV), y muy cercano colaborador de la Fundaci\u00f3n Seguros Caracas en materia de seguridad vial. Nacido en Los Teques, estado Miranda, [&hellip;]<\/p>\n","protected":false},"author":3,"featured_media":0,"comment_status":"open","ping_status":"open","sticky":false,"template":"","format":"standard","meta":{"_monsterinsights_skip_tracking":false,"_monsterinsights_sitenote_active":false,"_monsterinsights_sitenote_note":"","_monsterinsights_sitenote_category":0,"footnotes":""},"categories":[6],"tags":[],"class_list":["post-654","post","type-post","status-publish","format-standard","hentry","category-novedades"],"aioseo_notices":[],"_links":{"self":[{"href":"https:\/\/fundacionseguroscaracas.com\/index.php?rest_route=\/wp\/v2\/posts\/654","targetHints":{"allow":["GET"]}}],"collection":[{"href":"https:\/\/fundacionseguroscaracas.com\/index.php?rest_route=\/wp\/v2\/posts"}],"about":[{"href":"https:\/\/fundacionseguroscaracas.com\/index.php?rest_route=\/wp\/v2\/types\/post"}],"author":[{"embeddable":true,"href":"https:\/\/fundacionseguroscaracas.com\/index.php?rest_route=\/wp\/v2\/users\/3"}],"replies":[{"embeddable":true,"href":"https:\/\/fundacionseguroscaracas.com\/index.php?rest_route=%2Fwp%2Fv2%2Fcomments&post=654"}],"version-history":[{"count":7,"href":"https:\/\/fundacionseguroscaracas.com\/index.php?rest_route=\/wp\/v2\/posts\/654\/revisions"}],"predecessor-version":[{"id":664,"href":"https:\/\/fundacionseguroscaracas.com\/index.php?rest_route=\/wp\/v2\/posts\/654\/revisions\/664"}],"wp:attachment":[{"href":"https:\/\/fundacionseguroscaracas.com\/index.php?rest_route=%2Fwp%2Fv2%2Fmedia&parent=654"}],"wp:term":[{"taxonomy":"category","embeddable":true,"href":"https:\/\/fundacionseguroscaracas.com\/index.php?rest_route=%2Fwp%2Fv2%2Fcategories&post=654"},{"taxonomy":"post_tag","embeddable":true,"href":"https:\/\/fundacionseguroscaracas.com\/index.php?rest_route=%2Fwp%2Fv2%2Ftags&post=654"}],"curies":[{"name":"wp","href":"https:\/\/api.w.org\/{rel}","templated":true}]}}