{"id":716,"date":"2013-10-15T14:41:25","date_gmt":"2013-10-15T14:41:25","guid":{"rendered":"http:\/\/fundacionseguroscaracas.org\/?p=716"},"modified":"2013-10-28T15:00:05","modified_gmt":"2013-10-28T15:00:05","slug":"congreso-internacional-de-nutricion-dr-jose-maria-bengoa","status":"publish","type":"post","link":"https:\/\/fundacionseguroscaracas.com\/?p=716","title":{"rendered":"Congreso Internacional de Nutrici\u00f3n Dr. Jos\u00e9 Mar\u00eda Bengoa"},"content":{"rendered":"<p><a href=\"http:\/\/fundacionseguroscaracas.org\/wp-content\/uploads\/2013\/10\/Dr.Bengoa.jpg\"><img loading=\"lazy\" decoding=\"async\" class=\"alignright size-full wp-image-717\" title=\"Dr.Bengoa\" src=\"http:\/\/fundacionseguroscaracas.org\/wp-content\/uploads\/2013\/10\/Dr.Bengoa.jpg\" alt=\"\" width=\"235\" height=\"253\" srcset=\"https:\/\/fundacionseguroscaracas.com\/wp-content\/uploads\/2013\/10\/Dr.Bengoa.jpg 235w, https:\/\/fundacionseguroscaracas.com\/wp-content\/uploads\/2013\/10\/Dr.Bengoa-125x134.jpg 125w\" sizes=\"auto, (max-width: 235px) 100vw, 235px\" \/><\/a>En conmemoraci\u00f3n a los cien a\u00f1os del natalicio del Dr. Jos\u00e9 Mar\u00eda Bengoa, la <em>Fundaci\u00f3n Bengoa<\/em> est\u00e1 organizando\u00a0el\u00a0<a href=\"http:\/\/www.congresobengoa.org\/\" target=\"_blank\"><em><strong>Congreso Internacional de Nutrici\u00f3n Dr. Jos\u00e9 Mar\u00eda Bengoa<\/strong><\/em><\/a>, a realizarse los d\u00edas 26 y 27 de este mes.<\/p>\n<p>El Dr. Jos\u00e9 Mar\u00eda Bengoa, eminente m\u00e9dico vasco-venezolano, hizo contribuciones trascendentales para fortalecer la institucionalidad del \u00e1rea de la salud y la nutrici\u00f3n en Venezuela y el mundo.<!--more--><\/p>\n<p>La <em>Fundaci\u00f3n Seguros Caracas<\/em> ser\u00e1 uno de los patrocinantes de dicho evento que contar\u00e1 con m\u00e1s de 30\u00a0conferencias\u00a0del m\u00e1s alto nivel acad\u00e9mico y cient\u00edfico, las cuales ser\u00e1n dictadas por expertos nacionales e internacionales en las \u00e1reas de alimentaci\u00f3n, nutrici\u00f3n y salud.<\/p>\n<p>Se estima que el Congreso llegar\u00e1 a m\u00e1s de 10 mil personas, en virtud de que las conferencias tambi\u00e9n ser\u00e1n transmitidas en video, en tiempo real, por Internet a trav\u00e9s de la cuenta del Congreso en\u00a0<a href=\"https:\/\/www.youtube.com\/channel\/UCTRlZYq12u9dYJ8Dz4wY18g\/feed\" target=\"_blank\">Youtube<\/a>.<\/p>\n<p>Adem\u00e1s, gracias al apoyo de profesores y estudiantes de diversas universidades nacionales e internacionales, se realizar\u00e1n actividades acad\u00e9micas de difusi\u00f3n del Congreso en estas casas de estudio.<\/p>\n<p>Las conferencias ser\u00e1n grabadas profesionalmente para ser distribuidas despu\u00e9s del Congreso en forma gratuita, igualmente v\u00eda Internet.<\/p>\n<p>La\u00a0<a href=\"http:\/\/www.fundacionbengoa.org\/\" target=\"_blank\"><em>Fundaci\u00f3n Bengoa<\/em><\/a>\u00a0fue creada hace 12 a\u00f1os para promover y ejecutar estrategias que contribuyan a mejorar la alimentaci\u00f3n y nutrici\u00f3n de la poblaci\u00f3n m\u00e1s vulnerable de nuestro pa\u00eds.<\/p>\n<p><strong>Congreso Internacional de Nutrici\u00f3n Dr. Jos\u00e9 Mar\u00eda Bengoa<br \/>\n<\/strong>Fecha: s\u00e1bado 26 y domingo 27 de octubre, 2013<br \/>\nLugar: Auditorio\u00a0<a href=\"http:\/\/www.congresobengoa.org\/contactos\/\">Ciudad Banesco<\/a>, Bello Monte \u2013 Caracas.<\/p>\n","protected":false},"excerpt":{"rendered":"<p>En conmemoraci\u00f3n a los cien a\u00f1os del natalicio del Dr. Jos\u00e9 Mar\u00eda Bengoa, la Fundaci\u00f3n Bengoa est\u00e1 organizando\u00a0el\u00a0Congreso Internacional de Nutrici\u00f3n Dr. Jos\u00e9 Mar\u00eda Bengoa, a realizarse los d\u00edas 26 y 27 de este mes. El Dr. Jos\u00e9 Mar\u00eda Bengoa, eminente m\u00e9dico vasco-venezolano, hizo contribuciones trascendentales para fortalecer la institucionalidad del \u00e1rea de la salud [&hellip;]<\/p>\n","protected":false},"author":3,"featured_media":0,"comment_status":"open","ping_status":"open","sticky":false,"template":"","format":"standard","meta":{"_monsterinsights_skip_tracking":false,"_monsterinsights_sitenote_active":false,"_monsterinsights_sitenote_note":"","_monsterinsights_sitenote_category":0,"footnotes":""},"categories":[6],"tags":[43,44,11,42,24,45],"class_list":["post-716","post","type-post","status-publish","format-standard","hentry","category-novedades","tag-congreso-bengoa","tag-fundacion-bengoa","tag-fundacion-seguros-caracas","tag-jose-maria-bengoa","tag-nutricion","tag-salud"],"aioseo_notices":[],"_links":{"self":[{"href":"https:\/\/fundacionseguroscaracas.com\/index.php?rest_route=\/wp\/v2\/posts\/716","targetHints":{"allow":["GET"]}}],"collection":[{"href":"https:\/\/fundacionseguroscaracas.com\/index.php?rest_route=\/wp\/v2\/posts"}],"about":[{"href":"https:\/\/fundacionseguroscaracas.com\/index.php?rest_route=\/wp\/v2\/types\/post"}],"author":[{"embeddable":true,"href":"https:\/\/fundacionseguroscaracas.com\/index.php?rest_route=\/wp\/v2\/users\/3"}],"replies":[{"embeddable":true,"href":"https:\/\/fundacionseguroscaracas.com\/index.php?rest_route=%2Fwp%2Fv2%2Fcomments&post=716"}],"version-history":[{"count":2,"href":"https:\/\/fundacionseguroscaracas.com\/index.php?rest_route=\/wp\/v2\/posts\/716\/revisions"}],"predecessor-version":[{"id":719,"href":"https:\/\/fundacionseguroscaracas.com\/index.php?rest_route=\/wp\/v2\/posts\/716\/revisions\/719"}],"wp:attachment":[{"href":"https:\/\/fundacionseguroscaracas.com\/index.php?rest_route=%2Fwp%2Fv2%2Fmedia&parent=716"}],"wp:term":[{"taxonomy":"category","embeddable":true,"href":"https:\/\/fundacionseguroscaracas.com\/index.php?rest_route=%2Fwp%2Fv2%2Fcategories&post=716"},{"taxonomy":"post_tag","embeddable":true,"href":"https:\/\/fundacionseguroscaracas.com\/index.php?rest_route=%2Fwp%2Fv2%2Ftags&post=716"}],"curies":[{"name":"wp","href":"https:\/\/api.w.org\/{rel}","templated":true}]}}