{"id":721,"date":"2013-10-28T17:31:03","date_gmt":"2013-10-28T17:31:03","guid":{"rendered":"http:\/\/fundacionseguroscaracas.org\/?p=721"},"modified":"2013-10-28T17:31:03","modified_gmt":"2013-10-28T17:31:03","slug":"en-la-via-todos-somos-responsables","status":"publish","type":"post","link":"https:\/\/fundacionseguroscaracas.com\/?p=721","title":{"rendered":"En la v\u00eda TODOS somos responsables"},"content":{"rendered":"<div id=\"attachment_722\" style=\"width: 268px\" class=\"wp-caption alignright\"><a href=\"http:\/\/fundacionseguroscaracas.org\/wp-content\/uploads\/2013\/10\/MariaAlejandraMart\u00edn.jpg\"><img loading=\"lazy\" decoding=\"async\" aria-describedby=\"caption-attachment-722\" class=\"size-full wp-image-722\" title=\"MariaAlejandraMart\u00edn\" src=\"http:\/\/fundacionseguroscaracas.org\/wp-content\/uploads\/2013\/10\/MariaAlejandraMart\u00edn.jpg\" alt=\"\" width=\"258\" height=\"185\" srcset=\"https:\/\/fundacionseguroscaracas.com\/wp-content\/uploads\/2013\/10\/MariaAlejandraMart\u00edn.jpg 258w, https:\/\/fundacionseguroscaracas.com\/wp-content\/uploads\/2013\/10\/MariaAlejandraMart\u00edn-250x179.jpg 250w, https:\/\/fundacionseguroscaracas.com\/wp-content\/uploads\/2013\/10\/MariaAlejandraMart\u00edn-125x89.jpg 125w\" sizes=\"auto, (max-width: 258px) 100vw, 258px\" \/><\/a><\/p>\n<p id=\"caption-attachment-722\" class=\"wp-caption-text\">Cortes\u00eda El Universal<\/p>\n<\/div>\n<p>\u201cCada tragedia en\u00a0la v\u00eda tiene un antes\u00a0y un despu\u00e9s\u201d.\u00a0As\u00ed se titula la obra\u00a0elaborada por Milagros\u00a0Socorro,\u00a0periodista y escritora venezolana,\u00a0quien se dedic\u00f3 a\u00a0indagar en la vida de nueve\u00a0personas que por distintas\u00a0circunstancias se vieron\u00a0envueltas por el manto de\u00a0dolor que genera una p\u00e9rdida\u00a0humana como consecuencia\u00a0de un accidente de\u00a0tr\u00e1nsito.<\/p>\n<p>Cada testimonio cubre\u00a0una \u00f3ptica distinta. Son\u00a0testimonios de la madre,\u00a0el hijo, la figura p\u00fablica, el\u00a0joven so\u00f1ador o el doctor\u00a0que con sus propias manos\u00a0intenta salvar las vidas de\u00a0aquellos ciudadanos que\u00a0arriban heridos de de gravedad\u00a0a la sala de emergencia\u00a0de un hospital.<!--more--><\/p>\n<p>Tal y como lo menciona\u00a0el pr\u00f3logo del libro, \u201cel horror\u00a0viene en autom\u00f3vil\u201d, especialmente en Venezuela donde las cifras ofrecidas hasta el a\u00f1o 2012 por la\u00a0<em>Fundaci\u00f3n Seguros Caracas<\/em>\u00a0y avaladas en reportes del Instituto Nacional de Tr\u00e1nsito Terrestre (Intt), revelan, que no menos de 9mil vidas se perdieron s\u00f3lo en el a\u00f1o 2012 por accidentes de tr\u00e1nsito en el territorio nacional.<\/p>\n<p><strong>Cada p\u00e9rdida\u00a0una nueva historia.-<\/strong>\u00a0Detr\u00e1s de cada vida y de\u00a0cada ser humano hay una\u00a0historia que contar, pero\u00a0una vez esas personas no\u00a0est\u00e1n, dejan un vac\u00edo en\u00a0las almas de sus allegados\u00a0y seres queridos. Socorro\u00a0coment\u00f3 en una entrevista\u00a0efectuada por el equipo\u00a0de\u00a0<em>El Periodiquito<\/em>\u00a0lo complejo\u00a0de exponer los casos\u00a0contemplados en su libro\u00a0y agreg\u00f3 que s\u00f3lo tras un\u00a0severo proceso de ensayo\u00a0y error no encontr\u00f3 otra\u00a0alternativa que explorar lo\u00a0crudo de las secuelas que\u00a0dejan las p\u00e9rdidas humanas\u00a0en los sobrevivientes\u00a0para plasmarlas en la obra\u00a0testimonial.<\/p>\n<p>El libro rubrica momentos\u00a0crudos como el que\u00a0vivi\u00f3 en 2005, Marina De\u00a0Vidal. Se\u00f1ala la obra, que\u00a0luego de recibir una serie\u00a0de mensajes telef\u00f3nicos,\u00a0De Vidal realiz\u00f3 una llamada\u00a0al cuerpo policial de El\u00a0Hatillo s\u00f3lo para descubrir\u00a0que su hijo Rafael, otrora\u00a0medallista ol\u00edmpico venezolano\u00a0y ejemplo de vida\u00a0para muchos j\u00f3venes deportistas,\u00a0hab\u00eda fallecido.\u00a0Vidal fue embestido por un\u00a0conductor imprudente y el\u00a0hecho demostr\u00f3 que para\u00a0una madre no debe haber\u00a0mayor sufrimiento que ver\u00a0a sus hijos partir para nunca\u00a0m\u00e1s volver.<\/p>\n<p>Otra triste an\u00e9cdota que\u00a0se ve plasmada en las p\u00e1ginas\u00a0del documento refleja\u00a0las consecuencias psicol\u00f3gicas\u00a0que un suceso fat\u00eddico\u00a0puede ocasionar en un\u00a0ser humano que sufre la\u00a0p\u00e9rdida de un nexo familiar.\u00a0Mar\u00eda Eugenia Martin\u00a0Castillo, joven caraque\u00f1a\u00a0de 27 a\u00f1os de edad, tom\u00f3\u00a0el volante de un veh\u00edculo\u00a0de un familiar el 2 de septiembre\u00a0de 1990 para partir\u00a0hacia Higuerote con su\u00a0mejor amiga.<\/p>\n<p>Lamentablemente un\u00a0conductor ebrio impact\u00f3 su\u00a0cami\u00f3n contra el peque\u00f1o\u00a0Volkswagen que tripulaba.\u00a0Esa misma noche, falleci\u00f3.\u00a0Mar\u00eda Eugenia era la hermana\u00a0mayor de Mar\u00eda Alejandra\u00a0Mart\u00edn, reconocida\u00a0actriz venezolana, quien\u00a0tras el incidente asumi\u00f3\u00a0que los cambios y a desolaci\u00f3n\u00a0por la partida de su\u00a0hermana la llevaron inclusive\u00a0a acabar con su matrimonio.\u00a0Seg\u00fan su testimonio,\u00a0Mart\u00edn jam\u00e1s volvi\u00f3 a\u00a0ser la misma persona.<\/p>\n<p><a href=\"http:\/\/fundacionseguroscaracas.org\/wp-content\/uploads\/2013\/10\/PortadaLibro003.jpg\"><img loading=\"lazy\" decoding=\"async\" class=\"aligncenter size-full wp-image-723\" title=\"PortadaLibro003\" src=\"http:\/\/fundacionseguroscaracas.org\/wp-content\/uploads\/2013\/10\/PortadaLibro003.jpg\" alt=\"\" width=\"629\" height=\"480\" srcset=\"https:\/\/fundacionseguroscaracas.com\/wp-content\/uploads\/2013\/10\/PortadaLibro003.jpg 629w, https:\/\/fundacionseguroscaracas.com\/wp-content\/uploads\/2013\/10\/PortadaLibro003-250x190.jpg 250w, https:\/\/fundacionseguroscaracas.com\/wp-content\/uploads\/2013\/10\/PortadaLibro003-125x95.jpg 125w\" sizes=\"auto, (max-width: 629px) 100vw, 629px\" \/><\/a><\/p>\n<p><strong>Lesiones\u00a0de por vida.-<\/strong>\u00a0La opini\u00f3n de los especialistas\u00a0tambi\u00e9n es analizada\u00a0por Socorro. Yosu\u00a0Viteri, director del \u00e1rea de\u00a0traumatolog\u00eda en el hospital\u00a0caraque\u00f1o Domingo\u00a0Luciani le da una perspectiva\u00a0post accidente al documental.\u00a0Viteri comenta que\u00a0las situaciones que se viven\u00a0en una sala de emergencia\u00a0no son para nada agradables\u00a0a la vista y en cuanto a\u00a0los pacientes se refiere, de\u00a0sobrevivir a un accidente\u00a0de tr\u00e1nsito las consecuencias\u00a0son graves.<\/p>\n<p>Tal y como se menciona\u00a0en la obra, Viteri explica\u00a0que ocurren traumas espec\u00edficos\u00a0en las regiones\u00a0anat\u00f3micas del cuerpo\u00a0humano como \u201cocular,\u00a0maxilofacial, cervical, tor\u00e1cico,\u00a0card\u00edaco\u201d y en otros\u00a0\u00f3rganos como es\u00f3fago,\u00a0est\u00f3mago, intestino delgado,\u00a0h\u00edgado, p\u00e1ncreas, colon,\u00a0recto, pelvis, en huesos\u00a0y m\u00fasculos. Aunque\u00a0se sobreviva, recuperarse\u00a0es tortuoso, largo y por lo\u00a0general extremadamente traum\u00e1tico.<\/p>\n<p>Un ejemplo de ello es el\u00a0caso de Jonathan Viloria.\u00a0Debi\u00f3 ser sometido a no\u00a0menos de 16 cirug\u00edas y a\u00a0un implante de pr\u00f3tesis de\u00a0cadera para recuperarse\u00a0luego de estrellar su veh\u00edculo\u00a0contra un cami\u00f3n\u00a0varado en plena carretera.\u00a0Otra historia de este tipo\u00a0vivi\u00f3 Jos\u00e9 Gabriel, quien\u00a0a\u00f1os despu\u00e9s de estrellarse\u00a0contra una unidad de\u00a0transporte colectivo, a\u00fan\u00a0padece el trauma de la deformidad\u00a0de su pierna derecha\u00a0y la tortuosa espera\u00a0por una pr\u00f3tesis de cadera\u00a0que supone la soluci\u00f3n\u00a0adecuada para retornar al\u00a0mercado laboral.<\/p>\n<p>Seg\u00fan la experiencia y la\u00a0observaci\u00f3n realizada por\u00a0Viteri, las causas t\u00edpicas de\u00a0un accidente de tr\u00e1nsito en\u00a0Venezuela al igual que en\u00a0todo el mundo son el exceso\u00a0de velocidad y de consumo\u00a0de bebidas alcoh\u00f3licas.\u00a0Sin embargo, a\u00f1ade que\u00a0existen otros factores casi\u00a0exclusivos de la idiosincrasia\u00a0local como el \u201ctr\u00e1nsito\u00a0incontrolado de motos\u00a0que ha aumentado, con\u00a0el agravante que se les ha permitido circular en autopistas,\u00a0lo que ha propiciado\u00a0que se multipliquen las\u00a0cifras de accidentes\u201d.<\/p>\n<p>En el d\u00eda a d\u00eda de la\u00a0labor period\u00edstica son muchos\u00a0los sucesos que se\u00a0observan y las tragedias\u00a0familiares que por desgracia\u00a0de estos hechos se\u00a0suceden. Es pr\u00e1cticamente\u00a0com\u00fan encontrarse con\u00a0declaraciones de personas\u00a0que perdieron a sus seres\u00a0queridos en accidentes\u00a0donde hab\u00eda motos involucradas\u00a0y muchos han\u00a0asumido desconocer si la\u00a0persona portaba el casco\u00a0correctamente. De tal hecho\u00a0se abre una interrogante:\u00a0\u00bfCuantas tragedias\u00a0pueden evitarse si los usuarios\u00a0cumplieran las normas\u00a0b\u00e1sicas en el juego vial?<\/p>\n<p>Por otra parte, los especialistas\u00a0citados en el\u00a0documental resumen las\u00a0potenciales causas que\u00a0generan los accidentes\u00a0de tr\u00e1nsito en las v\u00edas venezolanas\u00a0m\u00e1s all\u00e1 de los\u00a0malos h\u00e1bitos a la hora de\u00a0tomar el volante. En primer\u00a0lugar, el desconocimiento\u00a0y el incumplimiento de las\u00a0leyes de tr\u00e1nsito, lo cual,\u00a0deriva en otro factor como\u00a0el ignorar a conciencia las\u00a0leyes y las se\u00f1alizaciones.<\/p>\n<p>Por \u00faltimo, la escasa habilidad\u00a0para conducir y la\u00a0ausencia total de infraestructura\u00a0y campa\u00f1as que\u00a0promuevan la formaci\u00f3n\u00a0de conductores responsables\u00a0de sus actos sobre el\u00a0pavimento, que entiendan\u00a0que en sus manos est\u00e1 el\u00a0control de sus propias vidas,\u00a0las ajenas y las de\u00a0muchos familiares que jam\u00e1s\u00a0se recuperar\u00e1n de una\u00a0p\u00e9rdida humana.<\/p>\n<p>Para el investigador las\u00a0im\u00e1genes de decenas de\u00a0familiares llorando a las\u00a0puertas de una morgue\u00a0durante una t\u00edpica ma\u00f1ana de guardia sabatina, son m\u00e1s que claras, son se\u00f1ales tr\u00e1gicas pero explicitas que activan los sentidos de prevenci\u00f3n, de atenci\u00f3n, que lamentablemente revelan pero a su vez humanizan unas estad\u00edsticas que las instituciones p\u00fablicas ocultan al colectivo.<\/p>\n<p><em>Fuente: El Periodiquito<\/em><\/p>\n","protected":false},"excerpt":{"rendered":"<p>\u201cCada tragedia en\u00a0la v\u00eda tiene un antes\u00a0y un despu\u00e9s\u201d.\u00a0As\u00ed se titula la obra\u00a0elaborada por Milagros\u00a0Socorro,\u00a0periodista y escritora venezolana,\u00a0quien se dedic\u00f3 a\u00a0indagar en la vida de nueve\u00a0personas que por distintas\u00a0circunstancias se vieron\u00a0envueltas por el manto de\u00a0dolor que genera una p\u00e9rdida\u00a0humana como consecuencia\u00a0de un accidente de\u00a0tr\u00e1nsito. Cada testimonio cubre\u00a0una \u00f3ptica distinta. Son\u00a0testimonios de la madre,\u00a0el hijo, la [&hellip;]<\/p>\n","protected":false},"author":3,"featured_media":0,"comment_status":"open","ping_status":"open","sticky":false,"template":"","format":"standard","meta":{"_monsterinsights_skip_tracking":false,"_monsterinsights_sitenote_active":false,"_monsterinsights_sitenote_note":"","_monsterinsights_sitenote_category":0,"footnotes":""},"categories":[6],"tags":[11,12],"class_list":["post-721","post","type-post","status-publish","format-standard","hentry","category-novedades","tag-fundacion-seguros-caracas","tag-seguridad-vial"],"aioseo_notices":[],"_links":{"self":[{"href":"https:\/\/fundacionseguroscaracas.com\/index.php?rest_route=\/wp\/v2\/posts\/721","targetHints":{"allow":["GET"]}}],"collection":[{"href":"https:\/\/fundacionseguroscaracas.com\/index.php?rest_route=\/wp\/v2\/posts"}],"about":[{"href":"https:\/\/fundacionseguroscaracas.com\/index.php?rest_route=\/wp\/v2\/types\/post"}],"author":[{"embeddable":true,"href":"https:\/\/fundacionseguroscaracas.com\/index.php?rest_route=\/wp\/v2\/users\/3"}],"replies":[{"embeddable":true,"href":"https:\/\/fundacionseguroscaracas.com\/index.php?rest_route=%2Fwp%2Fv2%2Fcomments&post=721"}],"version-history":[{"count":2,"href":"https:\/\/fundacionseguroscaracas.com\/index.php?rest_route=\/wp\/v2\/posts\/721\/revisions"}],"predecessor-version":[{"id":725,"href":"https:\/\/fundacionseguroscaracas.com\/index.php?rest_route=\/wp\/v2\/posts\/721\/revisions\/725"}],"wp:attachment":[{"href":"https:\/\/fundacionseguroscaracas.com\/index.php?rest_route=%2Fwp%2Fv2%2Fmedia&parent=721"}],"wp:term":[{"taxonomy":"category","embeddable":true,"href":"https:\/\/fundacionseguroscaracas.com\/index.php?rest_route=%2Fwp%2Fv2%2Fcategories&post=721"},{"taxonomy":"post_tag","embeddable":true,"href":"https:\/\/fundacionseguroscaracas.com\/index.php?rest_route=%2Fwp%2Fv2%2Ftags&post=721"}],"curies":[{"name":"wp","href":"https:\/\/api.w.org\/{rel}","templated":true}]}}