{"id":732,"date":"2013-11-11T16:14:55","date_gmt":"2013-11-11T16:14:55","guid":{"rendered":"http:\/\/fundacionseguroscaracas.org\/?p=732"},"modified":"2013-11-11T16:14:55","modified_gmt":"2013-11-11T16:14:55","slug":"el-salon-de-fotografia-vuelve-a-casa","status":"publish","type":"post","link":"https:\/\/fundacionseguroscaracas.com\/?p=732","title":{"rendered":"El Sal\u00f3n de Fotograf\u00eda vuelve a casa"},"content":{"rendered":"<p><a href=\"http:\/\/fundacionseguroscaracas.org\/wp-content\/uploads\/2013\/11\/C\u00e1mara.jpg\"><img loading=\"lazy\" decoding=\"async\" class=\"alignright size-full wp-image-734\" title=\"C\u00e1mara\" src=\"http:\/\/fundacionseguroscaracas.org\/wp-content\/uploads\/2013\/11\/C\u00e1mara.jpg\" alt=\"\" width=\"297\" height=\"235\" srcset=\"https:\/\/fundacionseguroscaracas.com\/wp-content\/uploads\/2013\/11\/C\u00e1mara.jpg 297w, https:\/\/fundacionseguroscaracas.com\/wp-content\/uploads\/2013\/11\/C\u00e1mara-250x197.jpg 250w, https:\/\/fundacionseguroscaracas.com\/wp-content\/uploads\/2013\/11\/C\u00e1mara-125x98.jpg 125w, https:\/\/fundacionseguroscaracas.com\/wp-content\/uploads\/2013\/11\/C\u00e1mara-167x131.jpg 167w\" sizes=\"auto, (max-width: 297px) 100vw, 297px\" \/><\/a><\/p>\n<p>Los habitantes de la ciudad capital podr\u00e1n visitar el\u00a0<em>Sal\u00f3n de Fotograf\u00eda sobre Seguridad Vial Fundaci\u00f3n Seguros Caracas<\/em>, desde el 14 de noviembre hasta el 6 de diciembre, en el Espacio Cultural La Pizarra, en el Municipio Sucre.<\/p>\n<p>Luego de un intenso recorrido por varias ciudades de la geograf\u00eda venezolana durante un a\u00f1o, el Sal\u00f3n regresa a su punto de partida, Caracas.<\/p>\n<p>El\u00a0<em>Sal\u00f3n de Fotograf\u00eda sobre Seguridad Vial Fundaci\u00f3n Seguros Caracas<\/em>\u00a0muestra 30 fotograf\u00edas que retratan la realidad de la seguridad vial en Venezuela.<!--more--><\/p>\n<p>Para Alberto Asprino, curador del\u00a0<em>Sal\u00f3n de Fotograf\u00eda sobre Seguridad Vial<\/em>,\u00a0 este proyecto itinerante ha motivado a \u201cmeterle el ojo a esa compleja realidad que retrata ese comportamiento particular que identifica nuestras acciones humanas en nuestras ciudades, aquellas generadas tanto por el que las transita en calidad de peat\u00f3n como aquel que circula vehicularmente, ya bien sea en calidad de pasajero o de conductor de colectivo o privado, todos envueltos en una arquitectura emocional que a diario nos atrapa y envuelve. Treinta miradas conforman el cuerpo colectivo de este primer encuentro fotogr\u00e1fico en la que el asombro y lo impredecible se convierten en tema y discurso colectivo, en cruda y preocupante realidad\u201d.<\/p>\n<p>Cabe recordar que el a\u00f1o pasado,\u00a0<strong>Fundaci\u00f3n Seguros Caracas<\/strong>\u00a0realiz\u00f3 el\u00a0<a href=\"http:\/\/fundacionseguroscaracas.org\/2012\/09\/28\/seleccionan-ganadores-del-salon-de-fotografia-sobre-seguridad-vial\/\" target=\"_blank\">Concurso \u201cSal\u00f3n de Fotograf\u00eda sobre Seguridad Vial Fundaci\u00f3n Seguros Caracas\u201d<\/a>, gracias al cual se logr\u00f3 recabar el banco de im\u00e1genes que se exponen en el Sal\u00f3n.<\/p>\n<p>Durante la inauguraci\u00f3n del\u00a0<strong><a href=\"http:\/\/fundacionseguroscaracas.org\/2012\/11\/12\/inaugurado-salon-de-fotografia-de-seguridad-vial\/\" target=\"_blank\"><em>Sal\u00f3n de Fotograf\u00eda de Seguridad Vial<\/em><\/a><\/strong>, el 8 de noviembre de 2012, el gerente general de la\u00a0<em>Fundaci\u00f3n Seguros Caracas<\/em>, Gerardo Perozo, coment\u00f3 que \u201cmuchos de los problemas al momento de hacer campa\u00f1as de seguridad vial es la poca existencia de im\u00e1genes propias de Venezuela\u201d.<\/p>\n<p>As\u00ed que te invitamos a visitar nuestro Sal\u00f3n de Fotograf\u00eda, a partir de este jueves 14 de noviembre. Lugar: Centro C\u00edvico Miranda, piso 2, entre la Plaza Miranda y el Millenium Mall. Los Dos Caminos, Caracas.<\/p>\n<p>La entrada es totalmente libre.<\/p>\n<p><a href=\"http:\/\/fundacionseguroscaracas.org\/wp-content\/uploads\/2013\/11\/FSC-INVITACI\u00d3N-Caracas-Milenium.jpg\"><img loading=\"lazy\" decoding=\"async\" class=\"aligncenter size-full wp-image-735\" title=\"FSC-INVITACI\u00d3N-Caracas-Milenium\" src=\"http:\/\/fundacionseguroscaracas.org\/wp-content\/uploads\/2013\/11\/FSC-INVITACI\u00d3N-Caracas-Milenium.jpg\" alt=\"\" width=\"640\" height=\"480\" srcset=\"https:\/\/fundacionseguroscaracas.com\/wp-content\/uploads\/2013\/11\/FSC-INVITACI\u00d3N-Caracas-Milenium.jpg 640w, https:\/\/fundacionseguroscaracas.com\/wp-content\/uploads\/2013\/11\/FSC-INVITACI\u00d3N-Caracas-Milenium-250x187.jpg 250w, https:\/\/fundacionseguroscaracas.com\/wp-content\/uploads\/2013\/11\/FSC-INVITACI\u00d3N-Caracas-Milenium-125x93.jpg 125w, https:\/\/fundacionseguroscaracas.com\/wp-content\/uploads\/2013\/11\/FSC-INVITACI\u00d3N-Caracas-Milenium-638x480.jpg 638w\" sizes=\"auto, (max-width: 640px) 100vw, 640px\" \/><\/a><\/p>\n","protected":false},"excerpt":{"rendered":"<p>Los habitantes de la ciudad capital podr\u00e1n visitar el\u00a0Sal\u00f3n de Fotograf\u00eda sobre Seguridad Vial Fundaci\u00f3n Seguros Caracas, desde el 14 de noviembre hasta el 6 de diciembre, en el Espacio Cultural La Pizarra, en el Municipio Sucre. Luego de un intenso recorrido por varias ciudades de la geograf\u00eda venezolana durante un a\u00f1o, el Sal\u00f3n regresa [&hellip;]<\/p>\n","protected":false},"author":3,"featured_media":0,"comment_status":"open","ping_status":"open","sticky":false,"template":"","format":"standard","meta":{"_monsterinsights_skip_tracking":false,"_monsterinsights_sitenote_active":false,"_monsterinsights_sitenote_note":"","_monsterinsights_sitenote_category":0,"footnotes":""},"categories":[6],"tags":[11,33,12],"class_list":["post-732","post","type-post","status-publish","format-standard","hentry","category-novedades","tag-fundacion-seguros-caracas","tag-salon-de-fotografia-sobre-seguridad-vial","tag-seguridad-vial"],"aioseo_notices":[],"_links":{"self":[{"href":"https:\/\/fundacionseguroscaracas.com\/index.php?rest_route=\/wp\/v2\/posts\/732","targetHints":{"allow":["GET"]}}],"collection":[{"href":"https:\/\/fundacionseguroscaracas.com\/index.php?rest_route=\/wp\/v2\/posts"}],"about":[{"href":"https:\/\/fundacionseguroscaracas.com\/index.php?rest_route=\/wp\/v2\/types\/post"}],"author":[{"embeddable":true,"href":"https:\/\/fundacionseguroscaracas.com\/index.php?rest_route=\/wp\/v2\/users\/3"}],"replies":[{"embeddable":true,"href":"https:\/\/fundacionseguroscaracas.com\/index.php?rest_route=%2Fwp%2Fv2%2Fcomments&post=732"}],"version-history":[{"count":1,"href":"https:\/\/fundacionseguroscaracas.com\/index.php?rest_route=\/wp\/v2\/posts\/732\/revisions"}],"predecessor-version":[{"id":736,"href":"https:\/\/fundacionseguroscaracas.com\/index.php?rest_route=\/wp\/v2\/posts\/732\/revisions\/736"}],"wp:attachment":[{"href":"https:\/\/fundacionseguroscaracas.com\/index.php?rest_route=%2Fwp%2Fv2%2Fmedia&parent=732"}],"wp:term":[{"taxonomy":"category","embeddable":true,"href":"https:\/\/fundacionseguroscaracas.com\/index.php?rest_route=%2Fwp%2Fv2%2Fcategories&post=732"},{"taxonomy":"post_tag","embeddable":true,"href":"https:\/\/fundacionseguroscaracas.com\/index.php?rest_route=%2Fwp%2Fv2%2Ftags&post=732"}],"curies":[{"name":"wp","href":"https:\/\/api.w.org\/{rel}","templated":true}]}}