{"id":738,"date":"2013-11-15T19:21:09","date_gmt":"2013-11-15T19:21:09","guid":{"rendered":"http:\/\/fundacionseguroscaracas.org\/?p=738"},"modified":"2013-12-03T15:30:51","modified_gmt":"2013-12-03T15:30:51","slug":"ninos-aprenden-sobre-seguridad-vial-en-el-municipio-sucre","status":"publish","type":"post","link":"https:\/\/fundacionseguroscaracas.com\/?p=738","title":{"rendered":"Ni\u00f1os aprenden sobre Seguridad Vial en el municipio Sucre"},"content":{"rendered":"<p><a href=\"http:\/\/fundacionseguroscaracas.org\/wp-content\/uploads\/2013\/12\/Sal\u00f3n-Fotograf\u00eda-FSC-0331.jpg\"><img loading=\"lazy\" decoding=\"async\" class=\"alignright size-full wp-image-739\" title=\"Sal\u00f3n Fotograf\u00eda FSC 0331\" src=\"http:\/\/fundacionseguroscaracas.org\/wp-content\/uploads\/2013\/12\/Sal\u00f3n-Fotograf\u00eda-FSC-0331.jpg\" alt=\"\" width=\"314\" height=\"235\" srcset=\"https:\/\/fundacionseguroscaracas.com\/wp-content\/uploads\/2013\/12\/Sal\u00f3n-Fotograf\u00eda-FSC-0331.jpg 314w, https:\/\/fundacionseguroscaracas.com\/wp-content\/uploads\/2013\/12\/Sal\u00f3n-Fotograf\u00eda-FSC-0331-250x187.jpg 250w, https:\/\/fundacionseguroscaracas.com\/wp-content\/uploads\/2013\/12\/Sal\u00f3n-Fotograf\u00eda-FSC-0331-125x93.jpg 125w\" sizes=\"auto, (max-width: 314px) 100vw, 314px\" \/><\/a>Los ni\u00f1os del municipio Sucre son protagonistas del\u00a0<a href=\"http:\/\/fundacionseguroscaracas.org\/2013\/11\/11\/el-salon-de-fotografia-vuelve-a-casa\/\" target=\"_blank\">Sal\u00f3n de Fotograf\u00eda sobre Seguridad Vial Fundaci\u00f3n Seguros Caracas<\/a>, que se inaugur\u00f3 el pasado 14 de noviembre en el Espacio Cultural La Pizarra.<\/p>\n<p>A trav\u00e9s del taller creativo titulado \u201cLa ciudad que leemos\u201d, grupos de estudiantes de educaci\u00f3n primaria de diversas escuelas p\u00fablicas del municipio Sucre aprenden \u201cjugando\u201d sobre la importancia de la seguridad vial en la ciudad, objetivo principal de la iniciativa que adelantan\u00a0<strong><em>La Pizarra Cultural<\/em><\/strong>\u00a0y la\u00a0<em><strong>Fundaci\u00f3n Seguros Caracas<\/strong><\/em>.<img decoding=\"async\" title=\"M\u00e1s...\" src=\"http:\/\/tuseguridadvial.org\/wp-includes\/js\/tinymce\/plugins\/wordpress\/img\/trans.gif\" alt=\"\" \/><!--more--><\/p>\n<p>Acompa\u00f1ados por el facilitador y mimos del municipio Sucre, la actividad inicia con una breve reflexi\u00f3n del concepto que tiene cada alumno sobre la seguridad vial en una ciudad; luego, pasan a observar con detenimiento las im\u00e1genes que se exhiben en el Sal\u00f3n de Fotograf\u00eda; el facilitador propicia\u00a0 un dialogo con aquellas fotos que m\u00e1s atraiga la atenci\u00f3n de los estudiantes.<\/p>\n<p>Despu\u00e9s de esta breve reflexi\u00f3n, se forman peque\u00f1os grupos que se ubican frente a las fotograf\u00edas seleccionadas; cada grupo, observa con detenimiento las im\u00e1genes que derivan de las fotos e intercambian ideas. Establecen relaci\u00f3n (lectura) entre la fotograf\u00eda seleccionada con el entorno inmediato de los integrantes de cada grupo; anotan en una hoja las ideas surgidas en este intercambio.<\/p>\n<p>Luego, cada grupo debe crear una historia que destaque el cumplimiento de la seguridad vial en una comunidad; finalmente, cada grupo dramatiza su historia frente al resto de los integrantes de los grupos participantes.<\/p>\n<p>El d\u00eda de la inauguraci\u00f3n del Sal\u00f3n de Fotograf\u00eda, le toc\u00f3 el turno a los alumnos de la U.E. Julio Garmendia, quienes se divirtieron aprendiendo sobre lo da\u00f1ino del uso del celular mientras se conduce, as\u00ed como el peligro de manejar luego de ingerir bebidas alcoh\u00f3licas, entre otros.<\/p>\n<p>La actividad se estar\u00e1 realizando hasta el d\u00eda 5 de diciembre. Mientras que el Sal\u00f3n de Fotograf\u00eda sobre Seguridad Vial Fundaci\u00f3n Seguros Caracas clausura el pr\u00f3ximo 6 de diciembre.<\/p>\n<p>\u00a1No te lo pierdas!<\/p>\n<p><a href=\"http:\/\/fundacionseguroscaracas.org\/wp-content\/uploads\/2013\/12\/Sal\u00f3n-Fotograf\u00eda-FSC-026.jpg\"><img loading=\"lazy\" decoding=\"async\" class=\"aligncenter size-full wp-image-740\" title=\"Sal\u00f3n Fotograf\u00eda FSC 026\" src=\"http:\/\/fundacionseguroscaracas.org\/wp-content\/uploads\/2013\/12\/Sal\u00f3n-Fotograf\u00eda-FSC-026.jpg\" alt=\"\" width=\"640\" height=\"480\" srcset=\"https:\/\/fundacionseguroscaracas.com\/wp-content\/uploads\/2013\/12\/Sal\u00f3n-Fotograf\u00eda-FSC-026.jpg 640w, https:\/\/fundacionseguroscaracas.com\/wp-content\/uploads\/2013\/12\/Sal\u00f3n-Fotograf\u00eda-FSC-026-250x187.jpg 250w, https:\/\/fundacionseguroscaracas.com\/wp-content\/uploads\/2013\/12\/Sal\u00f3n-Fotograf\u00eda-FSC-026-125x93.jpg 125w, https:\/\/fundacionseguroscaracas.com\/wp-content\/uploads\/2013\/12\/Sal\u00f3n-Fotograf\u00eda-FSC-026-638x480.jpg 638w\" sizes=\"auto, (max-width: 640px) 100vw, 640px\" \/><\/a><\/p>\n<p>&nbsp;<\/p>\n<p><a href=\"http:\/\/fundacionseguroscaracas.org\/wp-content\/uploads\/2013\/12\/Sal\u00f3n-Fotograf\u00eda-FSC-003.jpg\"><img loading=\"lazy\" decoding=\"async\" class=\"aligncenter size-full wp-image-741\" title=\"Sal\u00f3n Fotograf\u00eda FSC 003\" src=\"http:\/\/fundacionseguroscaracas.org\/wp-content\/uploads\/2013\/12\/Sal\u00f3n-Fotograf\u00eda-FSC-003.jpg\" alt=\"\" width=\"445\" height=\"336\" srcset=\"https:\/\/fundacionseguroscaracas.com\/wp-content\/uploads\/2013\/12\/Sal\u00f3n-Fotograf\u00eda-FSC-003.jpg 445w, https:\/\/fundacionseguroscaracas.com\/wp-content\/uploads\/2013\/12\/Sal\u00f3n-Fotograf\u00eda-FSC-003-250x188.jpg 250w, https:\/\/fundacionseguroscaracas.com\/wp-content\/uploads\/2013\/12\/Sal\u00f3n-Fotograf\u00eda-FSC-003-125x94.jpg 125w\" sizes=\"auto, (max-width: 445px) 100vw, 445px\" \/><\/a><\/p>\n<p>&nbsp;<\/p>\n<p><a href=\"http:\/\/fundacionseguroscaracas.org\/wp-content\/uploads\/2013\/12\/Sal\u00f3n-Fotograf\u00eda-FSC-018.jpg\"><img loading=\"lazy\" decoding=\"async\" class=\"aligncenter size-full wp-image-742\" title=\"Sal\u00f3n Fotograf\u00eda FSC 018\" src=\"http:\/\/fundacionseguroscaracas.org\/wp-content\/uploads\/2013\/12\/Sal\u00f3n-Fotograf\u00eda-FSC-018.jpg\" alt=\"\" width=\"448\" height=\"330\" srcset=\"https:\/\/fundacionseguroscaracas.com\/wp-content\/uploads\/2013\/12\/Sal\u00f3n-Fotograf\u00eda-FSC-018.jpg 448w, https:\/\/fundacionseguroscaracas.com\/wp-content\/uploads\/2013\/12\/Sal\u00f3n-Fotograf\u00eda-FSC-018-250x184.jpg 250w, https:\/\/fundacionseguroscaracas.com\/wp-content\/uploads\/2013\/12\/Sal\u00f3n-Fotograf\u00eda-FSC-018-125x92.jpg 125w\" sizes=\"auto, (max-width: 448px) 100vw, 448px\" \/><\/a><\/p>\n<p>&nbsp;<\/p>\n<p><a href=\"http:\/\/fundacionseguroscaracas.org\/wp-content\/uploads\/2013\/12\/Sal\u00f3n-Fotograf\u00eda-FSC-006.jpg\"><img loading=\"lazy\" decoding=\"async\" class=\"aligncenter size-full wp-image-743\" title=\"Sal\u00f3n Fotograf\u00eda FSC 006\" src=\"http:\/\/fundacionseguroscaracas.org\/wp-content\/uploads\/2013\/12\/Sal\u00f3n-Fotograf\u00eda-FSC-006.jpg\" alt=\"\" width=\"448\" height=\"336\" srcset=\"https:\/\/fundacionseguroscaracas.com\/wp-content\/uploads\/2013\/12\/Sal\u00f3n-Fotograf\u00eda-FSC-006.jpg 448w, https:\/\/fundacionseguroscaracas.com\/wp-content\/uploads\/2013\/12\/Sal\u00f3n-Fotograf\u00eda-FSC-006-250x187.jpg 250w, https:\/\/fundacionseguroscaracas.com\/wp-content\/uploads\/2013\/12\/Sal\u00f3n-Fotograf\u00eda-FSC-006-125x93.jpg 125w\" sizes=\"auto, (max-width: 448px) 100vw, 448px\" \/><\/a><\/p>\n","protected":false},"excerpt":{"rendered":"<p>Los ni\u00f1os del municipio Sucre son protagonistas del\u00a0Sal\u00f3n de Fotograf\u00eda sobre Seguridad Vial Fundaci\u00f3n Seguros Caracas, que se inaugur\u00f3 el pasado 14 de noviembre en el Espacio Cultural La Pizarra. A trav\u00e9s del taller creativo titulado \u201cLa ciudad que leemos\u201d, grupos de estudiantes de educaci\u00f3n primaria de diversas escuelas p\u00fablicas del municipio Sucre aprenden \u201cjugando\u201d [&hellip;]<\/p>\n","protected":false},"author":3,"featured_media":0,"comment_status":"open","ping_status":"open","sticky":false,"template":"","format":"standard","meta":{"_monsterinsights_skip_tracking":false,"_monsterinsights_sitenote_active":false,"_monsterinsights_sitenote_note":"","_monsterinsights_sitenote_category":0,"footnotes":""},"categories":[6],"tags":[32,11,46,12],"class_list":["post-738","post","type-post","status-publish","format-standard","hentry","category-novedades","tag-educacion-vial","tag-fundacion-seguros-caracas","tag-la-pizarra-cultural","tag-seguridad-vial"],"aioseo_notices":[],"_links":{"self":[{"href":"https:\/\/fundacionseguroscaracas.com\/index.php?rest_route=\/wp\/v2\/posts\/738","targetHints":{"allow":["GET"]}}],"collection":[{"href":"https:\/\/fundacionseguroscaracas.com\/index.php?rest_route=\/wp\/v2\/posts"}],"about":[{"href":"https:\/\/fundacionseguroscaracas.com\/index.php?rest_route=\/wp\/v2\/types\/post"}],"author":[{"embeddable":true,"href":"https:\/\/fundacionseguroscaracas.com\/index.php?rest_route=\/wp\/v2\/users\/3"}],"replies":[{"embeddable":true,"href":"https:\/\/fundacionseguroscaracas.com\/index.php?rest_route=%2Fwp%2Fv2%2Fcomments&post=738"}],"version-history":[{"count":1,"href":"https:\/\/fundacionseguroscaracas.com\/index.php?rest_route=\/wp\/v2\/posts\/738\/revisions"}],"predecessor-version":[{"id":744,"href":"https:\/\/fundacionseguroscaracas.com\/index.php?rest_route=\/wp\/v2\/posts\/738\/revisions\/744"}],"wp:attachment":[{"href":"https:\/\/fundacionseguroscaracas.com\/index.php?rest_route=%2Fwp%2Fv2%2Fmedia&parent=738"}],"wp:term":[{"taxonomy":"category","embeddable":true,"href":"https:\/\/fundacionseguroscaracas.com\/index.php?rest_route=%2Fwp%2Fv2%2Fcategories&post=738"},{"taxonomy":"post_tag","embeddable":true,"href":"https:\/\/fundacionseguroscaracas.com\/index.php?rest_route=%2Fwp%2Fv2%2Ftags&post=738"}],"curies":[{"name":"wp","href":"https:\/\/api.w.org\/{rel}","templated":true}]}}