{"id":781,"date":"2014-05-16T05:47:43","date_gmt":"2014-05-16T05:47:43","guid":{"rendered":"http:\/\/fundacionseguroscaracas.org\/?p=781"},"modified":"2014-05-21T12:55:28","modified_gmt":"2014-05-21T12:55:28","slug":"convocatoria-ii-salon-de-fotografia-sobre-seguridad-vial-de-fundacion-seguros-caracas","status":"publish","type":"post","link":"https:\/\/fundacionseguroscaracas.com\/?p=781","title":{"rendered":"Convocatoria II Sal\u00f3n de Fotograf\u00eda sobre Seguridad Vial de Fundaci\u00f3n Seguros Caracas"},"content":{"rendered":"<p><a href=\"http:\/\/www.fundacionseguroscaracas.telemo.com.ve\/\"><img loading=\"lazy\" decoding=\"async\" class=\"alignright size-medium wp-image-783\" title=\"IIConcursoFotograf\u00edaSinTexto\" src=\"http:\/\/fundacionseguroscaracas.org\/wp-content\/uploads\/2014\/02\/IIConcursoFotograf\u00edaSinTexto1-250x185.jpg\" alt=\"\" width=\"250\" height=\"185\" srcset=\"https:\/\/fundacionseguroscaracas.com\/wp-content\/uploads\/2014\/02\/IIConcursoFotograf\u00edaSinTexto1-250x185.jpg 250w, https:\/\/fundacionseguroscaracas.com\/wp-content\/uploads\/2014\/02\/IIConcursoFotograf\u00edaSinTexto1-125x92.jpg 125w, https:\/\/fundacionseguroscaracas.com\/wp-content\/uploads\/2014\/02\/IIConcursoFotograf\u00edaSinTexto1.jpg 300w\" sizes=\"auto, (max-width: 250px) 100vw, 250px\" \/><\/a>Desde el 29 de abril y hasta el 11 de agosto de este a\u00f1o, se estar\u00e1n recibiendo las im\u00e1genes de los fot\u00f3grafos que deseen participar en la segunda edici\u00f3n del <a href=\"http:\/\/www.fundacionseguroscaracas.telemo.com.ve\/\">Sal\u00f3n de Fotograf\u00eda sobre Seguridad Vial<\/a> que organiza la Fundaci\u00f3n Seguros Caracas.<\/p>\n<p>La convocatoria va dirigida a profesionales o aficionados de la fotograf\u00eda que residan en el pa\u00eds, quienes podr\u00e1n presentar sus proyectos a color o blanco y negro, en formato digital.<!--more--><\/p>\n<p>Al igual que en la edici\u00f3n anterior, las fotograf\u00edas del Concurso pasar\u00e1n a integrar el Banco de Im\u00e1genes, el cual forma parte de la labor educativa y de concientizaci\u00f3n ciudadana que en materia de prevenci\u00f3n de accidentes viales realiza nuestra Fundaci\u00f3n.<\/p>\n<p>El ganador del primer premio recibir\u00e1 un aporte de Bs. 35.000,00; el segundo\u00a0lugar obtendr\u00e1 Bs. 25.000,00; el tercero, Bs. 15.000; mientras que las menciones especiales recibir\u00e1n Bs. 10.000,00.<\/p>\n<p>En esta oportunidad, el jurado de este segundo Sal\u00f3n estar\u00e1 conformado por los fot\u00f3grafos Luis Brito y Antol\u00edn S\u00e1nchez;\u00a0 el curador y artista pl\u00e1stico, Alberto Asprino; el experto en fotograf\u00eda digital, Carlos Trujillo; y el ganador de la primera edici\u00f3n, Ad\u00e1n Zarate.<\/p>\n<p>As\u00ed que si tu pasi\u00f3n es la fotograf\u00eda y quieres brindar tu aporte al tema de la seguridad vial, <a href=\"http:\/\/www.fundacionseguroscaracas.telemo.com.ve\/\">te invitamos<\/a> a que no dejes de pasar esta oportunidad que te ofrece la Fundaci\u00f3n Seguros Caracas.<\/p>\n<p><a href=\"http:\/\/www.fundacionseguroscaracas.telemo.com.ve\/\"><img loading=\"lazy\" decoding=\"async\" class=\"alignleft  wp-image-813\" title=\"2dosalon\" src=\"http:\/\/fundacionseguroscaracas.org\/wp-content\/uploads\/2014\/05\/2dosalon.jpg\" alt=\"\" width=\"680\" height=\"533\" srcset=\"https:\/\/fundacionseguroscaracas.com\/wp-content\/uploads\/2014\/05\/2dosalon.jpg 700w, https:\/\/fundacionseguroscaracas.com\/wp-content\/uploads\/2014\/05\/2dosalon-250x195.jpg 250w, https:\/\/fundacionseguroscaracas.com\/wp-content\/uploads\/2014\/05\/2dosalon-680x532.jpg 680w, https:\/\/fundacionseguroscaracas.com\/wp-content\/uploads\/2014\/05\/2dosalon-125x97.jpg 125w, https:\/\/fundacionseguroscaracas.com\/wp-content\/uploads\/2014\/05\/2dosalon-167x131.jpg 167w, https:\/\/fundacionseguroscaracas.com\/wp-content\/uploads\/2014\/05\/2dosalon-638x500.jpg 638w\" sizes=\"auto, (max-width: 680px) 100vw, 680px\" \/><\/a><\/p>\n<p>&nbsp;<\/p>\n<p>&nbsp;<\/p>\n","protected":false},"excerpt":{"rendered":"<p>Desde el 29 de abril y hasta el 11 de agosto de este a\u00f1o, se estar\u00e1n recibiendo las im\u00e1genes de los fot\u00f3grafos que deseen participar en la segunda edici\u00f3n del Sal\u00f3n de Fotograf\u00eda sobre Seguridad Vial que organiza la Fundaci\u00f3n Seguros Caracas. La convocatoria va dirigida a profesionales o aficionados de la fotograf\u00eda que residan [&hellip;]<\/p>\n","protected":false},"author":3,"featured_media":0,"comment_status":"open","ping_status":"open","sticky":false,"template":"","format":"standard","meta":{"_monsterinsights_skip_tracking":false,"_monsterinsights_sitenote_active":false,"_monsterinsights_sitenote_note":"","_monsterinsights_sitenote_category":0,"footnotes":""},"categories":[6],"tags":[12],"class_list":["post-781","post","type-post","status-publish","format-standard","hentry","category-novedades","tag-seguridad-vial"],"aioseo_notices":[],"_links":{"self":[{"href":"https:\/\/fundacionseguroscaracas.com\/index.php?rest_route=\/wp\/v2\/posts\/781","targetHints":{"allow":["GET"]}}],"collection":[{"href":"https:\/\/fundacionseguroscaracas.com\/index.php?rest_route=\/wp\/v2\/posts"}],"about":[{"href":"https:\/\/fundacionseguroscaracas.com\/index.php?rest_route=\/wp\/v2\/types\/post"}],"author":[{"embeddable":true,"href":"https:\/\/fundacionseguroscaracas.com\/index.php?rest_route=\/wp\/v2\/users\/3"}],"replies":[{"embeddable":true,"href":"https:\/\/fundacionseguroscaracas.com\/index.php?rest_route=%2Fwp%2Fv2%2Fcomments&post=781"}],"version-history":[{"count":9,"href":"https:\/\/fundacionseguroscaracas.com\/index.php?rest_route=\/wp\/v2\/posts\/781\/revisions"}],"predecessor-version":[{"id":815,"href":"https:\/\/fundacionseguroscaracas.com\/index.php?rest_route=\/wp\/v2\/posts\/781\/revisions\/815"}],"wp:attachment":[{"href":"https:\/\/fundacionseguroscaracas.com\/index.php?rest_route=%2Fwp%2Fv2%2Fmedia&parent=781"}],"wp:term":[{"taxonomy":"category","embeddable":true,"href":"https:\/\/fundacionseguroscaracas.com\/index.php?rest_route=%2Fwp%2Fv2%2Fcategories&post=781"},{"taxonomy":"post_tag","embeddable":true,"href":"https:\/\/fundacionseguroscaracas.com\/index.php?rest_route=%2Fwp%2Fv2%2Ftags&post=781"}],"curies":[{"name":"wp","href":"https:\/\/api.w.org\/{rel}","templated":true}]}}