{"id":804,"date":"2014-05-09T15:46:29","date_gmt":"2014-05-09T15:46:29","guid":{"rendered":"http:\/\/fundacionseguroscaracas.org\/?p=804"},"modified":"2014-05-13T16:21:10","modified_gmt":"2014-05-13T16:21:10","slug":"semana-de-la-seguridad-vial-en-la-via-todos-somos-responsables","status":"publish","type":"post","link":"https:\/\/fundacionseguroscaracas.com\/?p=804","title":{"rendered":"Semana de la Seguridad Vial: en la v\u00eda todos somos responsables"},"content":{"rendered":"<p><a href=\"http:\/\/fundacionseguroscaracas.org\/wp-content\/uploads\/2014\/05\/SemanaSeguridadVialUcab1.png\"><img loading=\"lazy\" decoding=\"async\" class=\"alignright size-full wp-image-806\" title=\"SemanaSeguridadVialUcab\" src=\"http:\/\/fundacionseguroscaracas.org\/wp-content\/uploads\/2014\/05\/SemanaSeguridadVialUcab1.png\" alt=\"\" width=\"273\" height=\"235\" srcset=\"https:\/\/fundacionseguroscaracas.com\/wp-content\/uploads\/2014\/05\/SemanaSeguridadVialUcab1.png 273w, https:\/\/fundacionseguroscaracas.com\/wp-content\/uploads\/2014\/05\/SemanaSeguridadVialUcab1-250x215.png 250w, https:\/\/fundacionseguroscaracas.com\/wp-content\/uploads\/2014\/05\/SemanaSeguridadVialUcab1-125x107.png 125w\" sizes=\"auto, (max-width: 273px) 100vw, 273px\" \/><\/a>Este lunes, 12 de mayo, inicia la \u00abSemana de la Seguridad Vial: En la v\u00eda todos somos responsables\u00bb, actividad organizada por la Universidad Cat\u00f3lica Andr\u00e9s Bello (UCAB) en conjunto con \u00a0la Escuela de Ciencias Sociales.<\/p>\n<p>Esta iniciativa se realizar\u00e1 realizando\u00a0en el marco del Decenio de Acci\u00f3n para la\u00a0Seguridad\u00a0Vial, por lo cual se invita a toda la comunidad universitaria y p\u00fablico en general a participar en las diferentes actividades pautadas hasta el d\u00eda viernes 16 de mayo, en la sede de la UCAB.\u00a0<!--more--><\/p>\n<div>\n<p>Sabias que&#8230;<\/p>\n<\/div>\n<div>\n<ul>\n<li>En el 2010 en Venezuela la segunda causa de muerte \u00a0en j\u00f3venes de 15 a 24 a\u00f1os son los accidentes de tr\u00e1fico. (Anuario de Mortalidad-MPPS, 2010)<\/li>\n<li>De acuerdo\u00a0al m\u00e1s reciente\u00a0estudio de\u00a0accidentes\u00a0en moto del\u00a0Instituto\u00a0Sangary de Brasil, en el 2012\u00a0Venezuela ocupa el 9no. lugar del mundo\u00a0con m\u00e1s muertes\u00a0en motocicletas.<\/li>\n<li>Una de las principales causas de accidentes de tr\u00e1fico en el \u00c1rea Metropolitana \u00a0de Caracas es la imprudencia por desconocimiento de las normas de tr\u00e1nsito, sin dejar a un lado el mal estado de las v\u00edas.<\/li>\n<\/ul>\n<p>Expertos en la materia y organizaciones que trabajan para incentivar un mejor comportamiento ciudadano en beneficio de la seguridad en las v\u00edas, como la <strong><em>Fundaci\u00f3n Seguros Caracas<\/em><\/strong>, tendr\u00e1n una participaci\u00f3n activa durante la semana.<\/p>\n<p>A continuaci\u00f3n, la agenda de la Semana de la Seguridad Vial:<\/p>\n<p>Lunes 12:\u00a0<strong>Foro de la\u00a0Seguridad\u00a0Vial<\/strong>\u00a0(P\u00fablico \u00a0General). Lugar: Sala de Usos M\u00faltiples Edif. Cincuentenario PB. Hora: 9:00 a.m a 1:00 p.m.<\/p>\n<p>Martes 13:\u00a0<strong>CIESVIAL Acci\u00f3n y reflexi\u00f3n en accidentes\u00a0viales<\/strong>\u00a0(Estudiantes de 5\u00b0 a\u00f1o de bachillerato + comunidad ucabista). Lugar: Sala de Usos M\u00faltiples Edif. Cincuentenario PB. Hora: 12:00 p.m. a 2:00 p.m.<\/p>\n<p>Mi\u00e9rcoles 14:\u00a0<em><strong>Fundaci\u00f3n Seguros Caracas IMPROVIAL<\/strong><\/em>\u00a0(P\u00fablico General). Lugar: Aula Magna. Hora: 12:00 p.m. a 2:00 p.m. [Entradas se entregar\u00e1n desde las 10:30 a.m. en el lugar].<\/p>\n<p>Jueves 15:\u00a0<strong>ASOTRANSITO \u00a0Embriaguez y Consumo Responsable.<\/strong>\u00a0Lugar: Cincuentenario PB. Hora: 12:00 p.m. a 2:00 p.m.<\/p>\n<p>Viernes 16:\u00a0<strong>Feria de la\u00a0Seguridad\u00a0Vial.<\/strong>\u00a0Lugar: Cincuentenario PB. Hora:\u00a09:00 a.m. a 2:00 p.m.<\/p>\n<p>Durante la\u00a0Semana\u00a0de la\u00a0Seguridad, el equipo de Servicio Comunitario de Vive para Servir A.C. llevar\u00e1 a cabo un tuitazo con la etiqueta\u00a0<strong>#SeguridadVial,<\/strong>\u00a0la\u00a0cual nos permitir\u00e1 expresar vivencias en la v\u00eda como pasajeros, conductores y peatones.<\/p>\n<p><a href=\"http:\/\/fundacionseguroscaracas.org\/wp-content\/uploads\/2014\/05\/SemanaSeguridadVialUcabAgenda.jpg\"><img loading=\"lazy\" decoding=\"async\" class=\"aligncenter size-full wp-image-807\" title=\"SemanaSeguridadVialUcabAgenda\" src=\"http:\/\/fundacionseguroscaracas.org\/wp-content\/uploads\/2014\/05\/SemanaSeguridadVialUcabAgenda.jpg\" alt=\"\" width=\"562\" height=\"421\" srcset=\"https:\/\/fundacionseguroscaracas.com\/wp-content\/uploads\/2014\/05\/SemanaSeguridadVialUcabAgenda.jpg 562w, https:\/\/fundacionseguroscaracas.com\/wp-content\/uploads\/2014\/05\/SemanaSeguridadVialUcabAgenda-250x187.jpg 250w, https:\/\/fundacionseguroscaracas.com\/wp-content\/uploads\/2014\/05\/SemanaSeguridadVialUcabAgenda-125x93.jpg 125w\" sizes=\"auto, (max-width: 562px) 100vw, 562px\" \/><\/a><\/p>\n<\/div>\n","protected":false},"excerpt":{"rendered":"<p>Este lunes, 12 de mayo, inicia la \u00abSemana de la Seguridad Vial: En la v\u00eda todos somos responsables\u00bb, actividad organizada por la Universidad Cat\u00f3lica Andr\u00e9s Bello (UCAB) en conjunto con \u00a0la Escuela de Ciencias Sociales. Esta iniciativa se realizar\u00e1 realizando\u00a0en el marco del Decenio de Acci\u00f3n para la\u00a0Seguridad\u00a0Vial, por lo cual se invita a toda [&hellip;]<\/p>\n","protected":false},"author":3,"featured_media":0,"comment_status":"open","ping_status":"open","sticky":false,"template":"","format":"standard","meta":{"_monsterinsights_skip_tracking":false,"_monsterinsights_sitenote_active":false,"_monsterinsights_sitenote_note":"","_monsterinsights_sitenote_category":0,"footnotes":""},"categories":[6],"tags":[11,12],"class_list":["post-804","post","type-post","status-publish","format-standard","hentry","category-novedades","tag-fundacion-seguros-caracas","tag-seguridad-vial"],"aioseo_notices":[],"_links":{"self":[{"href":"https:\/\/fundacionseguroscaracas.com\/index.php?rest_route=\/wp\/v2\/posts\/804","targetHints":{"allow":["GET"]}}],"collection":[{"href":"https:\/\/fundacionseguroscaracas.com\/index.php?rest_route=\/wp\/v2\/posts"}],"about":[{"href":"https:\/\/fundacionseguroscaracas.com\/index.php?rest_route=\/wp\/v2\/types\/post"}],"author":[{"embeddable":true,"href":"https:\/\/fundacionseguroscaracas.com\/index.php?rest_route=\/wp\/v2\/users\/3"}],"replies":[{"embeddable":true,"href":"https:\/\/fundacionseguroscaracas.com\/index.php?rest_route=%2Fwp%2Fv2%2Fcomments&post=804"}],"version-history":[{"count":2,"href":"https:\/\/fundacionseguroscaracas.com\/index.php?rest_route=\/wp\/v2\/posts\/804\/revisions"}],"predecessor-version":[{"id":809,"href":"https:\/\/fundacionseguroscaracas.com\/index.php?rest_route=\/wp\/v2\/posts\/804\/revisions\/809"}],"wp:attachment":[{"href":"https:\/\/fundacionseguroscaracas.com\/index.php?rest_route=%2Fwp%2Fv2%2Fmedia&parent=804"}],"wp:term":[{"taxonomy":"category","embeddable":true,"href":"https:\/\/fundacionseguroscaracas.com\/index.php?rest_route=%2Fwp%2Fv2%2Fcategories&post=804"},{"taxonomy":"post_tag","embeddable":true,"href":"https:\/\/fundacionseguroscaracas.com\/index.php?rest_route=%2Fwp%2Fv2%2Ftags&post=804"}],"curies":[{"name":"wp","href":"https:\/\/api.w.org\/{rel}","templated":true}]}}