{"id":818,"date":"2014-05-12T04:55:53","date_gmt":"2014-05-12T04:55:53","guid":{"rendered":"http:\/\/fundacionseguroscaracas.org\/?p=818"},"modified":"2014-05-22T04:59:07","modified_gmt":"2014-05-22T04:59:07","slug":"propuestas-y-reflexiones-en-la-semana-de-la-seguridad-vial","status":"publish","type":"post","link":"https:\/\/fundacionseguroscaracas.com\/?p=818","title":{"rendered":"Propuestas y reflexiones en la Semana de la Seguridad Vial"},"content":{"rendered":"<p><a href=\"http:\/\/fundacionseguroscaracas.org\/wp-content\/uploads\/2014\/05\/SemanaSeguridadVialUcabAgenda1.jpg\"><img loading=\"lazy\" decoding=\"async\" class=\"alignright size-full wp-image-819\" title=\"SemanaSeguridadVialUcabAgenda\" src=\"http:\/\/fundacionseguroscaracas.org\/wp-content\/uploads\/2014\/05\/SemanaSeguridadVialUcabAgenda1.jpg\" alt=\"\" width=\"314\" height=\"235\" srcset=\"https:\/\/fundacionseguroscaracas.com\/wp-content\/uploads\/2014\/05\/SemanaSeguridadVialUcabAgenda1.jpg 314w, https:\/\/fundacionseguroscaracas.com\/wp-content\/uploads\/2014\/05\/SemanaSeguridadVialUcabAgenda1-250x187.jpg 250w, https:\/\/fundacionseguroscaracas.com\/wp-content\/uploads\/2014\/05\/SemanaSeguridadVialUcabAgenda1-125x93.jpg 125w\" sizes=\"auto, (max-width: 314px) 100vw, 314px\" \/><\/a>Hoy se inici\u00f3 la Semana de la Seguridad Vial, en la Universidad Cat\u00f3lica Andr\u00e9s Bello (UCAB), con la participaci\u00f3n de\u00a0expertos en el \u00e1rea de la prevenci\u00f3n vial, quienes ofrecieron un panorama de la situaci\u00f3n actual y aportaron soluciones a los entes gubernamental sobre este problema que se cobra v\u00edctimas d\u00eda a d\u00eda.<\/p>\n<p>El soci\u00f3logo Fernando Blanco, a cargo de la apertura del evento,\u00a0ofreci\u00f3 los resultados de un estudio realizado entre 2001 y 2011, que refleja la alarmante cifra de 1,2 millones de accidentes a nivel mundial durante este per\u00edodo, contexto que le sirvi\u00f3 para explicar la relaci\u00f3n entre el nivel de desarrollo urbano y la letalidad de los siniestros. Asimismo, resalt\u00f3 las discrepancias entre las cifras ofrecidas por los organismos del Estado, tanto del Ministerio del Poder Popular para la Salud (MPPS) como del Instituto Nacional de Transporte Terrestre (INTT).<img decoding=\"async\" title=\"M\u00e1s...\" src=\"http:\/\/tuseguridadvial.org\/wp-includes\/js\/tinymce\/plugins\/wordpress\/img\/trans.gif\" alt=\"\" \/><!--more--><\/p>\n<div dir=\"ltr\">Por su parte, el tambi\u00e9n soci\u00f3logo Omar Hern\u00e1ndez elabor\u00f3 un enfoque de los sistemas aplicables a las pol\u00edticas p\u00fablicas en materia de seguridad vial, los cuales involucraban un mejoramiento en las condiciones de los veh\u00edculos, un mayor mantenimiento de las v\u00edas, el respeto a las normas de tr\u00e1nsito \u00a0y la colaboraci\u00f3n de los medios\u00a0de comunicaci\u00f3n\u00a0en la educaci\u00f3n de los peatones y conductores.<\/div>\n<div dir=\"ltr\"><\/div>\n<div dir=\"ltr\">Mayerling Fag\u00fandez, miembro del Observatorio de la Seguridad Vial de la asociaci\u00f3n civil Paz Activa, mostr\u00f3 un an\u00e1lisis realizado por la organizaci\u00f3n sobre la cobertura que le dan los medios de comunicaci\u00f3n social a los accidentes viales.<\/div>\n<div dir=\"ltr\"><\/div>\n<div dir=\"ltr\">El presidente de la Asociaci\u00f3n Venezolana para la Prevenci\u00f3n de Accidentes Viales (Avepae), Kenneth Agar,\u00a0present\u00f3 un estudio nacional de los accidentes en moto, que muestra el incremento de este tipo de veh\u00edculos en el pa\u00eds y su influencia en el aumento de los accidentes viales. Adem\u00e1s, el experto revel\u00f3 c\u00f3mo el tipo de casco y la indumentaria de los motorizados pueden disminuir este tipo de incidentes.<\/div>\n<div dir=\"ltr\"><\/div>\n<div dir=\"ltr\">El cierre del evento estuvo a cargo de Mitchel Vidal, arquitecta egresada de la UCV y ex miembro de Fundapatrimonio, quien mostr\u00f3 el rol de los ciudadanos en la prevenci\u00f3n de los accidentes viales y la influencia de la cultura ciudadana en la disminuci\u00f3n de este tipo de hechos.<\/div>\n<div dir=\"ltr\"><\/div>\n<div dir=\"ltr\">La Semana de la Seguridad Vial continuar\u00e1 esta semana con distintas actividades. Este martes, \u00a0el Centro de Investigaci\u00f3n en Educaci\u00f3n y Seguridad Vial (Ciesvial) realizar\u00e1 la ponencia \u201cAcci\u00f3n y reflexi\u00f3n en accidentes viales\u201d. El mi\u00e9rcoles, el evento contar\u00e1 con la participaci\u00f3n del grupo de teatro\u00a0<em>Improvisto<\/em>\u00a0y su obra de teatro \u00abImprovial\u00bb. El jueves, la asociaci\u00f3n civil Asotr\u00e1nsito realizar\u00e1 la exposici\u00f3n: \u201cEmbriaguez y consumo responsable\u201d. El evento se clausura el viernes con la \u00abFeria de la Seguridad Vial\u00bb.<\/div>\n","protected":false},"excerpt":{"rendered":"<p>Hoy se inici\u00f3 la Semana de la Seguridad Vial, en la Universidad Cat\u00f3lica Andr\u00e9s Bello (UCAB), con la participaci\u00f3n de\u00a0expertos en el \u00e1rea de la prevenci\u00f3n vial, quienes ofrecieron un panorama de la situaci\u00f3n actual y aportaron soluciones a los entes gubernamental sobre este problema que se cobra v\u00edctimas d\u00eda a d\u00eda. El soci\u00f3logo Fernando [&hellip;]<\/p>\n","protected":false},"author":3,"featured_media":0,"comment_status":"open","ping_status":"open","sticky":false,"template":"","format":"standard","meta":{"_monsterinsights_skip_tracking":false,"_monsterinsights_sitenote_active":false,"_monsterinsights_sitenote_note":"","_monsterinsights_sitenote_category":0,"footnotes":""},"categories":[6],"tags":[19,11,48,12],"class_list":["post-818","post","type-post","status-publish","format-standard","hentry","category-novedades","tag-avepae","tag-fundacion-seguros-caracas","tag-paz-activa","tag-seguridad-vial"],"aioseo_notices":[],"_links":{"self":[{"href":"https:\/\/fundacionseguroscaracas.com\/index.php?rest_route=\/wp\/v2\/posts\/818","targetHints":{"allow":["GET"]}}],"collection":[{"href":"https:\/\/fundacionseguroscaracas.com\/index.php?rest_route=\/wp\/v2\/posts"}],"about":[{"href":"https:\/\/fundacionseguroscaracas.com\/index.php?rest_route=\/wp\/v2\/types\/post"}],"author":[{"embeddable":true,"href":"https:\/\/fundacionseguroscaracas.com\/index.php?rest_route=\/wp\/v2\/users\/3"}],"replies":[{"embeddable":true,"href":"https:\/\/fundacionseguroscaracas.com\/index.php?rest_route=%2Fwp%2Fv2%2Fcomments&post=818"}],"version-history":[{"count":1,"href":"https:\/\/fundacionseguroscaracas.com\/index.php?rest_route=\/wp\/v2\/posts\/818\/revisions"}],"predecessor-version":[{"id":820,"href":"https:\/\/fundacionseguroscaracas.com\/index.php?rest_route=\/wp\/v2\/posts\/818\/revisions\/820"}],"wp:attachment":[{"href":"https:\/\/fundacionseguroscaracas.com\/index.php?rest_route=%2Fwp%2Fv2%2Fmedia&parent=818"}],"wp:term":[{"taxonomy":"category","embeddable":true,"href":"https:\/\/fundacionseguroscaracas.com\/index.php?rest_route=%2Fwp%2Fv2%2Fcategories&post=818"},{"taxonomy":"post_tag","embeddable":true,"href":"https:\/\/fundacionseguroscaracas.com\/index.php?rest_route=%2Fwp%2Fv2%2Ftags&post=818"}],"curies":[{"name":"wp","href":"https:\/\/api.w.org\/{rel}","templated":true}]}}