{"id":875,"date":"2014-10-15T23:48:49","date_gmt":"2014-10-15T23:48:49","guid":{"rendered":"http:\/\/fundacionseguroscaracas.org\/?p=875"},"modified":"2014-11-06T21:37:04","modified_gmt":"2014-11-06T21:37:04","slug":"ii-salon-de-fotografia-sobre-seguridad-vial-ya-tiene-sus-ganadores","status":"publish","type":"post","link":"https:\/\/fundacionseguroscaracas.com\/?p=875","title":{"rendered":"II Sal\u00f3n de Fotograf\u00eda sobre Seguridad Vial ya tiene sus ganadores"},"content":{"rendered":"<p><a href=\"http:\/\/fundacionseguroscaracas.org\/wp-content\/uploads\/2014\/10\/Menci\u00f3nATodaVelocidad.jpg\"><img loading=\"lazy\" decoding=\"async\" class=\"alignright size-full wp-image-876\" src=\"http:\/\/fundacionseguroscaracas.org\/wp-content\/uploads\/2014\/10\/Menci\u00f3nATodaVelocidad.jpg\" alt=\"Menci\u00f3nATodaVelocidad\" width=\"297\" height=\"235\" srcset=\"https:\/\/fundacionseguroscaracas.com\/wp-content\/uploads\/2014\/10\/Menci\u00f3nATodaVelocidad.jpg 297w, https:\/\/fundacionseguroscaracas.com\/wp-content\/uploads\/2014\/10\/Menci\u00f3nATodaVelocidad-250x197.jpg 250w, https:\/\/fundacionseguroscaracas.com\/wp-content\/uploads\/2014\/10\/Menci\u00f3nATodaVelocidad-125x98.jpg 125w, https:\/\/fundacionseguroscaracas.com\/wp-content\/uploads\/2014\/10\/Menci\u00f3nATodaVelocidad-167x131.jpg 167w\" sizes=\"auto, (max-width: 297px) 100vw, 297px\" \/><\/a>\u201cDurante el apag\u00f3n\u201d, de Emilie Jolie\u00a0 Medina (Caracas), fue la imagen ganadora del \u201cII Sal\u00f3n de Fotograf\u00eda sobre Seguridad Vial de la Fundaci\u00f3n Seguros Caracas. El segundo lugar le fue otorgado a Jessica Margarita Saffon Venegas (Puerto Ordaz) con \u201cRepartidor de Tortas\u201d; y, el tercer premio lo gan\u00f3 Katiana Cardona Reyna (Caracas) con la foto \u201cP\u00e9rdida Total\u201d.<\/p>\n<p>Asimismo, fueron otorgados tres menciones honor\u00edficas: Alveiro Bolivar (Anarqu\u00eda II), Carlos Eduardo Santos Colorado (Animales en la V\u00eda) y Ricky Yonel Sejor P. (A toda Velocidad).<!--more--><\/p>\n<p>La ganadora recibir\u00e1 un premio de Bs. 35.000,00, mientras que el segundo y tercer lugar obtendr\u00e1n Bs. 25.000,00 y Bs. 15.000,00 respectivamente. Las menciones honor\u00edficas tienen un premio de\u00a0Bs. 10.000,00 cada una.<\/p>\n<p>Al jurado, conformado por los fot\u00f3grafos Luis Brito y Antol\u00edn S\u00e1nchez;\u00a0 el curador y artista pl\u00e1stico, Alberto Asprino; el experto en fotograf\u00eda digital, Carlos Trujillo; y el ganador de la primera edici\u00f3n, Ad\u00e1n Zarate, le toc\u00f3 un arduo trabajo escoger las fotograf\u00edas ganadoras, de un total de 247 im\u00e1genes recibidas durante la etapa de recepci\u00f3n, que se realiz\u00f3 entre los meses de abril y agosto de este a\u00f1o.<\/p>\n<p>30 im\u00e1genes conformar\u00e1n la exposici\u00f3n del II Sal\u00f3n de Fotograf\u00eda sobre Seguridad Vial de la <strong><em>Fundaci\u00f3n Seguros Caracas<\/em><\/strong>, que se inaugurar\u00e1 en Caracas el pr\u00f3ximo 5\u00a0de noviembre, en los espacios de Trasnocho Cultural del Centro Comercial Paseo Las Mercedes. Luego, iniciar\u00e1 su recorrido por diversas ciudades del pa\u00eds.<\/p>\n<p>Con esta iniciativa, una vez m\u00e1s se pone en relieve la labor educativa y de concientizaci\u00f3n ciudadana que en materia de prevenci\u00f3n de accidentes viales realiza la <a href=\"http:\/\/fundacionseguroscaracas.org\/\" target=\"_blank\"><strong><em>Fundaci\u00f3n Seguros Caracas<\/em><\/strong><\/a>.<\/p>\n<p>Felicitamos a todos los ganadores y agradecemos a cada uno de los participantes por haber respondido a nuestra convocatoria.<\/p>\n<div id=\"attachment_877\" style=\"width: 646px\" class=\"wp-caption aligncenter\"><a href=\"http:\/\/fundacionseguroscaracas.org\/wp-content\/uploads\/2014\/10\/1er.DuranteElApag\u00f3n.jpg\"><img loading=\"lazy\" decoding=\"async\" aria-describedby=\"caption-attachment-877\" class=\"wp-image-877 size-full\" src=\"http:\/\/fundacionseguroscaracas.org\/wp-content\/uploads\/2014\/10\/1er.DuranteElApag\u00f3n.jpg\" alt=\"&quot;Durante el Apag\u00f3n&quot;, fotograf\u00eda ganadora, de Emilie Medina.\" width=\"636\" height=\"480\" srcset=\"https:\/\/fundacionseguroscaracas.com\/wp-content\/uploads\/2014\/10\/1er.DuranteElApag\u00f3n.jpg 636w, https:\/\/fundacionseguroscaracas.com\/wp-content\/uploads\/2014\/10\/1er.DuranteElApag\u00f3n-250x188.jpg 250w, https:\/\/fundacionseguroscaracas.com\/wp-content\/uploads\/2014\/10\/1er.DuranteElApag\u00f3n-125x94.jpg 125w\" sizes=\"auto, (max-width: 636px) 100vw, 636px\" \/><\/a><\/p>\n<p id=\"caption-attachment-877\" class=\"wp-caption-text\">\u00abDurante el Apag\u00f3n\u00bb, fotograf\u00eda ganadora, de Emilie Medina<\/p>\n<\/div>\n","protected":false},"excerpt":{"rendered":"<p>\u201cDurante el apag\u00f3n\u201d, de Emilie Jolie\u00a0 Medina (Caracas), fue la imagen ganadora del \u201cII Sal\u00f3n de Fotograf\u00eda sobre Seguridad Vial de la Fundaci\u00f3n Seguros Caracas. El segundo lugar le fue otorgado a Jessica Margarita Saffon Venegas (Puerto Ordaz) con \u201cRepartidor de Tortas\u201d; y, el tercer premio lo gan\u00f3 Katiana Cardona Reyna (Caracas) con la foto [&hellip;]<\/p>\n","protected":false},"author":3,"featured_media":0,"comment_status":"open","ping_status":"open","sticky":false,"template":"","format":"standard","meta":{"_monsterinsights_skip_tracking":false,"_monsterinsights_sitenote_active":false,"_monsterinsights_sitenote_note":"","_monsterinsights_sitenote_category":0,"footnotes":""},"categories":[6],"tags":[12],"class_list":["post-875","post","type-post","status-publish","format-standard","hentry","category-novedades","tag-seguridad-vial"],"aioseo_notices":[],"_links":{"self":[{"href":"https:\/\/fundacionseguroscaracas.com\/index.php?rest_route=\/wp\/v2\/posts\/875","targetHints":{"allow":["GET"]}}],"collection":[{"href":"https:\/\/fundacionseguroscaracas.com\/index.php?rest_route=\/wp\/v2\/posts"}],"about":[{"href":"https:\/\/fundacionseguroscaracas.com\/index.php?rest_route=\/wp\/v2\/types\/post"}],"author":[{"embeddable":true,"href":"https:\/\/fundacionseguroscaracas.com\/index.php?rest_route=\/wp\/v2\/users\/3"}],"replies":[{"embeddable":true,"href":"https:\/\/fundacionseguroscaracas.com\/index.php?rest_route=%2Fwp%2Fv2%2Fcomments&post=875"}],"version-history":[{"count":2,"href":"https:\/\/fundacionseguroscaracas.com\/index.php?rest_route=\/wp\/v2\/posts\/875\/revisions"}],"predecessor-version":[{"id":910,"href":"https:\/\/fundacionseguroscaracas.com\/index.php?rest_route=\/wp\/v2\/posts\/875\/revisions\/910"}],"wp:attachment":[{"href":"https:\/\/fundacionseguroscaracas.com\/index.php?rest_route=%2Fwp%2Fv2%2Fmedia&parent=875"}],"wp:term":[{"taxonomy":"category","embeddable":true,"href":"https:\/\/fundacionseguroscaracas.com\/index.php?rest_route=%2Fwp%2Fv2%2Fcategories&post=875"},{"taxonomy":"post_tag","embeddable":true,"href":"https:\/\/fundacionseguroscaracas.com\/index.php?rest_route=%2Fwp%2Fv2%2Ftags&post=875"}],"curies":[{"name":"wp","href":"https:\/\/api.w.org\/{rel}","templated":true}]}}