{"id":905,"date":"2014-11-06T21:13:31","date_gmt":"2014-11-06T21:13:31","guid":{"rendered":"http:\/\/fundacionseguroscaracas.org\/?p=905"},"modified":"2014-11-06T21:13:31","modified_gmt":"2014-11-06T21:13:31","slug":"inaugurado-ii-salon-de-fotografia-sobre-seguridad-vial","status":"publish","type":"post","link":"https:\/\/fundacionseguroscaracas.com\/?p=905","title":{"rendered":"Inaugurado II Sal\u00f3n de Fotograf\u00eda sobre Seguridad Vial"},"content":{"rendered":"<p><a href=\"http:\/\/fundacionseguroscaracas.org\/wp-content\/uploads\/2014\/11\/CarlosGral.jpg\"><img loading=\"lazy\" decoding=\"async\" class=\"alignright size-full wp-image-906\" src=\"http:\/\/fundacionseguroscaracas.org\/wp-content\/uploads\/2014\/11\/CarlosGral.jpg\" alt=\"CarlosGral\" width=\"305\" height=\"235\" srcset=\"https:\/\/fundacionseguroscaracas.com\/wp-content\/uploads\/2014\/11\/CarlosGral.jpg 305w, https:\/\/fundacionseguroscaracas.com\/wp-content\/uploads\/2014\/11\/CarlosGral-250x192.jpg 250w, https:\/\/fundacionseguroscaracas.com\/wp-content\/uploads\/2014\/11\/CarlosGral-125x96.jpg 125w\" sizes=\"auto, (max-width: 305px) 100vw, 305px\" \/><\/a>Con la premiaci\u00f3n de los fot\u00f3grafos ganadores, la Fundaci\u00f3n Seguros Caracas inaugur\u00f3 anoche su \u201cII Sal\u00f3n de Fotograf\u00eda sobre Seguridad Vial\u201d, que muestra 30 im\u00e1genes que revelan las calles venezolanas\u00a0 y los h\u00e1bitos de sus habitantes en las v\u00edas.<\/p>\n<p>El Centro Trasnocho Cultural en Las Mercedes abri\u00f3 nuevamente sus espacios para acoger esta segunda edici\u00f3n de una iniciativa que busca promover un mejor comportamiento ciudadano en las v\u00edas del pa\u00eds, a trav\u00e9s del arte fotogr\u00e1fico.<\/p>\n<p>La inauguraci\u00f3n del II Sal\u00f3n de Fotograf\u00eda sobre Seguridad Vial estuvo a cargo del gerente general de la Fundaci\u00f3n Seguros Caracas, Gerardo Perozo, quien agradeci\u00f3 la participaci\u00f3n de numerosas personas sensibilizadas por el tema de la seguridad vial.<!--more--><\/p>\n<p>\u201cSe recibieron 240 fotograf\u00edas de 25 ciudades del pa\u00eds. Para la Fundaci\u00f3n Seguros Caracas es un gran honor y un placer promover la mejor pr\u00e1ctica de la seguridad vial\u201d, destac\u00f3 y agreg\u00f3 que la tarea del jurado no fue nada f\u00e1cil.<\/p>\n<p>En esta oportunidad, el jurado estuvo conformado por los fot\u00f3grafos Luis Brito y Antol\u00edn S\u00e1nchez;\u00a0 el curador y artista pl\u00e1stico, Alberto Asprino; el experto en fotograf\u00eda digital, Carlos Trujillo; y el ganador de la primera edici\u00f3n, Ad\u00e1n Zarate.<\/p>\n<p>Durante el evento, se premi\u00f3 y homenaje\u00f3 a los autores de las gr\u00e1ficas ganadoras: Emily Jolie\u00a0 Medina (1er. lugar); Jessica Saff\u00f3n (2do. lugar); Kathiana Cardona (3er. lugar). Tambi\u00e9n, se otorgaron tres Menciones Honor\u00edficas a: Carlos Santos, Ricky Sejor y Alveiro Bolivar. Cada uno de ellos recibi\u00f3 su foto enmarcada y premio en met\u00e1lico.<\/p>\n<p>&nbsp;<\/p>\n<div id=\"attachment_907\" style=\"width: 650px\" class=\"wp-caption aligncenter\"><a href=\"http:\/\/fundacionseguroscaracas.org\/wp-content\/uploads\/2014\/11\/Grupo.jpg\"><img loading=\"lazy\" decoding=\"async\" aria-describedby=\"caption-attachment-907\" class=\"wp-image-907 size-full\" src=\"http:\/\/fundacionseguroscaracas.org\/wp-content\/uploads\/2014\/11\/Grupo.jpg\" alt=\"Grupo\" width=\"640\" height=\"386\" srcset=\"https:\/\/fundacionseguroscaracas.com\/wp-content\/uploads\/2014\/11\/Grupo.jpg 640w, https:\/\/fundacionseguroscaracas.com\/wp-content\/uploads\/2014\/11\/Grupo-250x150.jpg 250w, https:\/\/fundacionseguroscaracas.com\/wp-content\/uploads\/2014\/11\/Grupo-125x75.jpg 125w, https:\/\/fundacionseguroscaracas.com\/wp-content\/uploads\/2014\/11\/Grupo-638x386.jpg 638w\" sizes=\"auto, (max-width: 640px) 100vw, 640px\" \/><\/a><\/p>\n<p id=\"caption-attachment-907\" class=\"wp-caption-text\">Gerardo Perozo, Emily Jolie Medina, Kathiana Cardona, Jessica Saff\u00f3n, Ricky Sejor y Carlos Santos.<\/p>\n<\/div>\n","protected":false},"excerpt":{"rendered":"<p>Con la premiaci\u00f3n de los fot\u00f3grafos ganadores, la Fundaci\u00f3n Seguros Caracas inaugur\u00f3 anoche su \u201cII Sal\u00f3n de Fotograf\u00eda sobre Seguridad Vial\u201d, que muestra 30 im\u00e1genes que revelan las calles venezolanas\u00a0 y los h\u00e1bitos de sus habitantes en las v\u00edas. El Centro Trasnocho Cultural en Las Mercedes abri\u00f3 nuevamente sus espacios para acoger esta segunda edici\u00f3n [&hellip;]<\/p>\n","protected":false},"author":3,"featured_media":0,"comment_status":"open","ping_status":"open","sticky":false,"template":"","format":"standard","meta":{"_monsterinsights_skip_tracking":false,"_monsterinsights_sitenote_active":false,"_monsterinsights_sitenote_note":"","_monsterinsights_sitenote_category":0,"footnotes":""},"categories":[6],"tags":[11,12],"class_list":["post-905","post","type-post","status-publish","format-standard","hentry","category-novedades","tag-fundacion-seguros-caracas","tag-seguridad-vial"],"aioseo_notices":[],"_links":{"self":[{"href":"https:\/\/fundacionseguroscaracas.com\/index.php?rest_route=\/wp\/v2\/posts\/905","targetHints":{"allow":["GET"]}}],"collection":[{"href":"https:\/\/fundacionseguroscaracas.com\/index.php?rest_route=\/wp\/v2\/posts"}],"about":[{"href":"https:\/\/fundacionseguroscaracas.com\/index.php?rest_route=\/wp\/v2\/types\/post"}],"author":[{"embeddable":true,"href":"https:\/\/fundacionseguroscaracas.com\/index.php?rest_route=\/wp\/v2\/users\/3"}],"replies":[{"embeddable":true,"href":"https:\/\/fundacionseguroscaracas.com\/index.php?rest_route=%2Fwp%2Fv2%2Fcomments&post=905"}],"version-history":[{"count":1,"href":"https:\/\/fundacionseguroscaracas.com\/index.php?rest_route=\/wp\/v2\/posts\/905\/revisions"}],"predecessor-version":[{"id":908,"href":"https:\/\/fundacionseguroscaracas.com\/index.php?rest_route=\/wp\/v2\/posts\/905\/revisions\/908"}],"wp:attachment":[{"href":"https:\/\/fundacionseguroscaracas.com\/index.php?rest_route=%2Fwp%2Fv2%2Fmedia&parent=905"}],"wp:term":[{"taxonomy":"category","embeddable":true,"href":"https:\/\/fundacionseguroscaracas.com\/index.php?rest_route=%2Fwp%2Fv2%2Fcategories&post=905"},{"taxonomy":"post_tag","embeddable":true,"href":"https:\/\/fundacionseguroscaracas.com\/index.php?rest_route=%2Fwp%2Fv2%2Ftags&post=905"}],"curies":[{"name":"wp","href":"https:\/\/api.w.org\/{rel}","templated":true}]}}