{"id":929,"date":"2014-11-10T21:46:25","date_gmt":"2014-11-10T21:46:25","guid":{"rendered":"http:\/\/fundacionseguroscaracas.org\/?p=929"},"modified":"2014-11-14T21:56:01","modified_gmt":"2014-11-14T21:56:01","slug":"tweetup-por-la-seguridadvial","status":"publish","type":"post","link":"https:\/\/fundacionseguroscaracas.com\/?p=929","title":{"rendered":"TweetUp por la #SeguridadVial"},"content":{"rendered":"<p><a href=\"http:\/\/fundacionseguroscaracas.org\/wp-content\/uploads\/2014\/11\/V-tweetup-afiche-encabezado7.jpg\"><img loading=\"lazy\" decoding=\"async\" class=\"alignright size-full wp-image-930\" src=\"http:\/\/fundacionseguroscaracas.org\/wp-content\/uploads\/2014\/11\/V-tweetup-afiche-encabezado7.jpg\" alt=\"V-tweetup-afiche-encabezado7\" width=\"314\" height=\"110\" srcset=\"https:\/\/fundacionseguroscaracas.com\/wp-content\/uploads\/2014\/11\/V-tweetup-afiche-encabezado7.jpg 314w, https:\/\/fundacionseguroscaracas.com\/wp-content\/uploads\/2014\/11\/V-tweetup-afiche-encabezado7-250x87.jpg 250w, https:\/\/fundacionseguroscaracas.com\/wp-content\/uploads\/2014\/11\/V-tweetup-afiche-encabezado7-125x43.jpg 125w\" sizes=\"auto, (max-width: 314px) 100vw, 314px\" \/><\/a>\u201cVivo la v\u00eda, soy #seguridadvial\u201d es el lema con el cual la organizaci\u00f3n <em>Llamado a la Conciencia<\/em>, aliada de <strong><em>Fundaci\u00f3n Seguros Caracas<\/em><\/strong>, bautiz\u00f3\u00a0el <em>V TweetUp de Seguridad Vial<\/em>, encuentro virtual a trav\u00e9s del Twitter que se estar\u00e1 realizando este viernes 14 de noviembre, entre 10 de la ma\u00f1ana y nueve de la noche, como antesala del \u201c<span style=\"color: #444444;\">D\u00eda mundial en recuerdo de las v\u00edctimas de accidente de tr\u00e1fico\u201d que se conmemora cada\u00a0tercer domingo del mes de noviembre<\/span>.<!--more--><span id=\"more-2058\"><\/span><\/p>\n<p>\u201cLa campa\u00f1a \u2018Vivo la V\u00eda, soy #SeguridadVial\u2019 tiene la intenci\u00f3n de publicar varios posters mencionando los distintos roles que tienen los ciudadanos en la sociedad, pues todo lo que pasa en la v\u00eda p\u00fablica nos afecta, sin importar clase social, tendencia religiosa, sexual o pol\u00edtica: famosos, amas de casa, ni\u00f1os, obreros, todos han sido, son y pueden ser v\u00edctimas de un siniestro vial que pudo evitarse\u201d, se\u00f1ala la organizaci\u00f3n.<\/p>\n<p>Esta iniciativa se lleva a cabo\u00a0dos veces al a\u00f1o desde el 2012 con la intenci\u00f3n de hablar del tema de la seguridad vial desde cualquier lugar del mundo, bajo la moderaci\u00f3n de un grupo de expertos de distintos pa\u00edses que est\u00e1n atentos a los comentarios, especialmente si se presentan preguntas o informaciones que ameriten una explicaci\u00f3n.<\/p>\n<p>La Organizaci\u00f3n Llamado a la Conciencia te invita a participar en la quinta edici\u00f3n de este evento virtual, en el cual cualquier persona que posea una cuenta de Twitter podr\u00e1 escribir, durante todo el d\u00eda, tuits utilizando la etiqueta #SeguridadVial.<\/p>\n<p>Es sumamente f\u00e1cil.\u00a0El d\u00eda 14 de noviembre de 2014:<\/p>\n<p>&#8211; Dir\u00edgete\u00a0a la red social Twitter;<\/p>\n<p>&#8211; Busca\u00a0la etiqueta\u00a0#SeguridadVial;<\/p>\n<p>&#8211; Lee;<\/p>\n<p>&#8211; Comparte con un RT\u00a0la informaci\u00f3n que sea m\u00e1s relevante para\u00a0ti;<\/p>\n<p>&#8211; Participa\u00a0colocando tus comentarios, ideas, denuncias, consejos\u00a0con un Tweet,\u00a0siempre incluyendo la etiqueta\u00a0#SeguridadVial.<\/p>\n<p><a href=\"http:\/\/fundacionseguroscaracas.org\/wp-content\/uploads\/2014\/11\/V-tweetup-afiche-familia-1.jpg\"><img loading=\"lazy\" decoding=\"async\" class=\"aligncenter size-full wp-image-931\" src=\"http:\/\/fundacionseguroscaracas.org\/wp-content\/uploads\/2014\/11\/V-tweetup-afiche-familia-1.jpg\" alt=\"V-tweetup-afiche-familia (1)\" width=\"520\" height=\"771\" srcset=\"https:\/\/fundacionseguroscaracas.com\/wp-content\/uploads\/2014\/11\/V-tweetup-afiche-familia-1.jpg 520w, https:\/\/fundacionseguroscaracas.com\/wp-content\/uploads\/2014\/11\/V-tweetup-afiche-familia-1-250x370.jpg 250w, https:\/\/fundacionseguroscaracas.com\/wp-content\/uploads\/2014\/11\/V-tweetup-afiche-familia-1-125x185.jpg 125w\" sizes=\"auto, (max-width: 520px) 100vw, 520px\" \/><\/a><\/p>\n","protected":false},"excerpt":{"rendered":"<p>\u201cVivo la v\u00eda, soy #seguridadvial\u201d es el lema con el cual la organizaci\u00f3n Llamado a la Conciencia, aliada de Fundaci\u00f3n Seguros Caracas, bautiz\u00f3\u00a0el V TweetUp de Seguridad Vial, encuentro virtual a trav\u00e9s del Twitter que se estar\u00e1 realizando este viernes 14 de noviembre, entre 10 de la ma\u00f1ana y nueve de la noche, como antesala [&hellip;]<\/p>\n","protected":false},"author":3,"featured_media":0,"comment_status":"open","ping_status":"open","sticky":false,"template":"","format":"standard","meta":{"_monsterinsights_skip_tracking":false,"_monsterinsights_sitenote_active":false,"_monsterinsights_sitenote_note":"","_monsterinsights_sitenote_category":0,"footnotes":""},"categories":[6],"tags":[59],"class_list":["post-929","post","type-post","status-publish","format-standard","hentry","category-novedades","tag-segurida-vial"],"aioseo_notices":[],"_links":{"self":[{"href":"https:\/\/fundacionseguroscaracas.com\/index.php?rest_route=\/wp\/v2\/posts\/929","targetHints":{"allow":["GET"]}}],"collection":[{"href":"https:\/\/fundacionseguroscaracas.com\/index.php?rest_route=\/wp\/v2\/posts"}],"about":[{"href":"https:\/\/fundacionseguroscaracas.com\/index.php?rest_route=\/wp\/v2\/types\/post"}],"author":[{"embeddable":true,"href":"https:\/\/fundacionseguroscaracas.com\/index.php?rest_route=\/wp\/v2\/users\/3"}],"replies":[{"embeddable":true,"href":"https:\/\/fundacionseguroscaracas.com\/index.php?rest_route=%2Fwp%2Fv2%2Fcomments&post=929"}],"version-history":[{"count":1,"href":"https:\/\/fundacionseguroscaracas.com\/index.php?rest_route=\/wp\/v2\/posts\/929\/revisions"}],"predecessor-version":[{"id":932,"href":"https:\/\/fundacionseguroscaracas.com\/index.php?rest_route=\/wp\/v2\/posts\/929\/revisions\/932"}],"wp:attachment":[{"href":"https:\/\/fundacionseguroscaracas.com\/index.php?rest_route=%2Fwp%2Fv2%2Fmedia&parent=929"}],"wp:term":[{"taxonomy":"category","embeddable":true,"href":"https:\/\/fundacionseguroscaracas.com\/index.php?rest_route=%2Fwp%2Fv2%2Fcategories&post=929"},{"taxonomy":"post_tag","embeddable":true,"href":"https:\/\/fundacionseguroscaracas.com\/index.php?rest_route=%2Fwp%2Fv2%2Ftags&post=929"}],"curies":[{"name":"wp","href":"https:\/\/api.w.org\/{rel}","templated":true}]}}