{"id":951,"date":"2014-11-18T08:48:21","date_gmt":"2014-11-18T08:48:21","guid":{"rendered":"http:\/\/fundacionseguroscaracas.org\/?p=951"},"modified":"2014-11-24T22:24:02","modified_gmt":"2014-11-24T22:24:02","slug":"la-seguridad-vial-en-imagenes","status":"publish","type":"post","link":"https:\/\/fundacionseguroscaracas.com\/?p=951","title":{"rendered":"La seguridad vial en im\u00e1genes"},"content":{"rendered":"<p><a href=\"http:\/\/fundacionseguroscaracas.org\/wp-content\/uploads\/2014\/11\/Emily.jpg\"><img loading=\"lazy\" decoding=\"async\" class=\"alignright size-full wp-image-952\" src=\"http:\/\/fundacionseguroscaracas.org\/wp-content\/uploads\/2014\/11\/Emily.jpg\" alt=\"Emily\" width=\"314\" height=\"200\" srcset=\"https:\/\/fundacionseguroscaracas.com\/wp-content\/uploads\/2014\/11\/Emily.jpg 314w, https:\/\/fundacionseguroscaracas.com\/wp-content\/uploads\/2014\/11\/Emily-250x159.jpg 250w, https:\/\/fundacionseguroscaracas.com\/wp-content\/uploads\/2014\/11\/Emily-125x79.jpg 125w\" sizes=\"auto, (max-width: 314px) 100vw, 314px\" \/><\/a>El pasado 5 de noviembre se premi\u00f3 a los ganadores del \u201cII Sal\u00f3n de Fotograf\u00eda sobre Seguridad Vial &#8211; Fundaci\u00f3n Seguros Caracas\u201d, una muestra que congrega 30 im\u00e1genes que reflejan el d\u00eda a d\u00eda de lo que se vive en las v\u00edas venezolanas.<\/p>\n<p>Un grupo de j\u00f3venes talentos fue objeto del reconocimiento por parte de la <a href=\"http:\/\/fundacionseguroscaracas.org\/2014\/11\/06\/inaugurado-ii-salon-de-fotografia-sobre-seguridad-vial\/\" target=\"_blank\"><em>Fundaci\u00f3n Seguros Caracas<\/em><\/a>, as\u00ed como de las personas presentes en la inauguraci\u00f3n de la exposici\u00f3n fotogr\u00e1fica, la cual estar\u00e1 abierta hasta el 27 de noviembre en los espacio de Trasnocho Cultural en el Paseo Las Mercedes, en Caracas.<!--more--><\/p>\n<p>Todos los participantes ten\u00edan en com\u00fan plasmar la realidad del tema de la seguridad vial.<\/p>\n<p><strong>\u201cTrabajo mucho con la calle\u201d.-<\/strong><\/p>\n<p>Para esta profesora de Historia del Arte y Dibujo la calle no le es ajena; todo lo contrario, convive d\u00eda a d\u00eda con ella. C\u00e1mara en mano, siempre anda a la caza de im\u00e1genes que capten su esencia.<\/p>\n<p>De hecho, Emily, quien se dedica tambi\u00e9n a la Fotograf\u00eda documental, tiene en su haber una serie fotogr\u00e1fica que la retrata.<\/p>\n<p>Emily Jolie Medina no pensaba que su imagen, \u201cDurante el apag\u00f3n\u201d, lograr\u00eda el sitial de honor en el \u201cII Sal\u00f3n de Fotograf\u00eda sobre Seguridad Vial &#8211; Fundaci\u00f3n Seguros Caracas\u201d.<\/p>\n<p>A la hora de recibir de recibir el premio que la acreditaba como ganadora, la tambi\u00e9n escultora agradeci\u00f3 con gran humildad a la <strong><em>Fundaci\u00f3n Seguros Caracas<\/em><\/strong> por la convocatoria y por haber escogido como tema, precisamente la calle.<\/p>\n<div id=\"attachment_953\" style=\"width: 646px\" class=\"wp-caption aligncenter\"><a href=\"http:\/\/fundacionseguroscaracas.org\/wp-content\/uploads\/2014\/11\/1er.DuranteElApag\u00f3n.jpg\"><img loading=\"lazy\" decoding=\"async\" aria-describedby=\"caption-attachment-953\" class=\"size-full wp-image-953\" src=\"http:\/\/fundacionseguroscaracas.org\/wp-content\/uploads\/2014\/11\/1er.DuranteElApag\u00f3n.jpg\" alt=\"&quot;Durante el apag\u00f3n&quot;, de Emily Jolie Medina.\" width=\"636\" height=\"480\" srcset=\"https:\/\/fundacionseguroscaracas.com\/wp-content\/uploads\/2014\/11\/1er.DuranteElApag\u00f3n.jpg 636w, https:\/\/fundacionseguroscaracas.com\/wp-content\/uploads\/2014\/11\/1er.DuranteElApag\u00f3n-250x188.jpg 250w, https:\/\/fundacionseguroscaracas.com\/wp-content\/uploads\/2014\/11\/1er.DuranteElApag\u00f3n-125x94.jpg 125w\" sizes=\"auto, (max-width: 636px) 100vw, 636px\" \/><\/a><\/p>\n<p id=\"caption-attachment-953\" class=\"wp-caption-text\">\u00abDurante el apag\u00f3n\u00bb, de Emily Jolie Medina.<\/p>\n<\/div>\n<p><strong>\u201cMe motiv\u00f3 mi novio\u201d.-<\/strong><\/p>\n<p><a href=\"http:\/\/fundacionseguroscaracas.org\/wp-content\/uploads\/2014\/11\/Jessica1.jpg\"><img loading=\"lazy\" decoding=\"async\" class=\"alignright size-full wp-image-955\" src=\"http:\/\/fundacionseguroscaracas.org\/wp-content\/uploads\/2014\/11\/Jessica1.jpg\" alt=\"Jessica\" width=\"277\" height=\"195\" srcset=\"https:\/\/fundacionseguroscaracas.com\/wp-content\/uploads\/2014\/11\/Jessica1.jpg 277w, https:\/\/fundacionseguroscaracas.com\/wp-content\/uploads\/2014\/11\/Jessica1-250x175.jpg 250w, https:\/\/fundacionseguroscaracas.com\/wp-content\/uploads\/2014\/11\/Jessica1-125x87.jpg 125w\" sizes=\"auto, (max-width: 277px) 100vw, 277px\" \/><\/a>Su primera experiencia en un concurso de fotograf\u00eda le vali\u00f3 el nada despreciable segundo lugar del \u201cII Sal\u00f3n de Fotograf\u00eda sobre Seguridad Vial &#8211; Fundaci\u00f3n Seguros Caracas\u201d.<\/p>\n<p>Animada y motivada por su novio, Jessica Saff\u00f3n empez\u00f3 a tomar im\u00e1genes armada con su tel\u00e9fono celular. As\u00ed fue como logr\u00f3 esta particular foto, \u201cRepartidor de torta\u201d, una imagen que suma a esas curiosidades que no nos dejan de abismar en lo que a conducta de los motorizados se refiere.<\/p>\n<p>Esta estudiante universitaria vino a Caracas desde su natal Puerto Ordaz a recibir el premio que le otorg\u00f3 la Fundaci\u00f3n Seguros Caracas. Y, por supuesto, su orgulloso novio no pod\u00eda faltar a la cita.<\/p>\n<p>&nbsp;<\/p>\n<p><a href=\"http:\/\/fundacionseguroscaracas.org\/wp-content\/uploads\/2014\/11\/2doRepartidorDeTortas.jpg\"><img loading=\"lazy\" decoding=\"async\" class=\"size-full wp-image-956\" src=\"http:\/\/fundacionseguroscaracas.org\/wp-content\/uploads\/2014\/11\/2doRepartidorDeTortas.jpg\" alt=\"&quot;Repartidpr de tortas&quot;, de Jessica Saff\u00f3n.\" width=\"640\" height=\"480\" srcset=\"https:\/\/fundacionseguroscaracas.com\/wp-content\/uploads\/2014\/11\/2doRepartidorDeTortas.jpg 640w, https:\/\/fundacionseguroscaracas.com\/wp-content\/uploads\/2014\/11\/2doRepartidorDeTortas-250x187.jpg 250w, https:\/\/fundacionseguroscaracas.com\/wp-content\/uploads\/2014\/11\/2doRepartidorDeTortas-125x93.jpg 125w, https:\/\/fundacionseguroscaracas.com\/wp-content\/uploads\/2014\/11\/2doRepartidorDeTortas-638x480.jpg 638w\" sizes=\"auto, (max-width: 640px) 100vw, 640px\" \/><\/a><\/p>\n<p>\u00abRepartidor de tortas\u00bb, de Jessica Saff\u00f3n.<\/p>\n","protected":false},"excerpt":{"rendered":"<p>El pasado 5 de noviembre se premi\u00f3 a los ganadores del \u201cII Sal\u00f3n de Fotograf\u00eda sobre Seguridad Vial &#8211; Fundaci\u00f3n Seguros Caracas\u201d, una muestra que congrega 30 im\u00e1genes que reflejan el d\u00eda a d\u00eda de lo que se vive en las v\u00edas venezolanas. Un grupo de j\u00f3venes talentos fue objeto del reconocimiento por parte de [&hellip;]<\/p>\n","protected":false},"author":3,"featured_media":0,"comment_status":"open","ping_status":"open","sticky":false,"template":"","format":"standard","meta":{"_monsterinsights_skip_tracking":false,"_monsterinsights_sitenote_active":false,"_monsterinsights_sitenote_note":"","_monsterinsights_sitenote_category":0,"footnotes":""},"categories":[6],"tags":[12],"class_list":["post-951","post","type-post","status-publish","format-standard","hentry","category-novedades","tag-seguridad-vial"],"aioseo_notices":[],"_links":{"self":[{"href":"https:\/\/fundacionseguroscaracas.com\/index.php?rest_route=\/wp\/v2\/posts\/951","targetHints":{"allow":["GET"]}}],"collection":[{"href":"https:\/\/fundacionseguroscaracas.com\/index.php?rest_route=\/wp\/v2\/posts"}],"about":[{"href":"https:\/\/fundacionseguroscaracas.com\/index.php?rest_route=\/wp\/v2\/types\/post"}],"author":[{"embeddable":true,"href":"https:\/\/fundacionseguroscaracas.com\/index.php?rest_route=\/wp\/v2\/users\/3"}],"replies":[{"embeddable":true,"href":"https:\/\/fundacionseguroscaracas.com\/index.php?rest_route=%2Fwp%2Fv2%2Fcomments&post=951"}],"version-history":[{"count":4,"href":"https:\/\/fundacionseguroscaracas.com\/index.php?rest_route=\/wp\/v2\/posts\/951\/revisions"}],"predecessor-version":[{"id":960,"href":"https:\/\/fundacionseguroscaracas.com\/index.php?rest_route=\/wp\/v2\/posts\/951\/revisions\/960"}],"wp:attachment":[{"href":"https:\/\/fundacionseguroscaracas.com\/index.php?rest_route=%2Fwp%2Fv2%2Fmedia&parent=951"}],"wp:term":[{"taxonomy":"category","embeddable":true,"href":"https:\/\/fundacionseguroscaracas.com\/index.php?rest_route=%2Fwp%2Fv2%2Fcategories&post=951"},{"taxonomy":"post_tag","embeddable":true,"href":"https:\/\/fundacionseguroscaracas.com\/index.php?rest_route=%2Fwp%2Fv2%2Ftags&post=951"}],"curies":[{"name":"wp","href":"https:\/\/api.w.org\/{rel}","templated":true}]}}