{"id":961,"date":"2014-11-25T14:13:01","date_gmt":"2014-11-25T14:13:01","guid":{"rendered":"http:\/\/fundacionseguroscaracas.org\/?p=961"},"modified":"2014-11-26T04:20:41","modified_gmt":"2014-11-26T04:20:41","slug":"961","status":"publish","type":"post","link":"https:\/\/fundacionseguroscaracas.com\/?p=961","title":{"rendered":"Estaci\u00f3n: \u00a1Seguros Caracas!"},"content":{"rendered":"<p><a href=\"http:\/\/fundacionseguroscaracas.org\/wp-content\/uploads\/2014\/11\/ConductoresDeUnPa\u00edsZapata.jpg\"><img loading=\"lazy\" decoding=\"async\" class=\"alignright size-full wp-image-962\" src=\"http:\/\/fundacionseguroscaracas.org\/wp-content\/uploads\/2014\/11\/ConductoresDeUnPa\u00edsZapata.jpg\" alt=\"ConductoresDeUnPa\u00edsZapata\" width=\"314\" height=\"173\" srcset=\"https:\/\/fundacionseguroscaracas.com\/wp-content\/uploads\/2014\/11\/ConductoresDeUnPa\u00edsZapata.jpg 314w, https:\/\/fundacionseguroscaracas.com\/wp-content\/uploads\/2014\/11\/ConductoresDeUnPa\u00edsZapata-250x137.jpg 250w, https:\/\/fundacionseguroscaracas.com\/wp-content\/uploads\/2014\/11\/ConductoresDeUnPa\u00edsZapata-125x68.jpg 125w\" sizes=\"auto, (max-width: 314px) 100vw, 314px\" \/><\/a>\u201cConductores de un pa\u00eds 2\u201d, muestra del caricaturista Edo y que rinde un homenaje a 26 ilustres venezolanos, har\u00e1 una parada en <strong><em>Seguros Caracas<\/em><\/strong>, a partir de hoy 25 de noviembre y durante todo el mes de diciembre.<\/p>\n<p>Esta exposici\u00f3n, que cuenta con el respaldo de la <strong><em>Fundaci\u00f3n Seguros Caracas<\/em><\/strong>, evoca una equilibrada realidad vial entre conductores, peatones y motorizados que bien pudiese emularse en las calles y carreteras venezolanas para mejorar la seguridad de sus v\u00edas.<!--more--><\/p>\n<p>La muestra, que tiene como protagonista a Pedro Le\u00f3n Zapata, re\u00fane 6 piezas de gran formato y series, en formatos medianos y peque\u00f1os, agrupadas en tres colecciones: Conductores en la ma\u00f1ana; Conductores en la tarde y Conductores en la noche.<\/p>\n<p>A Zapata lo acompa\u00f1an los \u201cpilotos\u201d Carlos Cruz Diez, Sof\u00eda Imber, Jos\u00e9 Antonio Abreu, Teresa Carre\u00f1o, Billo Fr\u00f3meta, Gego, R\u00f3mulo Gallegos, Al\u00ed Primera, Armando Scannone y Rafael Vidal; los \u201cmotociclistas\u201d Renny Ottolina, Aquiles Nazoa y Jos\u00e9 Ignacio Cabrujas; los peatones Jos\u00e9 Gregorio Hern\u00e1ndez, Conny M\u00e9ndez, Jes\u00fas Soto, Margot Benacerraf, Rafael Cadenas, Alirio D\u00edaz, Omar Vizquel, Luis Aparicio y Juan Arango; el \u201ctransportista\u201d Oscar D\u2019Le\u00f3n, su \u201cpasajera\u201d, Susana Dujim, y el \u201ccabestrero\u201d Sim\u00f3n D\u00edaz montando a su Vaca Mariposa, junto a su popular ternerito.<\/p>\n<p>No pierdas la oportunidad de visitar \u201cConductores de un pa\u00eds 2\u201d en la sede de <a href=\"https:\/\/www.facebook.com\/SegurosCaracasLM\" target=\"_blank\"><em>Seguros Caracas de Liberty Mutual<\/em><\/a>.<\/p>\n<p><a href=\"http:\/\/fundacionseguroscaracas.org\/wp-content\/uploads\/2014\/11\/CONDUCTORES-DE-UN-PAIS-SEGUROS-CARACAS-FSC.jpg\"><img loading=\"lazy\" decoding=\"async\" class=\"aligncenter size-full wp-image-963\" src=\"http:\/\/fundacionseguroscaracas.org\/wp-content\/uploads\/2014\/11\/CONDUCTORES-DE-UN-PAIS-SEGUROS-CARACAS-FSC.jpg\" alt=\"CONDUCTORES-DE-UN-PAIS-SEGUROS-CARACAS FSC\" width=\"640\" height=\"480\" srcset=\"https:\/\/fundacionseguroscaracas.com\/wp-content\/uploads\/2014\/11\/CONDUCTORES-DE-UN-PAIS-SEGUROS-CARACAS-FSC.jpg 640w, https:\/\/fundacionseguroscaracas.com\/wp-content\/uploads\/2014\/11\/CONDUCTORES-DE-UN-PAIS-SEGUROS-CARACAS-FSC-250x187.jpg 250w, https:\/\/fundacionseguroscaracas.com\/wp-content\/uploads\/2014\/11\/CONDUCTORES-DE-UN-PAIS-SEGUROS-CARACAS-FSC-125x93.jpg 125w, https:\/\/fundacionseguroscaracas.com\/wp-content\/uploads\/2014\/11\/CONDUCTORES-DE-UN-PAIS-SEGUROS-CARACAS-FSC-638x480.jpg 638w\" sizes=\"auto, (max-width: 640px) 100vw, 640px\" \/><\/a><\/p>\n","protected":false},"excerpt":{"rendered":"<p>\u201cConductores de un pa\u00eds 2\u201d, muestra del caricaturista Edo y que rinde un homenaje a 26 ilustres venezolanos, har\u00e1 una parada en Seguros Caracas, a partir de hoy 25 de noviembre y durante todo el mes de diciembre. Esta exposici\u00f3n, que cuenta con el respaldo de la Fundaci\u00f3n Seguros Caracas, evoca una equilibrada realidad vial [&hellip;]<\/p>\n","protected":false},"author":3,"featured_media":0,"comment_status":"open","ping_status":"open","sticky":false,"template":"","format":"standard","meta":{"_monsterinsights_skip_tracking":false,"_monsterinsights_sitenote_active":false,"_monsterinsights_sitenote_note":"","_monsterinsights_sitenote_category":0,"footnotes":""},"categories":[6],"tags":[],"class_list":["post-961","post","type-post","status-publish","format-standard","hentry","category-novedades"],"aioseo_notices":[],"_links":{"self":[{"href":"https:\/\/fundacionseguroscaracas.com\/index.php?rest_route=\/wp\/v2\/posts\/961","targetHints":{"allow":["GET"]}}],"collection":[{"href":"https:\/\/fundacionseguroscaracas.com\/index.php?rest_route=\/wp\/v2\/posts"}],"about":[{"href":"https:\/\/fundacionseguroscaracas.com\/index.php?rest_route=\/wp\/v2\/types\/post"}],"author":[{"embeddable":true,"href":"https:\/\/fundacionseguroscaracas.com\/index.php?rest_route=\/wp\/v2\/users\/3"}],"replies":[{"embeddable":true,"href":"https:\/\/fundacionseguroscaracas.com\/index.php?rest_route=%2Fwp%2Fv2%2Fcomments&post=961"}],"version-history":[{"count":2,"href":"https:\/\/fundacionseguroscaracas.com\/index.php?rest_route=\/wp\/v2\/posts\/961\/revisions"}],"predecessor-version":[{"id":965,"href":"https:\/\/fundacionseguroscaracas.com\/index.php?rest_route=\/wp\/v2\/posts\/961\/revisions\/965"}],"wp:attachment":[{"href":"https:\/\/fundacionseguroscaracas.com\/index.php?rest_route=%2Fwp%2Fv2%2Fmedia&parent=961"}],"wp:term":[{"taxonomy":"category","embeddable":true,"href":"https:\/\/fundacionseguroscaracas.com\/index.php?rest_route=%2Fwp%2Fv2%2Fcategories&post=961"},{"taxonomy":"post_tag","embeddable":true,"href":"https:\/\/fundacionseguroscaracas.com\/index.php?rest_route=%2Fwp%2Fv2%2Ftags&post=961"}],"curies":[{"name":"wp","href":"https:\/\/api.w.org\/{rel}","templated":true}]}}