{"id":967,"date":"2014-11-27T14:44:03","date_gmt":"2014-11-27T14:44:03","guid":{"rendered":"http:\/\/fundacionseguroscaracas.org\/?p=967"},"modified":"2014-11-28T05:49:42","modified_gmt":"2014-11-28T05:49:42","slug":"todos-unidos-por-la-seguridad-vial","status":"publish","type":"post","link":"https:\/\/fundacionseguroscaracas.com\/?p=967","title":{"rendered":"Todos unidos por la seguridad vial"},"content":{"rendered":"<p><a href=\"http:\/\/fundacionseguroscaracas.org\/wp-content\/uploads\/2014\/11\/SeminarioEvyc2014.png\"><img loading=\"lazy\" decoding=\"async\" class=\"alignright size-full wp-image-968\" src=\"http:\/\/fundacionseguroscaracas.org\/wp-content\/uploads\/2014\/11\/SeminarioEvyc2014.png\" alt=\"SeminarioEvyc2014\" width=\"295\" height=\"235\" srcset=\"https:\/\/fundacionseguroscaracas.com\/wp-content\/uploads\/2014\/11\/SeminarioEvyc2014.png 295w, https:\/\/fundacionseguroscaracas.com\/wp-content\/uploads\/2014\/11\/SeminarioEvyc2014-250x200.png 250w, https:\/\/fundacionseguroscaracas.com\/wp-content\/uploads\/2014\/11\/SeminarioEvyc2014-125x99.png 125w\" sizes=\"auto, (max-width: 295px) 100vw, 295px\" \/><\/a>La\u00a0<span style=\"color: #555555;\"><em style=\"font-style: italic;\">Fundaci\u00f3n Educaci\u00f3n Vial y Ciudad (Evyc)<\/em>\u00a0logr\u00f3 reunir en un mismo espacio a diversos factores de la vida nacional\u00a0en el seminario\u00a0\u201cM\u00e9rida, cultura ciudadana y seguridad vial\u201d, que se realiz\u00f3 el pasado 21 de noviembre con el fin de crear conciencia en la poblaci\u00f3n\u00a0sobre la necesidad de acatar las leyes de tr\u00e1nsito y reducir las fatales consecuencias en las v\u00edas.<\/span><\/p>\n<p><span style=\"color: #555555;\">\u201cLa finalidad del seminario es intercambiar experiencias que permitan sensibilizar a la poblaci\u00f3n de la ciudad de M\u00e9rida sobre el acatamiento a las normas de tr\u00e1nsito, para as\u00ed disminuir los accidentes en nuestro territorio\u201d, se\u00f1al\u00f3 el presidente de Evyc, V\u00edctor Pe\u00f1a.<\/span><span id=\"more-2089\"><\/span><!--more--><\/p>\n<p><span style=\"color: #555555;\">La actividad cont\u00f3 con el apoyo de los entes del Estado responsables de la seguridad vial en M\u00e9rida, la Universidad de Los Andes, Decenio de Acci\u00f3n para la Seguridad Vial, la\u00a0<a style=\"color: #1fa2e1;\" href=\"http:\/\/fundacionseguroscaracas.org\/\" target=\"_blank\"><strong style=\"font-weight: bold;\"><em style=\"font-style: italic;\">Fundaci\u00f3n Seguros Caracas<\/em><\/strong><\/a>\u00a0e instituciones privadas que unieron fuerzas y establecieron compromisos para fomentar la educaci\u00f3n vial en el estado andino.<\/span><\/p>\n<p><span style=\"color: #555555;\">Hicieron presencia j\u00f3venes estudiantes, profesionales de distintas \u00e1reas, profesores de las escuelas municipales y p\u00fablico en general, interesados en la formaci\u00f3n de la educaci\u00f3n vial y el cumplimiento de las leyes de tr\u00e1nsito.<\/span><\/p>\n<p><span style=\"color: #555555;\">El acto inaugural estuvo a cargo\u00a0del alcalde del municipio Libertador de M\u00e9rida, Carlos Garc\u00eda, quien destac\u00f3 el logro de Evyc al\u00a0congregar varias instituciones gubernamentales, ONG y empresas privadas que intentan trabajar en materia de seguridad vial para fortalecer unos de los mayores problemas que enfrenta la ciudad.<\/span><\/p>\n<p><span style=\"color: #555555;\">\u201cEs momento de que las personas tomen conciencia para generar grandes cambios e importantes transformaciones en relaci\u00f3n con el cumplimiento de las normas de tr\u00e1nsito\u201d, indic\u00f3 el alcalde meride\u00f1o.<\/span><\/p>\n<p>Por su parte, el\u00a0director de la Escuela de Ciudadanos,\u00a0<span style=\"color: #555555;\">El\u00edas Santana, inform\u00f3 que se celebra en Venezuela el mes de la seguridad vial, convocado por la\u00a0<a style=\"color: #1fa2e1;\" href=\"http:\/\/tuseguridadvial.org\/crean-la-red-venezolana-de-seguridad-vial\/\" target=\"_blank\"><em style=\"font-style: italic;\">Red Venezolana de la Seguridad Vial<\/em><\/a>, por lo que este seminario, realizado en la ciudad de M\u00e9rida, es uno de los m\u00e1s importantes en el \u00e1mbito nacional: \u201cEn materia de seguridad vial, M\u00e9rida es pionera\u201d.<\/span><\/p>\n<div id=\"attachment_969\" style=\"width: 547px\" class=\"wp-caption aligncenter\"><a href=\"http:\/\/fundacionseguroscaracas.org\/wp-content\/uploads\/2014\/11\/SeminarioEvycEl\u00edas.jpg\"><img loading=\"lazy\" decoding=\"async\" aria-describedby=\"caption-attachment-969\" class=\"wp-image-969 size-full\" src=\"http:\/\/fundacionseguroscaracas.org\/wp-content\/uploads\/2014\/11\/SeminarioEvycEl\u00edas.jpg\" alt=\"SeminarioEvycEl\u00edas\" width=\"537\" height=\"265\" srcset=\"https:\/\/fundacionseguroscaracas.com\/wp-content\/uploads\/2014\/11\/SeminarioEvycEl\u00edas.jpg 537w, https:\/\/fundacionseguroscaracas.com\/wp-content\/uploads\/2014\/11\/SeminarioEvycEl\u00edas-250x123.jpg 250w, https:\/\/fundacionseguroscaracas.com\/wp-content\/uploads\/2014\/11\/SeminarioEvycEl\u00edas-125x61.jpg 125w\" sizes=\"auto, (max-width: 537px) 100vw, 537px\" \/><\/a><\/p>\n<p id=\"caption-attachment-969\" class=\"wp-caption-text\">El\u00edas Santana, director de la Escuela de Ciudadanos.<\/p>\n<\/div>\n<p><strong style=\"font-weight: bold;\">C\u00e1tedra \u201cSeguridad Vial\u201d.-<\/strong>\u00a0El \u00a0gerente general de la\u00a0<em style=\"font-style: italic;\">Fundaci\u00f3n Seguros Caracas,<\/em>\u00a0Gerardo Perozo, destac\u00f3 la importancia de reunir distintos actores pol\u00edticos que se integran para trabajar en pro de la seguridad vial en la ciudad. Asimismo, se mostr\u00f3 satisfecho\u00a0de\u00a0observar nuevas empresas y personas que se est\u00e1n involucrando en la materia de seguridad vial.<\/p>\n<p><span style=\"color: #555555;\">Perozo dijo que era necesaria la uni\u00f3n de todos los sectores para ver cambios positivos: \u201cEs muy importante que las personas entiendan que el tama\u00f1o de la tarea que hay que desarrollar para buscar una soluci\u00f3n al problema de la seguridad vial no puede ser ejecutado por un solo sector, porque nunca ser\u00e1 exitoso; ni el gobierno puede buscar solo la soluci\u00f3n ni las instituciones no gubernamentales pueden trabajar en solitario buscando soluciones y mucho menos la empresa privada\u201d.<\/span><\/p>\n<p>Finalmente, Perozo anunci\u00f3 que la Fundaci\u00f3n Seguros Caracas\u00a0<span style=\"color: #555555;\">patrocinar\u00e1 la c\u00e1tedra \u201cSeguridad Vial\u201d, un proyecto vinculado con la Facultad de Humanidades y Educaci\u00f3n. Agreg\u00f3\u00a0que la misma\u00a0ser\u00e1 un espacio muy relevante para la discusi\u00f3n de la seguridad vial, pues es un tema muy amplio que abarca educaci\u00f3n, infraestructura, legislaci\u00f3n y salud, entre otros, los cuales formar\u00e1n parte de esta nueva c\u00e1tedra.<\/span><\/p>\n","protected":false},"excerpt":{"rendered":"<p>La\u00a0Fundaci\u00f3n Educaci\u00f3n Vial y Ciudad (Evyc)\u00a0logr\u00f3 reunir en un mismo espacio a diversos factores de la vida nacional\u00a0en el seminario\u00a0\u201cM\u00e9rida, cultura ciudadana y seguridad vial\u201d, que se realiz\u00f3 el pasado 21 de noviembre con el fin de crear conciencia en la poblaci\u00f3n\u00a0sobre la necesidad de acatar las leyes de tr\u00e1nsito y reducir las fatales consecuencias [&hellip;]<\/p>\n","protected":false},"author":3,"featured_media":0,"comment_status":"open","ping_status":"open","sticky":false,"template":"","format":"standard","meta":{"_monsterinsights_skip_tracking":false,"_monsterinsights_sitenote_active":false,"_monsterinsights_sitenote_note":"","_monsterinsights_sitenote_category":0,"footnotes":""},"categories":[6],"tags":[59],"class_list":["post-967","post","type-post","status-publish","format-standard","hentry","category-novedades","tag-segurida-vial"],"aioseo_notices":[],"_links":{"self":[{"href":"https:\/\/fundacionseguroscaracas.com\/index.php?rest_route=\/wp\/v2\/posts\/967","targetHints":{"allow":["GET"]}}],"collection":[{"href":"https:\/\/fundacionseguroscaracas.com\/index.php?rest_route=\/wp\/v2\/posts"}],"about":[{"href":"https:\/\/fundacionseguroscaracas.com\/index.php?rest_route=\/wp\/v2\/types\/post"}],"author":[{"embeddable":true,"href":"https:\/\/fundacionseguroscaracas.com\/index.php?rest_route=\/wp\/v2\/users\/3"}],"replies":[{"embeddable":true,"href":"https:\/\/fundacionseguroscaracas.com\/index.php?rest_route=%2Fwp%2Fv2%2Fcomments&post=967"}],"version-history":[{"count":1,"href":"https:\/\/fundacionseguroscaracas.com\/index.php?rest_route=\/wp\/v2\/posts\/967\/revisions"}],"predecessor-version":[{"id":970,"href":"https:\/\/fundacionseguroscaracas.com\/index.php?rest_route=\/wp\/v2\/posts\/967\/revisions\/970"}],"wp:attachment":[{"href":"https:\/\/fundacionseguroscaracas.com\/index.php?rest_route=%2Fwp%2Fv2%2Fmedia&parent=967"}],"wp:term":[{"taxonomy":"category","embeddable":true,"href":"https:\/\/fundacionseguroscaracas.com\/index.php?rest_route=%2Fwp%2Fv2%2Fcategories&post=967"},{"taxonomy":"post_tag","embeddable":true,"href":"https:\/\/fundacionseguroscaracas.com\/index.php?rest_route=%2Fwp%2Fv2%2Ftags&post=967"}],"curies":[{"name":"wp","href":"https:\/\/api.w.org\/{rel}","templated":true}]}}